{"id":73954,"date":"2016-09-22T09:49:57","date_gmt":"2016-09-22T12:49:57","guid":{"rendered":"http:\/\/www.eltrabajo.cl\/portal\/?p=73954"},"modified":"2016-09-22T09:49:57","modified_gmt":"2016-09-22T12:49:57","slug":"firman-convenio-para-instalar-29-puntos-limpios-en-distintos-sectores","status":"publish","type":"post","link":"https:\/\/eltrabajo.cl\/portal\/firman-convenio-para-instalar-29-puntos-limpios-en-distintos-sectores\/","title":{"rendered":"Firman convenio para instalar 29 puntos limpios en distintos sectores"},"content":{"rendered":"<ul>\n<li><strong><span style=\"color: #ff0000;\">Regla de las tres R, como son reducir, reutilizar y reciclar:<\/span>\u00a0Convenio de cooperaci\u00f3n se firm\u00f3 en Villa La Escuadra, donde actualmente se ejecuta el programa Quiero mi Barrio.<\/strong><\/li>\n<\/ul>\n<p>En 29 sectores de la comuna de San Felipe, se instalar\u00e1n contenedores de reciclaje de botellas pl\u00e1sticas, luego que el alcalde Patricio Freire firmara ayer mi\u00e9rcoles, un convenio de cooperaci\u00f3n con las empresas Proplanet y Ecoreciclaje.<br \/>\nLa actividad se realiz\u00f3 en Villa La Escuadra, donde actualmente se ejecuta el programa Quiero mi Barrio y en el marco de la pol\u00edtica ambiental que est\u00e1 impulsando el alcalde Patricio Freire en la comuna de San Felipe, a trav\u00e9s de la direcci\u00f3n de Protecci\u00f3n y Medio Ambiente de la Municipalidad de San Felipe, la que contempla comenzar a desarrollar estrategias medio ambientales importantes, implementando la Regla de las tres R, como son reducir, reutilizar y reciclar.<br \/>\nLa iniciativa busca generar responsabilidad ciudadana con los residuos, haciendo esta tarea m\u00e1s f\u00e1cil de abordar a trav\u00e9s de la asociatividad con la empresa privada, quienes no s\u00f3lo realizan la separaci\u00f3n de los productos, sino que aseguran que los residuos captados lleguen al proceso final de la cadena de reducci\u00f3n, es decir constituirse en materia prima para nuevos bienes.<br \/>\n\u201cNosotros como municipio estamos preocupados del tema medioambiental en nuestra comuna, por lo que buscamos alianzas en el tema del reciclaje, lo que ahora se traduce en puntos limpios para la comuna de San Felipe. Eso es lo que nos convoca hoy d\u00eda, hacer estos convenios con la empresa privada, porque tambi\u00e9n es un tema que ha sido planteado por los vecinos\u201d, se\u00f1al\u00f3 Patricio Freire.<br \/>\nEl jefe comunal indic\u00f3 que el programa contempla ubicar, 23 puntos verdes de pl\u00e1stico y derivados de la empresa Proplanet y 6 de pl\u00e1stico de la Empresa Ecoreciclaje, contenedores que estar\u00e1n ubicados en los siguientes sectores.<br \/>\n1) av. 12 de Febrero \/ San Felipe el Real; 2) calle Juan Mira Avello \u2013 av. Nicolas Maruri \/ Villa El Carmen; 3) Hermanos Carrera Oriente \u2013 Ejercito Libertador \/ Villa La Estancia; 4) Julio Montero \u2013 Victor Juri \/ Villa El Se\u00f1orial ; 5) Las Hiedras \u2013 Corona del Inca \/ Villa Miraflores ; 6) av. Miraflores \u2013 Ca\u00f1ada de San Rafael \/ Villa El Descanso ; 7) Villa El Esfuerzo, calle Las Violetas con las Dallas ; 8) Alcalde Juan Fuentes Gallardo \u2013 Odont\u00f3logo Jaime Caballero Espinoza \/ Villa Portones del lnca ; 9) Campanario de la Merced \u2013 Monasterio Humberto Vivas e. \/ Villa Portones del Inca ; 10) Villa el Casta\u00f1o, Victor Pulgar con Victor Chac\u00f3n ; 11) Pedro Prado \u2013 Volc\u00e1n Llaima \/ Villa Juan Martinez de Rosa ; 12) av. Yungay juegos \u2018dinosaurios\u2019 \/ Villa Bernardo Cruz ; 13) Alcalde Alvaro Pardow \/ Villa Aconcagua ; 14) Poblacion Prados del Almendral \u2013 Plaza ; 15) av. Chacabuco \u2013 Navarro \/ \u2018juegos nuevos\u2019 ; 16) Pasaje 2 \u2013 Plaza los Pimientos \/ Villa Las Acacias ; 17) Calle Dos \u2013 Calle Uno \/ Villa El Esplendor ; 18) Calle Pedro de Valdivia \u2013 Pasaje Regidor Mateo Cokjlat k. \/ Los Graneros II ; 19) Diego de Almagro \u2013 Hermanos Carrera \/ Poblaci\u00f3n San Felipe ; 20) General Vel\u00e1zquez \u2013 Manuel Lima ; 21) Villa La Escuadra, Calle Uno Palestina con Pasaje Grecia Calle Cuatro ; 22) Villa Sol del Inca, Tacna Norte con el Peumo ; 23) Villa San Camilo, Volc\u00e1n Llaima con Eduardo Sabaj ; 24) 12 Febrero esquina Michimalongo ; 25) Portus esquina , Santo Domingo, al costado de Supermercado Mayorista 10 ; 26) Cesfam Segismundo Iturra ; 27) Terminal de Buses ; 28) Cancha de Tenis municipal ; 29) Liceo Corina Urbina Villanueva.<br \/>\nEduardo Gallardo, es director de la empresa Proplanet, quienes se encuentran trabajando desde hace un tiempo en los puntos limpios, pero su objetivo es enfocar su accionar tambi\u00e9n con vecinos de distintos sectores, adem\u00e1s de colegios, ya que buscan educar en el tema medioambiental.<br \/>\nEn la ceremonia, tambi\u00e9n particip\u00f3 el gobernador Eduardo Le\u00f3n y el intendente Gabriel Aldoney, quien destac\u00f3 el trabajo que viene realizando el municipio de San Felipe junto a los vecinos en esta \u00e1rea.<br \/>\n\u201cEs indudable que el rol de los vecinos y vecinas es tremendamente importante para avanzar en tener barrios que sean amigables, no solamente desde el punto de vista ambiental, sino tambi\u00e9n de la seguridad ciudadana, social, de la convivencia y que estemos aqu\u00ed tiene a mi juicio mucha importancia porque quiero anunciar que al gobierno central le solicitamos que en la Ley de Presupuesto incluyera una glosa que permitiera, tanto a las organizaciones sociales como a los municipios presentar proyectos que tengan que ver con la soluci\u00f3n de problemas ambientales\u201d, se\u00f1al\u00f3 la autoridad regional.<br \/>\nEn la oportunidad el alcalde Freire tambi\u00e9n anunci\u00f3 que el municipio proyecta la implementaci\u00f3n de un cami\u00f3n verde, el cual recolectar\u00e1 residuos org\u00e1nicos para la elaboraci\u00f3n de compost y el desarrollo de la lombricultura.<\/p>\n<p><a href=\"http:\/\/www.eltrabajo.cl\/portal\/firman-convenio-para-instalar-29-puntos-limpios-en-distintos-sectores\/puntos-limpios\/\" rel=\"attachment wp-att-73955\"><img data-recalc-dims=\"1\" loading=\"lazy\" decoding=\"async\" class=\"alignleft size-full wp-image-73955\" src=\"https:\/\/i0.wp.com\/www.eltrabajo.cl\/portal\/wp-content\/uploads\/2016\/09\/puntos-limpios.jpg?resize=530%2C348\" alt=\"puntos-limpios\" width=\"530\" height=\"348\" srcset=\"https:\/\/i0.wp.com\/eltrabajo.cl\/portal\/wp-content\/uploads\/2016\/09\/puntos-limpios.jpg?w=530&amp;ssl=1 530w, https:\/\/i0.wp.com\/eltrabajo.cl\/portal\/wp-content\/uploads\/2016\/09\/puntos-limpios.jpg?resize=200%2C131&amp;ssl=1 200w, https:\/\/i0.wp.com\/eltrabajo.cl\/portal\/wp-content\/uploads\/2016\/09\/puntos-limpios.jpg?resize=300%2C197&amp;ssl=1 300w, https:\/\/i0.wp.com\/eltrabajo.cl\/portal\/wp-content\/uploads\/2016\/09\/puntos-limpios.jpg?resize=228%2C150&amp;ssl=1 228w, https:\/\/i0.wp.com\/eltrabajo.cl\/portal\/wp-content\/uploads\/2016\/09\/puntos-limpios.jpg?resize=400%2C263&amp;ssl=1 400w\" sizes=\"auto, (max-width: 530px) 100vw, 530px\" \/><\/a><\/p>\n","protected":false},"excerpt":{"rendered":"<p>Regla de las tres R, como son reducir, reutilizar y reciclar:\u00a0Convenio de cooperaci\u00f3n se firm\u00f3 en Villa La Escuadra, donde actualmente se ejecuta el programa Quiero mi Barrio. En 29 sectores de&#8230;<\/p>\n","protected":false},"author":1,"featured_media":73955,"comment_status":"open","ping_status":"open","sticky":false,"template":"","format":"standard","meta":{"advanced_seo_description":"","jetpack_seo_html_title":"","jetpack_seo_noindex":false,"_jetpack_memberships_contains_paid_content":false,"footnotes":""},"categories":[1],"tags":[],"class_list":["post-73954","post","type-post","status-publish","format-standard","has-post-thumbnail","hentry","category-cronica"],"jetpack_featured_media_url":"https:\/\/i0.wp.com\/eltrabajo.cl\/portal\/wp-content\/uploads\/2016\/09\/puntos-limpios.jpg?fit=530%2C348&ssl=1","jetpack_sharing_enabled":true,"jetpack_likes_enabled":true,"jetpack-related-posts":[],"_links":{"self":[{"href":"https:\/\/eltrabajo.cl\/portal\/wp-json\/wp\/v2\/posts\/73954","targetHints":{"allow":["GET"]}}],"collection":[{"href":"https:\/\/eltrabajo.cl\/portal\/wp-json\/wp\/v2\/posts"}],"about":[{"href":"https:\/\/eltrabajo.cl\/portal\/wp-json\/wp\/v2\/types\/post"}],"author":[{"embeddable":true,"href":"https:\/\/eltrabajo.cl\/portal\/wp-json\/wp\/v2\/users\/1"}],"replies":[{"embeddable":true,"href":"https:\/\/eltrabajo.cl\/portal\/wp-json\/wp\/v2\/comments?post=73954"}],"version-history":[{"count":0,"href":"https:\/\/eltrabajo.cl\/portal\/wp-json\/wp\/v2\/posts\/73954\/revisions"}],"wp:featuredmedia":[{"embeddable":true,"href":"https:\/\/eltrabajo.cl\/portal\/wp-json\/wp\/v2\/media\/73955"}],"wp:attachment":[{"href":"https:\/\/eltrabajo.cl\/portal\/wp-json\/wp\/v2\/media?parent=73954"}],"wp:term":[{"taxonomy":"category","embeddable":true,"href":"https:\/\/eltrabajo.cl\/portal\/wp-json\/wp\/v2\/categories?post=73954"},{"taxonomy":"post_tag","embeddable":true,"href":"https:\/\/eltrabajo.cl\/portal\/wp-json\/wp\/v2\/tags?post=73954"}],"curies":[{"name":"wp","href":"https:\/\/api.w.org\/{rel}","templated":true}]}}