{"id":73963,"date":"2016-09-22T09:54:13","date_gmt":"2016-09-22T12:54:13","guid":{"rendered":"http:\/\/www.eltrabajo.cl\/portal\/?p=73963"},"modified":"2016-09-22T09:54:13","modified_gmt":"2016-09-22T12:54:13","slug":"con-primera-piedra-dan-inicio-a-obras-construccion-nuevo-cesfam-panquehue","status":"publish","type":"post","link":"https:\/\/eltrabajo.cl\/portal\/con-primera-piedra-dan-inicio-a-obras-construccion-nuevo-cesfam-panquehue\/","title":{"rendered":"Con\u00a0\u2018primera piedra\u2019 dan inicio a obras construcci\u00f3n nuevo Cesfam Panquehue"},"content":{"rendered":"<ul>\n<li><strong><span style=\"color: #ff0000;\">Financiamiento superior a los 2.000 millones de pesos:<\/span>\u00a0Intendente Regional y directora del Servicio de Salud, destacaron compromiso de la presidenta y de la Ministra de Salud para sacar adelante una obra que entregar\u00e1 mayor bienestar y desarrollo a los habitantes de esa comuna.<\/strong><\/li>\n<\/ul>\n<p><strong>PANQUEHUE.-<\/strong> Con la presencia del intendente regional, Gabriel Aldoney, del diputado Marco Antonio N\u00fa\u00f1ez, del consejero regional Mario Sottolichio, del gobernador Eduardo Le\u00f3n, autoridades comunales, integrantes del Consejo de Participaci\u00f3n Social y la comunidad, se realiz\u00f3 la ceremonia de Primera Piedra que marca el inicio de la ejecuci\u00f3n de obras civiles de la reposici\u00f3n del nuevo Centro de Salud Familiar, Cesfam, Panquehue.<br \/>\nCon un costo de financiamiento superior a los 2.000 millones de pesos, se estima que en el curso de los pr\u00f3ximos nueve meses debieran inaugurarse los 1.414 metros cuadrados dise\u00f1ados, los que beneficiar\u00e1 a cerca de 7.000 habitantes y en cuyo edificio se contempla la construcci\u00f3n de 7 box multiprop\u00f3sito, 1 box ginecol\u00f3gico, 2 box dentales, Sala Ira y Era, Farmacia y Alimentaci\u00f3n PNAC, bodegas, sala multiuso, \u00e1reas administrativas, casino y otros recintos cl\u00ednicos.<br \/>\nEn su intervenci\u00f3n, la directora del Servicio de Salud Aconcagua, Dra. Vilma Olave, dijo que \u201cera un tremendo motivo de alegr\u00eda y satisfacci\u00f3n, como lo deben estar muchas familias de esta comunidad, cuando se est\u00e1 en esta ceremonia de colocaci\u00f3n de la primera piedra que da inicio a las obras de construcci\u00f3n de reposici\u00f3n del Cesfam de Panquehue, proyecto que gracias al compromiso de la presidenta Bachelet y de la Ministra de Salud se ha podido sacar adelante para dar un mayor bienestar y desarrollo a los habitantes de esta comuna.<br \/>\nAgradezco a todos quienes no dudaron en colocar su empe\u00f1o y respaldo cuando se les requiri\u00f3, en especial a los consejeros Regionales Sandra Miranda, Mario Sottolichio, Iv\u00e1n Reyes y a su presidente Daniel Garrido y al intendente regional Gabriel Aldoney, con quienes mediante un trabajo compartido avanzamos, ampliamos y mejoramos las condiciones de vida de la gente de Panquehue\u201d.<br \/>\nPor su parte, el intendente regional, Gabriel Aldoney, junto con expresar tambi\u00e9n su satisfacci\u00f3n y alegr\u00eda, dijo que \u201cesta era una ceremonia que ten\u00eda un alto valor y significaci\u00f3n para las familias de Panquehue. El inicio de estas obras, marca una nueva etapa y un avance concreto. Entre salud, municipio y gobierno regional se ha proyectado un trabajo responsable capaz de sacar adelante este proyecto, bajo el compromiso de privilegiar siempre a la persona, a la familia y a la comunidad\u201d.<br \/>\nFinalmente, el intendente Aldoney se\u00f1al\u00f3 que \u201cel esfuerzo realizado por los consejeros y el Gobierno Regional para aumentar el financiamiento inicial de este proyecto, val\u00eda la pena. Cerca de 7.000 habitantes ser\u00e1n beneficiaros y pronto, tal como dijo la directora del Servicio de Salud, la Dra. Vilma Olave, podr\u00e1n no s\u00f3lo disfrutar de un edificio con espacios confortables y con mayor equipamiento, sino, adem\u00e1s, recibir\u00e1n una atenci\u00f3n de salud en las condiciones de dignidad que todos ustedes se merecen\u201d.<\/p>\n<figure id=\"attachment_73964\" aria-describedby=\"caption-attachment-73964\" style=\"width: 530px\" class=\"wp-caption alignleft\"><a href=\"http:\/\/www.eltrabajo.cl\/portal\/con-primera-piedra-dan-inicio-a-obras-construccion-nuevo-cesfam-panquehue\/panq-34\/\" rel=\"attachment wp-att-73964\"><img data-recalc-dims=\"1\" loading=\"lazy\" decoding=\"async\" class=\"size-full wp-image-73964\" src=\"https:\/\/i0.wp.com\/www.eltrabajo.cl\/portal\/wp-content\/uploads\/2016\/09\/panq-34.jpg?resize=530%2C350\" alt=\"Con la presencia del intendente regional, Gabriel Aldoney, del diputado Marco Antonio N\u00fa\u00f1ez, del consejero regional Mario Sottolichio, del gobernador Eduardo Le\u00f3n, autoridades comunales, integrantes del Consejo de Participaci\u00f3n Social y la comunidad, se realiz\u00f3 la ceremonia de Primera Piedra de la reposici\u00f3n del Cesfam, Panquehue.\" width=\"530\" height=\"350\" srcset=\"https:\/\/i0.wp.com\/eltrabajo.cl\/portal\/wp-content\/uploads\/2016\/09\/panq-34.jpg?w=530&amp;ssl=1 530w, https:\/\/i0.wp.com\/eltrabajo.cl\/portal\/wp-content\/uploads\/2016\/09\/panq-34.jpg?resize=200%2C132&amp;ssl=1 200w, https:\/\/i0.wp.com\/eltrabajo.cl\/portal\/wp-content\/uploads\/2016\/09\/panq-34.jpg?resize=300%2C198&amp;ssl=1 300w, https:\/\/i0.wp.com\/eltrabajo.cl\/portal\/wp-content\/uploads\/2016\/09\/panq-34.jpg?resize=227%2C150&amp;ssl=1 227w, https:\/\/i0.wp.com\/eltrabajo.cl\/portal\/wp-content\/uploads\/2016\/09\/panq-34.jpg?resize=400%2C264&amp;ssl=1 400w\" sizes=\"auto, (max-width: 530px) 100vw, 530px\" \/><\/a><figcaption id=\"caption-attachment-73964\" class=\"wp-caption-text\">Con la presencia del intendente regional, Gabriel Aldoney, del diputado Marco Antonio N\u00fa\u00f1ez, del consejero regional Mario Sottolichio, del gobernador Eduardo Le\u00f3n, autoridades comunales, integrantes del Consejo de Participaci\u00f3n Social y la comunidad, se realiz\u00f3 la ceremonia de Primera Piedra de la reposici\u00f3n del Cesfam, Panquehue.<\/figcaption><\/figure>\n","protected":false},"excerpt":{"rendered":"<p>Financiamiento superior a los 2.000 millones de pesos:\u00a0Intendente Regional y directora del Servicio de Salud, destacaron compromiso de la presidenta y de la Ministra de Salud para sacar adelante una obra que&#8230;<\/p>\n","protected":false},"author":1,"featured_media":73964,"comment_status":"open","ping_status":"open","sticky":false,"template":"","format":"standard","meta":{"advanced_seo_description":"","jetpack_seo_html_title":"","jetpack_seo_noindex":false,"_jetpack_memberships_contains_paid_content":false,"footnotes":""},"categories":[1],"tags":[],"class_list":["post-73963","post","type-post","status-publish","format-standard","has-post-thumbnail","hentry","category-cronica"],"jetpack_featured_media_url":"https:\/\/i0.wp.com\/eltrabajo.cl\/portal\/wp-content\/uploads\/2016\/09\/panq-34.jpg?fit=530%2C350&ssl=1","jetpack_sharing_enabled":true,"jetpack_likes_enabled":true,"jetpack-related-posts":[],"_links":{"self":[{"href":"https:\/\/eltrabajo.cl\/portal\/wp-json\/wp\/v2\/posts\/73963","targetHints":{"allow":["GET"]}}],"collection":[{"href":"https:\/\/eltrabajo.cl\/portal\/wp-json\/wp\/v2\/posts"}],"about":[{"href":"https:\/\/eltrabajo.cl\/portal\/wp-json\/wp\/v2\/types\/post"}],"author":[{"embeddable":true,"href":"https:\/\/eltrabajo.cl\/portal\/wp-json\/wp\/v2\/users\/1"}],"replies":[{"embeddable":true,"href":"https:\/\/eltrabajo.cl\/portal\/wp-json\/wp\/v2\/comments?post=73963"}],"version-history":[{"count":0,"href":"https:\/\/eltrabajo.cl\/portal\/wp-json\/wp\/v2\/posts\/73963\/revisions"}],"wp:featuredmedia":[{"embeddable":true,"href":"https:\/\/eltrabajo.cl\/portal\/wp-json\/wp\/v2\/media\/73964"}],"wp:attachment":[{"href":"https:\/\/eltrabajo.cl\/portal\/wp-json\/wp\/v2\/media?parent=73963"}],"wp:term":[{"taxonomy":"category","embeddable":true,"href":"https:\/\/eltrabajo.cl\/portal\/wp-json\/wp\/v2\/categories?post=73963"},{"taxonomy":"post_tag","embeddable":true,"href":"https:\/\/eltrabajo.cl\/portal\/wp-json\/wp\/v2\/tags?post=73963"}],"curies":[{"name":"wp","href":"https:\/\/api.w.org\/{rel}","templated":true}]}}