{"id":73967,"date":"2016-09-22T09:56:07","date_gmt":"2016-09-22T12:56:07","guid":{"rendered":"http:\/\/www.eltrabajo.cl\/portal\/?p=73967"},"modified":"2016-09-22T09:56:07","modified_gmt":"2016-09-22T12:56:07","slug":"en-diciembre-de-2017-terminarian-trabajos-de-postergada-nueva-ruta-60-ch","status":"publish","type":"post","link":"https:\/\/eltrabajo.cl\/portal\/en-diciembre-de-2017-terminarian-trabajos-de-postergada-nueva-ruta-60-ch\/","title":{"rendered":"En diciembre de 2017 terminar\u00edan trabajos de postergada nueva Ruta 60 CH"},"content":{"rendered":"<ul>\n<li><strong><span style=\"color: #ff0000;\">Tras m\u00e1s de una d\u00e9cada esperando, obra presenta hoy 22% de avance:<\/span>\u00a0En una visita a la Provincia, el Intendente Aldoney, junto con el Gobernador Eduardo Le\u00f3n y el Alcalde Freire destacaron lo avanzado de los trabajos de esta significativa obra vial.<\/strong><\/li>\n<\/ul>\n<p>Un 22% de avance alcanza la obra de construcci\u00f3n de la Ruta 60 CH. As\u00ed lo dieron a conocer este mi\u00e9rcoles, durante una visita del intendente Gabriel Aldoney a la Provincia, junto al gobernador Eduardo Le\u00f3n y el alcalde Patricio Freire, quienes arribaron hasta el viaducto en construcci\u00f3n ubicado en el sector poniente de la entrada de la comuna.<br \/>\nSeg\u00fan las autoridades, al finalizar el 2017 estar\u00eda finalizada esta obra tan esperada por los vecinos de la provincia, lo que fue destacado por el intendente Aldoney, quien se\u00f1al\u00f3 que<br \/>\n\u201cLa presidenta se ha comprometido a concluir una obra tremendamente importante no s\u00f3lo para la comuna, sino que tambi\u00e9n para la Regi\u00f3n y para el pa\u00eds, ya que aqu\u00ed se est\u00e1 haciendo una inversi\u00f3n de unos 140 millones de d\u00f3lares, se van a concluir los 22 kil\u00f3metros que faltan y la gran noticia es que estas obras estar\u00edan terminadas a fin del 2017 y entrar\u00eda en funcionamiento a inicios del 2018\u201d destac\u00f3.<br \/>\nAdem\u00e1s, la m\u00e1xima autoridad de la Regi\u00f3n destac\u00f3 que contin\u00faan trabajando con la finalidad de solucionar la necesidad de \u00e1ridos para obras. \u201cA\u00fan hay algunos temas pendientes que estamos trabajando en el Gobierno Regional para facilitar el cumplimiento de estos plazos. Sabemos que hay algunas complicaciones con el tema de los \u00e1ridos, por lo que se entregar\u00e1 una declaraci\u00f3n de impacto ambiental en su tr\u00e1mite final, que espero est\u00e9 aprobada a fin de a\u00f1o, para cumplir con la promesa que a finales de 2017 est\u00e9n concluidas las obras\u201d sostuvo.<br \/>\nEn tanto, el gobernador Eduardo Le\u00f3n manifest\u00f3 que \u201ccuando asumimos como Gobierno, esta obra estaba detenida y nuestro compromiso no s\u00f3lo fue reactivarlo, sino dejarla lo m\u00e1s avanzada posible. Son m\u00e1s de 540 personas que siguen trabajando ac\u00e1 y ya nos han se\u00f1alado los plazos, lo que nos pone muy contentos, sabemos lo que requiere el Valle de Aconcagua esta carretera pero en especial los vecinos de Panquehue, con quienes nos comprometimos desde un principio\u201d sostuvo la m\u00e1xima autoridad provincial.<br \/>\nPor su parte, el alcalde Patricio Freire se mostr\u00f3 satisfecho con los avances de esta significativa obra vial. \u201cEsto, para San Felipe, significa un excelente avance para la conectividad vial. Hemos visto como contin\u00faan los trabajos desde el Puente Monasterio hasta Las Tinajas. Sabemos que esta carretera bioce\u00e1nica ser\u00e1 una de las m\u00e1s importantes del pa\u00eds, por lo que estamos muy contentos y orgullosos de estos trabajos\u201d enfatiz\u00f3 el jefe comunal.<\/p>\n<figure id=\"attachment_73968\" aria-describedby=\"caption-attachment-73968\" style=\"width: 530px\" class=\"wp-caption alignleft\"><a href=\"http:\/\/www.eltrabajo.cl\/portal\/en-diciembre-de-2017-terminarian-trabajos-de-postergada-nueva-ruta-60-ch\/ruta-60\/\" rel=\"attachment wp-att-73968\"><img data-recalc-dims=\"1\" loading=\"lazy\" decoding=\"async\" class=\"size-full wp-image-73968\" src=\"https:\/\/i0.wp.com\/www.eltrabajo.cl\/portal\/wp-content\/uploads\/2016\/09\/RUTA-60.jpg?resize=530%2C350\" alt=\"Un 22% de avance alcanza la obra de construcci\u00f3n de la Ruta 60 CH. As\u00ed lo dieron a conocer este mi\u00e9rcoles, durante una visita del intendente Gabriel Aldoney a la Provincia, junto al gobernador Eduardo Le\u00f3n y el alcalde Patricio Freire, quienes arribaron hasta el viaducto en construcci\u00f3n.\" width=\"530\" height=\"350\" srcset=\"https:\/\/i0.wp.com\/eltrabajo.cl\/portal\/wp-content\/uploads\/2016\/09\/RUTA-60.jpg?w=530&amp;ssl=1 530w, https:\/\/i0.wp.com\/eltrabajo.cl\/portal\/wp-content\/uploads\/2016\/09\/RUTA-60.jpg?resize=200%2C132&amp;ssl=1 200w, https:\/\/i0.wp.com\/eltrabajo.cl\/portal\/wp-content\/uploads\/2016\/09\/RUTA-60.jpg?resize=300%2C198&amp;ssl=1 300w, https:\/\/i0.wp.com\/eltrabajo.cl\/portal\/wp-content\/uploads\/2016\/09\/RUTA-60.jpg?resize=227%2C150&amp;ssl=1 227w, https:\/\/i0.wp.com\/eltrabajo.cl\/portal\/wp-content\/uploads\/2016\/09\/RUTA-60.jpg?resize=400%2C264&amp;ssl=1 400w\" sizes=\"auto, (max-width: 530px) 100vw, 530px\" \/><\/a><figcaption id=\"caption-attachment-73968\" class=\"wp-caption-text\">Un 22% de avance alcanza la obra de construcci\u00f3n de la Ruta 60 CH. As\u00ed lo dieron a conocer este mi\u00e9rcoles, durante una visita del intendente Gabriel Aldoney a la Provincia, junto al gobernador Eduardo Le\u00f3n y el alcalde Patricio Freire, quienes arribaron hasta el viaducto en construcci\u00f3n.<\/figcaption><\/figure>\n","protected":false},"excerpt":{"rendered":"<p>Tras m\u00e1s de una d\u00e9cada esperando, obra presenta hoy 22% de avance:\u00a0En una visita a la Provincia, el Intendente Aldoney, junto con el Gobernador Eduardo Le\u00f3n y el Alcalde Freire destacaron lo&#8230;<\/p>\n","protected":false},"author":1,"featured_media":73968,"comment_status":"open","ping_status":"open","sticky":false,"template":"","format":"standard","meta":{"advanced_seo_description":"","jetpack_seo_html_title":"","jetpack_seo_noindex":false,"_jetpack_memberships_contains_paid_content":false,"footnotes":""},"categories":[1],"tags":[],"class_list":["post-73967","post","type-post","status-publish","format-standard","has-post-thumbnail","hentry","category-cronica"],"jetpack_featured_media_url":"https:\/\/i0.wp.com\/eltrabajo.cl\/portal\/wp-content\/uploads\/2016\/09\/RUTA-60.jpg?fit=530%2C350&ssl=1","jetpack_sharing_enabled":true,"jetpack_likes_enabled":true,"jetpack-related-posts":[],"_links":{"self":[{"href":"https:\/\/eltrabajo.cl\/portal\/wp-json\/wp\/v2\/posts\/73967","targetHints":{"allow":["GET"]}}],"collection":[{"href":"https:\/\/eltrabajo.cl\/portal\/wp-json\/wp\/v2\/posts"}],"about":[{"href":"https:\/\/eltrabajo.cl\/portal\/wp-json\/wp\/v2\/types\/post"}],"author":[{"embeddable":true,"href":"https:\/\/eltrabajo.cl\/portal\/wp-json\/wp\/v2\/users\/1"}],"replies":[{"embeddable":true,"href":"https:\/\/eltrabajo.cl\/portal\/wp-json\/wp\/v2\/comments?post=73967"}],"version-history":[{"count":0,"href":"https:\/\/eltrabajo.cl\/portal\/wp-json\/wp\/v2\/posts\/73967\/revisions"}],"wp:featuredmedia":[{"embeddable":true,"href":"https:\/\/eltrabajo.cl\/portal\/wp-json\/wp\/v2\/media\/73968"}],"wp:attachment":[{"href":"https:\/\/eltrabajo.cl\/portal\/wp-json\/wp\/v2\/media?parent=73967"}],"wp:term":[{"taxonomy":"category","embeddable":true,"href":"https:\/\/eltrabajo.cl\/portal\/wp-json\/wp\/v2\/categories?post=73967"},{"taxonomy":"post_tag","embeddable":true,"href":"https:\/\/eltrabajo.cl\/portal\/wp-json\/wp\/v2\/tags?post=73967"}],"curies":[{"name":"wp","href":"https:\/\/api.w.org\/{rel}","templated":true}]}}