{"id":73971,"date":"2016-09-22T09:58:37","date_gmt":"2016-09-22T12:58:37","guid":{"rendered":"http:\/\/www.eltrabajo.cl\/portal\/?p=73971"},"modified":"2016-09-22T09:58:37","modified_gmt":"2016-09-22T12:58:37","slug":"san-felipe-inaugura-primer-centro-medico-veterinario-municipal-del-valle","status":"publish","type":"post","link":"https:\/\/eltrabajo.cl\/portal\/san-felipe-inaugura-primer-centro-medico-veterinario-municipal-del-valle\/","title":{"rendered":"San Felipe inaugura primer Centro M\u00e9dico Veterinario Municipal del Valle"},"content":{"rendered":"<ul>\n<li><strong><span style=\"color: #ff0000;\">Urgencias, vacunaci\u00f3n y desparasitaci\u00f3n ser\u00e1n gratuitas para mascotas sanfelipe\u00f1as:<\/span>\u00a0Establecimiento atender\u00e1 martes, mi\u00e9rcoles y jueves, de las 9:30 a 13:30 horas y en la tarde desde las 14:30 hasta 17:30 horas, d\u00edas y horarios que se mantendr\u00e1n hasta el mes de diciembre y que podr\u00edan ampliarse el 2017.<\/strong><\/li>\n<\/ul>\n<p>Dando un verdadero golpe a la c\u00e1tedra en materia de cuidado del entorno y el medio ambiente, la Municipalidad de San Felipe, a trav\u00e9s de su Programa de Tenencia Responsable de Mascotas, inaugur\u00f3 ayer el primer Centro M\u00e9dico Veterinario Municipal del Valle de Aconcagua.<br \/>\nEl establecimiento funcionar\u00e1 en calle Duco s\/n y durante su puesta en marcha, prestar\u00e1 atenci\u00f3n primaria a las mascotas sanfelipe\u00f1as, esto es: vacunaci\u00f3n, desparasitaci\u00f3n y urgencias; servicios que ser\u00e1n totalmente gratuitos para las personas que puedan acreditar domicilio en la comuna, mediante la presentaci\u00f3n de su Cartola Hogar (Ficha Social).<br \/>\nAs\u00ed lo inform\u00f3 Mariana Bravo, encargada del Programa Municipal de Tenencia Responsable de Mascotas, quien afirm\u00f3 que \u201c\u00e9ste es un primer paso, de los muchos que quiere dar el Programa de Tenencia Responsable de Mascotas, es un gran proyecto que va ayudar mucho a todos los ciudadanos de la comuna en lo que se refiere a salud, esperamos que siga creciendo, vamos a comenzar con atenci\u00f3n primaria y esperamos desarrollarnos como una cl\u00ednica municipal m\u00e1s avanzada\u201d, detall\u00f3 Bravo.<br \/>\nMiguel Ortiz, m\u00e9dico veterinario encargado de la Veterinaria Municipal, asegur\u00f3 que la iniciativa ser\u00e1 de gran ayuda, no s\u00f3lo para el bienestar de los animales, sino que tambi\u00e9n, para el bolsillo de los sanfelipe\u00f1os, puesto que \u201cen una cl\u00ednica privada primero que todo se cobra la consulta, cuyo valor ronda entre los 10 y 20 mil pesos y sobre eso el precio del tratamiento. Todo eso ac\u00e1 no tiene ning\u00fan costo para los sanfelipe\u00f1os\u201d, acot\u00f3 el facultativo, agregando que las horas se entregar\u00e1n en la ma\u00f1ana y que el n\u00famero de prestaciones diarias a\u00fan est\u00e1 por definirse.<br \/>\nEl alcalde de San Felipe, Patricio Freire Canto, destac\u00f3 como \u201cun gran logro\u201d el haber podido materializar esta iniciativa, que est\u00e1 enmarcada dentro de la pol\u00edtica de cuidado de los animales, que ha asumido el municipio durante su administraci\u00f3n<br \/>\n\u201cAgradecer al concejo municipal que aprueba esta gesti\u00f3n tan importante, hoy estamos escuchando a los vecinos, abordando tem\u00e1ticas medioambientalistas y la tenencia responsable de mascotas tiene que ver con eso, hoy tener este centro veterinario municipal a disposici\u00f3n de los sanfelipe\u00f1os para que traigan a atenderse a sus animalitos, ac\u00e1 van a tener la ayuda y el apoyo para entregarles un buen pasar\u201d, valor\u00f3 el edil.<br \/>\nDe acuerdo a lo manifestado por Freire, el centro cl\u00ednico funcionar\u00e1 con recursos municipales y de la Subsecretar\u00eda de Desarrollo, Subdere, organismo que colabora con el financiamiento de las esterilizaciones que se realizan en distintos puntos de la comuna y que suman alrededor de 1.300.<br \/>\nEn una primera etapa, el Centro M\u00e9dico Veterinario Municipal de San Felipe, atender\u00e1 martes, mi\u00e9rcoles y jueves, de las 9:30 a 13:30horas y en la tarde desde las 14:30 hasta 17:30 horas, d\u00edas y horarios que se mantendr\u00e1n hasta el mes de diciembre y que podr\u00edan aumentar el 2017, una vez que se eval\u00fae la puesta en marcha de esta loable iniciativa.<\/p>\n<figure id=\"attachment_73972\" aria-describedby=\"caption-attachment-73972\" style=\"width: 530px\" class=\"wp-caption alignleft\"><a href=\"http:\/\/www.eltrabajo.cl\/portal\/san-felipe-inaugura-primer-centro-medico-veterinario-municipal-del-valle\/foto-1-alcalde-de-san-felipe-patricio-freire-junto-a-concejales\/\" rel=\"attachment wp-att-73972\"><img data-recalc-dims=\"1\" loading=\"lazy\" decoding=\"async\" class=\"size-full wp-image-73972\" src=\"https:\/\/i0.wp.com\/www.eltrabajo.cl\/portal\/wp-content\/uploads\/2016\/09\/FOTO-1-Alcalde-de-San-Felipe-Patricio-Freire-junto-a-Concejales.jpg?resize=530%2C350\" alt=\"Alcalde de San Felipe Patricio Freire, junto a concejales y miembros del Programa de Tenencia Responsable de Mascotas, inauguraron Centro M\u00e9dico Veterinario Municipal.\" width=\"530\" height=\"350\" srcset=\"https:\/\/i0.wp.com\/eltrabajo.cl\/portal\/wp-content\/uploads\/2016\/09\/FOTO-1-Alcalde-de-San-Felipe-Patricio-Freire-junto-a-Concejales.jpg?w=530&amp;ssl=1 530w, https:\/\/i0.wp.com\/eltrabajo.cl\/portal\/wp-content\/uploads\/2016\/09\/FOTO-1-Alcalde-de-San-Felipe-Patricio-Freire-junto-a-Concejales.jpg?resize=200%2C132&amp;ssl=1 200w, https:\/\/i0.wp.com\/eltrabajo.cl\/portal\/wp-content\/uploads\/2016\/09\/FOTO-1-Alcalde-de-San-Felipe-Patricio-Freire-junto-a-Concejales.jpg?resize=300%2C198&amp;ssl=1 300w, https:\/\/i0.wp.com\/eltrabajo.cl\/portal\/wp-content\/uploads\/2016\/09\/FOTO-1-Alcalde-de-San-Felipe-Patricio-Freire-junto-a-Concejales.jpg?resize=227%2C150&amp;ssl=1 227w, https:\/\/i0.wp.com\/eltrabajo.cl\/portal\/wp-content\/uploads\/2016\/09\/FOTO-1-Alcalde-de-San-Felipe-Patricio-Freire-junto-a-Concejales.jpg?resize=400%2C264&amp;ssl=1 400w\" sizes=\"auto, (max-width: 530px) 100vw, 530px\" \/><\/a><figcaption id=\"caption-attachment-73972\" class=\"wp-caption-text\">Alcalde de San Felipe Patricio Freire, junto a concejales y miembros del Programa de Tenencia Responsable de Mascotas, inauguraron Centro M\u00e9dico Veterinario Municipal.<\/figcaption><\/figure>\n","protected":false},"excerpt":{"rendered":"<p>Urgencias, vacunaci\u00f3n y desparasitaci\u00f3n ser\u00e1n gratuitas para mascotas sanfelipe\u00f1as:\u00a0Establecimiento atender\u00e1 martes, mi\u00e9rcoles y jueves, de las 9:30 a 13:30 horas y en la tarde desde las 14:30 hasta 17:30 horas, d\u00edas y&#8230;<\/p>\n","protected":false},"author":1,"featured_media":73972,"comment_status":"open","ping_status":"open","sticky":false,"template":"","format":"standard","meta":{"advanced_seo_description":"","jetpack_seo_html_title":"","jetpack_seo_noindex":false,"_jetpack_memberships_contains_paid_content":false,"footnotes":""},"categories":[1],"tags":[],"class_list":["post-73971","post","type-post","status-publish","format-standard","has-post-thumbnail","hentry","category-cronica"],"jetpack_featured_media_url":"https:\/\/i0.wp.com\/eltrabajo.cl\/portal\/wp-content\/uploads\/2016\/09\/FOTO-1-Alcalde-de-San-Felipe-Patricio-Freire-junto-a-Concejales.jpg?fit=530%2C350&ssl=1","jetpack_sharing_enabled":true,"jetpack_likes_enabled":true,"jetpack-related-posts":[],"_links":{"self":[{"href":"https:\/\/eltrabajo.cl\/portal\/wp-json\/wp\/v2\/posts\/73971","targetHints":{"allow":["GET"]}}],"collection":[{"href":"https:\/\/eltrabajo.cl\/portal\/wp-json\/wp\/v2\/posts"}],"about":[{"href":"https:\/\/eltrabajo.cl\/portal\/wp-json\/wp\/v2\/types\/post"}],"author":[{"embeddable":true,"href":"https:\/\/eltrabajo.cl\/portal\/wp-json\/wp\/v2\/users\/1"}],"replies":[{"embeddable":true,"href":"https:\/\/eltrabajo.cl\/portal\/wp-json\/wp\/v2\/comments?post=73971"}],"version-history":[{"count":0,"href":"https:\/\/eltrabajo.cl\/portal\/wp-json\/wp\/v2\/posts\/73971\/revisions"}],"wp:featuredmedia":[{"embeddable":true,"href":"https:\/\/eltrabajo.cl\/portal\/wp-json\/wp\/v2\/media\/73972"}],"wp:attachment":[{"href":"https:\/\/eltrabajo.cl\/portal\/wp-json\/wp\/v2\/media?parent=73971"}],"wp:term":[{"taxonomy":"category","embeddable":true,"href":"https:\/\/eltrabajo.cl\/portal\/wp-json\/wp\/v2\/categories?post=73971"},{"taxonomy":"post_tag","embeddable":true,"href":"https:\/\/eltrabajo.cl\/portal\/wp-json\/wp\/v2\/tags?post=73971"}],"curies":[{"name":"wp","href":"https:\/\/api.w.org\/{rel}","templated":true}]}}