{"id":73975,"date":"2016-09-23T09:00:00","date_gmt":"2016-09-23T12:00:00","guid":{"rendered":"http:\/\/www.eltrabajo.cl\/portal\/?p=73975"},"modified":"2016-09-23T09:00:00","modified_gmt":"2016-09-23T12:00:00","slug":"recursos-del-faep-permiten-mejora-de-escuela-pedro-nolasco","status":"publish","type":"post","link":"https:\/\/eltrabajo.cl\/portal\/recursos-del-faep-permiten-mejora-de-escuela-pedro-nolasco\/","title":{"rendered":"Recursos del Faep permiten mejora de escuela Pedro Nolasco"},"content":{"rendered":"<ul>\n<li><strong>Inversi\u00f3n alcanz\u00f3 a seis millones de pesos:<\/strong><\/li>\n<\/ul>\n<p>Con recursos del Fondo de Ayuda para la Educaci\u00f3n P\u00fablica, Faep, los que alcanzaron los seis millones de pesos, la escuela Pedro Nolasco de San Felipe realiz\u00f3 importantes obras de mejora en su infraestructura.<br \/>\nLos trabajos, consistieron principalmente en el enyesado de las paredes de las aulas, pintura, cambio de techumbre y sistema de iluminaci\u00f3n m\u00e1s la instalaci\u00f3n de un moderno sistema de aire acondicionado, obras que beneficiaran directamente a 46 alumnos de educaci\u00f3n b\u00e1sica y 70 alumnos de educaci\u00f3n media.<br \/>\nLuis Silva, director del establecimiento, destac\u00f3 las mejoras realizadas, todo en beneficio de la reinserci\u00f3n de los internos y de las condiciones laborales de los docentes.<br \/>\n\u201cTodas estas mejoras van no s\u00f3lo en beneficio de los internos, sino que tambi\u00e9n de los colegas, mientras est\u00e9n impartiendo los contenidos de manera digna, en salas acogedoras que cuenten con todo lo necesario. Tambi\u00e9n, pudimos comprar notebook para los docentes de \u00faltima generaci\u00f3n, lo que permite realizar de mejor manera las planificaciones, confeccionar gu\u00edas de aprendizajes entre otras labores\u201d.<br \/>\nTambi\u00e9n se\u00f1al\u00f3 que \u201ca partir de la pr\u00f3xima semana, en convenio con la Dibam, el funcionario de Gendarmer\u00eda que est\u00e1 a cargo de la biblioteca, realizar\u00e1 capacitaciones a los internos en computaci\u00f3n, gracias a que nuestro moderno laboratorio cuenta con el equipamiento necesario para trabajar con todas las comodidades, en cursos que se realizar\u00e1n al menos tres veces a la semana\u201d.<br \/>\nFinalmente, el docente agradeci\u00f3 el constante apoyo de las autoridades comunales en materia de avances, que permiten la mejora en la infraestructura del establecimiento.<br \/>\n\u201cDebo agradecer la buena acogida que me han dado siempre alcalde Patricio Freire y el director de Daem, Iv\u00e1n Silva con respecto a las necesidades de la escuela, porque sin ese apoyo, esta gesti\u00f3n no habr\u00eda podido ser, ya que la educaci\u00f3n es la que nos permite insertar a los internos, para que haya un cambio en su forma de pensar, trat\u00e1ndoles como personas, para que, en el futuro, ellos respeten a los dem\u00e1s. Hay estudios t\u00e9cnicos que nos se\u00f1alar\u00e1n la instalaci\u00f3n de dos salas multitaller, permiti\u00e9ndonos impartir oficios, para que el d\u00eda de ma\u00f1ana, quienes recuperen su libertad, puedan trabajar de manera dependiente o dependiente de manera digna\u201d.<\/p>\n<figure id=\"attachment_73976\" aria-describedby=\"caption-attachment-73976\" style=\"width: 530px\" class=\"wp-caption alignleft\"><a href=\"http:\/\/www.eltrabajo.cl\/portal\/recursos-del-faep-permiten-mejora-de-escuela-pedro-nolasco\/mejoramiento-escuela-pedro-nolasco\/\" rel=\"attachment wp-att-73976\"><img data-recalc-dims=\"1\" loading=\"lazy\" decoding=\"async\" class=\"size-full wp-image-73976\" src=\"https:\/\/i0.wp.com\/www.eltrabajo.cl\/portal\/wp-content\/uploads\/2016\/09\/mejoramiento-escuela-pedro-nolasco.jpg?resize=530%2C348\" alt=\"Con recursos del Faep, los que alcanzaron los seis millones de pesos, la escuela Pedro Nolasco de San Felipe realiz\u00f3 importantes obras de mejora en su infraestructura.\" width=\"530\" height=\"348\" srcset=\"https:\/\/i0.wp.com\/eltrabajo.cl\/portal\/wp-content\/uploads\/2016\/09\/mejoramiento-escuela-pedro-nolasco.jpg?w=530&amp;ssl=1 530w, https:\/\/i0.wp.com\/eltrabajo.cl\/portal\/wp-content\/uploads\/2016\/09\/mejoramiento-escuela-pedro-nolasco.jpg?resize=200%2C131&amp;ssl=1 200w, https:\/\/i0.wp.com\/eltrabajo.cl\/portal\/wp-content\/uploads\/2016\/09\/mejoramiento-escuela-pedro-nolasco.jpg?resize=300%2C197&amp;ssl=1 300w, https:\/\/i0.wp.com\/eltrabajo.cl\/portal\/wp-content\/uploads\/2016\/09\/mejoramiento-escuela-pedro-nolasco.jpg?resize=228%2C150&amp;ssl=1 228w, https:\/\/i0.wp.com\/eltrabajo.cl\/portal\/wp-content\/uploads\/2016\/09\/mejoramiento-escuela-pedro-nolasco.jpg?resize=400%2C263&amp;ssl=1 400w\" sizes=\"auto, (max-width: 530px) 100vw, 530px\" \/><\/a><figcaption id=\"caption-attachment-73976\" class=\"wp-caption-text\">Con recursos del Faep, los que alcanzaron los seis millones de pesos, la escuela Pedro Nolasco de San Felipe realiz\u00f3 importantes obras de mejora en su infraestructura.<\/figcaption><\/figure>\n","protected":false},"excerpt":{"rendered":"<p>Inversi\u00f3n alcanz\u00f3 a seis millones de pesos: Con recursos del Fondo de Ayuda para la Educaci\u00f3n P\u00fablica, Faep, los que alcanzaron los seis millones de pesos, la escuela Pedro Nolasco de San&#8230;<\/p>\n","protected":false},"author":1,"featured_media":73976,"comment_status":"open","ping_status":"open","sticky":false,"template":"","format":"standard","meta":{"advanced_seo_description":"","jetpack_seo_html_title":"","jetpack_seo_noindex":false,"_jetpack_memberships_contains_paid_content":false,"footnotes":""},"categories":[1],"tags":[],"class_list":["post-73975","post","type-post","status-publish","format-standard","has-post-thumbnail","hentry","category-cronica"],"jetpack_featured_media_url":"https:\/\/i0.wp.com\/eltrabajo.cl\/portal\/wp-content\/uploads\/2016\/09\/mejoramiento-escuela-pedro-nolasco.jpg?fit=530%2C348&ssl=1","jetpack_sharing_enabled":true,"jetpack_likes_enabled":true,"jetpack-related-posts":[],"_links":{"self":[{"href":"https:\/\/eltrabajo.cl\/portal\/wp-json\/wp\/v2\/posts\/73975","targetHints":{"allow":["GET"]}}],"collection":[{"href":"https:\/\/eltrabajo.cl\/portal\/wp-json\/wp\/v2\/posts"}],"about":[{"href":"https:\/\/eltrabajo.cl\/portal\/wp-json\/wp\/v2\/types\/post"}],"author":[{"embeddable":true,"href":"https:\/\/eltrabajo.cl\/portal\/wp-json\/wp\/v2\/users\/1"}],"replies":[{"embeddable":true,"href":"https:\/\/eltrabajo.cl\/portal\/wp-json\/wp\/v2\/comments?post=73975"}],"version-history":[{"count":0,"href":"https:\/\/eltrabajo.cl\/portal\/wp-json\/wp\/v2\/posts\/73975\/revisions"}],"wp:featuredmedia":[{"embeddable":true,"href":"https:\/\/eltrabajo.cl\/portal\/wp-json\/wp\/v2\/media\/73976"}],"wp:attachment":[{"href":"https:\/\/eltrabajo.cl\/portal\/wp-json\/wp\/v2\/media?parent=73975"}],"wp:term":[{"taxonomy":"category","embeddable":true,"href":"https:\/\/eltrabajo.cl\/portal\/wp-json\/wp\/v2\/categories?post=73975"},{"taxonomy":"post_tag","embeddable":true,"href":"https:\/\/eltrabajo.cl\/portal\/wp-json\/wp\/v2\/tags?post=73975"}],"curies":[{"name":"wp","href":"https:\/\/api.w.org\/{rel}","templated":true}]}}