{"id":73979,"date":"2016-09-23T09:24:14","date_gmt":"2016-09-23T12:24:14","guid":{"rendered":"http:\/\/www.eltrabajo.cl\/portal\/?p=73979"},"modified":"2016-09-23T09:24:14","modified_gmt":"2016-09-23T12:24:14","slug":"aun-quedan-cupos-para-el-taller-de-grabado-en-el-ciem-aconcagua","status":"publish","type":"post","link":"https:\/\/eltrabajo.cl\/portal\/aun-quedan-cupos-para-el-taller-de-grabado-en-el-ciem-aconcagua\/","title":{"rendered":"A\u00fan quedan cupos para el taller de Grabado en el Ciem Aconcagua"},"content":{"rendered":"<p>Buenas noticias hoy en Diario El Trabajo para quienes quieren aprender t\u00e9cnicas de grabado, a partir de hoy viernes en Ciem Aconcagua (Almendral), se abri\u00f3 la matr\u00edcula para el pr\u00f3ximo taller de xilograf\u00eda, curso de doce clases que estar\u00e1 impartiendo el profesor David Herrera, experto en el tema.<br \/>\n\u00abLa idea es que personas mayores de doce a\u00f1os, puedan aprender esta t\u00e9cnica de grabado tan especial, es la base de la imprenta, la que empez\u00f3 con piedra y luego en madera, es ah\u00ed donde yo intervengo, ense\u00f1ando a crear los negativos en madera para que luego el mismo estudiante imprima sus propias creaciones \u00e9l mismo\u00bb, coment\u00f3 Herrera a Diario El Trabajo.<br \/>\nEl valor de la mensualidad de este taller es de $35.000, son cuatro clases al mes, una vez por semana, inici\u00e1ndose las mismas desde las 10:00 hasta las 13:00 horas, en el Ciem. El m\u00e1ximo de personas para este taller es de 20, a\u00fan quedan cupos.<br \/>\n\u00abPor lo general la iniciaci\u00f3n al Grabado en Blanco y Negro empieza con conocer cada estudiante las herramientas para este trabajo, aprenderemos a confeccionar una matriz de madera que luego ser\u00e1 impresa en forma manual. Luego pasaremos a la experimentaci\u00f3n con tintas e impresi\u00f3n, lo que implica experimentar con tintas de ilustraci\u00f3n para dar un dise\u00f1o a nuestro soporte, en donde ser\u00e1 impresa nuestra matriz de madera en prensa, entre otras cosas\u00bb, dijo finalmente Herrera.<br \/>\nRoberto Gonz\u00e1lez Short<\/p>\n<figure id=\"attachment_73980\" aria-describedby=\"caption-attachment-73980\" style=\"width: 530px\" class=\"wp-caption alignleft\"><a href=\"http:\/\/www.eltrabajo.cl\/portal\/aun-quedan-cupos-para-el-taller-de-grabado-en-el-ciem-aconcagua\/grabado1\/\" rel=\"attachment wp-att-73980\"><img data-recalc-dims=\"1\" loading=\"lazy\" decoding=\"async\" class=\"size-full wp-image-73980\" src=\"https:\/\/i0.wp.com\/www.eltrabajo.cl\/portal\/wp-content\/uploads\/2016\/09\/Grabado1.jpg?resize=530%2C349\" alt=\"LOS NEGATIVOS.- La encargada de talleres del Ciem Aconcagua, Olivia Ram\u00edrez y el profesor David Herrera, muestran a Diario El Trabajo los negativos en madera para crear los impresos.\" width=\"530\" height=\"349\" srcset=\"https:\/\/i0.wp.com\/eltrabajo.cl\/portal\/wp-content\/uploads\/2016\/09\/Grabado1.jpg?w=530&amp;ssl=1 530w, https:\/\/i0.wp.com\/eltrabajo.cl\/portal\/wp-content\/uploads\/2016\/09\/Grabado1.jpg?resize=200%2C132&amp;ssl=1 200w, https:\/\/i0.wp.com\/eltrabajo.cl\/portal\/wp-content\/uploads\/2016\/09\/Grabado1.jpg?resize=300%2C198&amp;ssl=1 300w, https:\/\/i0.wp.com\/eltrabajo.cl\/portal\/wp-content\/uploads\/2016\/09\/Grabado1.jpg?resize=228%2C150&amp;ssl=1 228w, https:\/\/i0.wp.com\/eltrabajo.cl\/portal\/wp-content\/uploads\/2016\/09\/Grabado1.jpg?resize=400%2C263&amp;ssl=1 400w\" sizes=\"auto, (max-width: 530px) 100vw, 530px\" \/><\/a><figcaption id=\"caption-attachment-73980\" class=\"wp-caption-text\">LOS NEGATIVOS.- La encargada de talleres del Ciem Aconcagua, Olivia Ram\u00edrez y el profesor David Herrera, muestran a Diario El Trabajo los negativos en madera para crear los impresos.<\/figcaption><\/figure>\n<figure id=\"attachment_73981\" aria-describedby=\"caption-attachment-73981\" style=\"width: 530px\" class=\"wp-caption alignleft\"><a href=\"http:\/\/www.eltrabajo.cl\/portal\/aun-quedan-cupos-para-el-taller-de-grabado-en-el-ciem-aconcagua\/grabado2\/\" rel=\"attachment wp-att-73981\"><img data-recalc-dims=\"1\" loading=\"lazy\" decoding=\"async\" class=\"size-full wp-image-73981\" src=\"https:\/\/i0.wp.com\/www.eltrabajo.cl\/portal\/wp-content\/uploads\/2016\/09\/Grabado2.jpg?resize=530%2C349\" alt=\"UN CL\u00c1SICO.- \u00c9ste es un negativo en madera, toda la imagen quedar\u00e1 impresa en colores invertidos en papel, cart\u00f3n o tela.\" width=\"530\" height=\"349\" srcset=\"https:\/\/i0.wp.com\/eltrabajo.cl\/portal\/wp-content\/uploads\/2016\/09\/Grabado2.jpg?w=530&amp;ssl=1 530w, https:\/\/i0.wp.com\/eltrabajo.cl\/portal\/wp-content\/uploads\/2016\/09\/Grabado2.jpg?resize=200%2C132&amp;ssl=1 200w, https:\/\/i0.wp.com\/eltrabajo.cl\/portal\/wp-content\/uploads\/2016\/09\/Grabado2.jpg?resize=300%2C198&amp;ssl=1 300w, https:\/\/i0.wp.com\/eltrabajo.cl\/portal\/wp-content\/uploads\/2016\/09\/Grabado2.jpg?resize=228%2C150&amp;ssl=1 228w, https:\/\/i0.wp.com\/eltrabajo.cl\/portal\/wp-content\/uploads\/2016\/09\/Grabado2.jpg?resize=400%2C263&amp;ssl=1 400w\" sizes=\"auto, (max-width: 530px) 100vw, 530px\" \/><\/a><figcaption id=\"caption-attachment-73981\" class=\"wp-caption-text\">UN CL\u00c1SICO.- \u00c9ste es un negativo en madera, toda la imagen quedar\u00e1 impresa en colores invertidos en papel, cart\u00f3n o tela.<\/figcaption><\/figure>\n","protected":false},"excerpt":{"rendered":"<p>Buenas noticias hoy en Diario El Trabajo para quienes quieren aprender t\u00e9cnicas de grabado, a partir de hoy viernes en Ciem Aconcagua (Almendral), se abri\u00f3 la matr\u00edcula para el pr\u00f3ximo taller de&#8230;<\/p>\n","protected":false},"author":1,"featured_media":73980,"comment_status":"open","ping_status":"open","sticky":false,"template":"","format":"standard","meta":{"advanced_seo_description":"","jetpack_seo_html_title":"","jetpack_seo_noindex":false,"_jetpack_memberships_contains_paid_content":false,"footnotes":""},"categories":[20],"tags":[],"class_list":["post-73979","post","type-post","status-publish","format-standard","has-post-thumbnail","hentry","category-arte-y-cultura"],"jetpack_featured_media_url":"https:\/\/i0.wp.com\/eltrabajo.cl\/portal\/wp-content\/uploads\/2016\/09\/Grabado1.jpg?fit=530%2C349&ssl=1","jetpack_sharing_enabled":true,"jetpack_likes_enabled":true,"jetpack-related-posts":[],"_links":{"self":[{"href":"https:\/\/eltrabajo.cl\/portal\/wp-json\/wp\/v2\/posts\/73979","targetHints":{"allow":["GET"]}}],"collection":[{"href":"https:\/\/eltrabajo.cl\/portal\/wp-json\/wp\/v2\/posts"}],"about":[{"href":"https:\/\/eltrabajo.cl\/portal\/wp-json\/wp\/v2\/types\/post"}],"author":[{"embeddable":true,"href":"https:\/\/eltrabajo.cl\/portal\/wp-json\/wp\/v2\/users\/1"}],"replies":[{"embeddable":true,"href":"https:\/\/eltrabajo.cl\/portal\/wp-json\/wp\/v2\/comments?post=73979"}],"version-history":[{"count":0,"href":"https:\/\/eltrabajo.cl\/portal\/wp-json\/wp\/v2\/posts\/73979\/revisions"}],"wp:featuredmedia":[{"embeddable":true,"href":"https:\/\/eltrabajo.cl\/portal\/wp-json\/wp\/v2\/media\/73980"}],"wp:attachment":[{"href":"https:\/\/eltrabajo.cl\/portal\/wp-json\/wp\/v2\/media?parent=73979"}],"wp:term":[{"taxonomy":"category","embeddable":true,"href":"https:\/\/eltrabajo.cl\/portal\/wp-json\/wp\/v2\/categories?post=73979"},{"taxonomy":"post_tag","embeddable":true,"href":"https:\/\/eltrabajo.cl\/portal\/wp-json\/wp\/v2\/tags?post=73979"}],"curies":[{"name":"wp","href":"https:\/\/api.w.org\/{rel}","templated":true}]}}