{"id":73988,"date":"2016-09-23T09:30:34","date_gmt":"2016-09-23T12:30:34","guid":{"rendered":"http:\/\/www.eltrabajo.cl\/portal\/?p=73988"},"modified":"2016-09-23T09:30:35","modified_gmt":"2016-09-23T12:30:35","slug":"escuela-san-rafael-realizo-tambien-su-fiesta-de-la-chilenidad","status":"publish","type":"post","link":"https:\/\/eltrabajo.cl\/portal\/escuela-san-rafael-realizo-tambien-su-fiesta-de-la-chilenidad\/","title":{"rendered":"Escuela San Rafael realiz\u00f3 tambi\u00e9n su Fiesta de la Chilenidad"},"content":{"rendered":"<p>Esta semana que termina y por tercer a\u00f1o consecutivo, se realiz\u00f3 en dependencias de la Escuela San Rafael, la ya tradicional Fiesta de la Chilenidad. Esta actividad convoca a las m\u00e1s arraigadas costumbres nacionales y la participaci\u00f3n de padres, apoderados, alumnos y profesores en una actividad que quiere transformase en una tradici\u00f3n para la comunidad de San Rafael.<br \/>\n\u00abEstoy con contento por esta hermosa actividad por dos razones, primero por que ya esta es nuestro tercer evento de la chilenidad, y porque esta actividad logra unir a padres, apoderados y alumnos de un mismo curso en torno a este evento. Aqu\u00ed todos trabajan, desde el profesor que hace la gesti\u00f3n de administrar, motivar y generar ideas para realizar, alumnos que ensayan durante d\u00edas para entregar a los asistentes un lindo trabajo y los apoderados que se esmeran por cocinar comidas t\u00edpicas para todos\u00bb, coment\u00f3 a Diario El Trabajo el director de la escuela, Carlos Jara.<br \/>\nAlgunos apoderados estaban muy motivados con esta actividad, \u00abllevo a\u00f1os en este colegio, nuestra escuela est\u00e1 mejorando de manera considerable en todo sentido, se preocupa por nuestros hijos y los hace sentir como en casa, se preocupa de la familia y eso no pasa en todos lados. Es por eso que este tipo de actividades nos une como curso y como escuela, para que todos podamos sentirnos parte de aqu\u00ed\u00bb, dijo do\u00f1a Mariana.<br \/>\nRoberto Gonz\u00e1lez Short<\/p>\n<figure id=\"attachment_73990\" aria-describedby=\"caption-attachment-73990\" style=\"width: 530px\" class=\"wp-caption alignleft\"><a href=\"http:\/\/www.eltrabajo.cl\/portal\/escuela-san-rafael-realizo-tambien-su-fiesta-de-la-chilenidad\/chile1-2\/\" rel=\"attachment wp-att-73990\"><img data-recalc-dims=\"1\" loading=\"lazy\" decoding=\"async\" class=\"size-full wp-image-73990\" src=\"https:\/\/i0.wp.com\/www.eltrabajo.cl\/portal\/wp-content\/uploads\/2016\/09\/Chile1.jpg?resize=530%2C350\" alt=\"M\u00c1GICO MOMENTO.- Ricas comidas, alegres bailes y juegos tradicionales es lo que vivieron estos peque\u00f1itos en su escuela.\" width=\"530\" height=\"350\" srcset=\"https:\/\/i0.wp.com\/eltrabajo.cl\/portal\/wp-content\/uploads\/2016\/09\/Chile1.jpg?w=530&amp;ssl=1 530w, https:\/\/i0.wp.com\/eltrabajo.cl\/portal\/wp-content\/uploads\/2016\/09\/Chile1.jpg?resize=200%2C132&amp;ssl=1 200w, https:\/\/i0.wp.com\/eltrabajo.cl\/portal\/wp-content\/uploads\/2016\/09\/Chile1.jpg?resize=300%2C198&amp;ssl=1 300w, https:\/\/i0.wp.com\/eltrabajo.cl\/portal\/wp-content\/uploads\/2016\/09\/Chile1.jpg?resize=227%2C150&amp;ssl=1 227w, https:\/\/i0.wp.com\/eltrabajo.cl\/portal\/wp-content\/uploads\/2016\/09\/Chile1.jpg?resize=400%2C264&amp;ssl=1 400w\" sizes=\"auto, (max-width: 530px) 100vw, 530px\" \/><\/a><figcaption id=\"caption-attachment-73990\" class=\"wp-caption-text\">M\u00c1GICO MOMENTO.- Ricas comidas, alegres bailes y juegos tradicionales es lo que vivieron estos peque\u00f1itos en su escuela.<\/figcaption><\/figure>\n<figure id=\"attachment_73991\" aria-describedby=\"caption-attachment-73991\" style=\"width: 530px\" class=\"wp-caption alignleft\"><a href=\"http:\/\/www.eltrabajo.cl\/portal\/escuela-san-rafael-realizo-tambien-su-fiesta-de-la-chilenidad\/panoramica33-2\/\" rel=\"attachment wp-att-73991\"><img data-recalc-dims=\"1\" loading=\"lazy\" decoding=\"async\" class=\"size-full wp-image-73991\" src=\"https:\/\/i0.wp.com\/www.eltrabajo.cl\/portal\/wp-content\/uploads\/2016\/09\/Panoramica33.jpg?resize=530%2C349\" alt=\"FIESTA DE LA CHILENIDAD.- Aqu\u00ed tenemos a la gran comunidad educativa de este curso, usos y costumbres en su m\u00e1xima expresi\u00f3n.\" width=\"530\" height=\"349\" srcset=\"https:\/\/i0.wp.com\/eltrabajo.cl\/portal\/wp-content\/uploads\/2016\/09\/Panoramica33.jpg?w=530&amp;ssl=1 530w, https:\/\/i0.wp.com\/eltrabajo.cl\/portal\/wp-content\/uploads\/2016\/09\/Panoramica33.jpg?resize=200%2C132&amp;ssl=1 200w, https:\/\/i0.wp.com\/eltrabajo.cl\/portal\/wp-content\/uploads\/2016\/09\/Panoramica33.jpg?resize=300%2C198&amp;ssl=1 300w, https:\/\/i0.wp.com\/eltrabajo.cl\/portal\/wp-content\/uploads\/2016\/09\/Panoramica33.jpg?resize=228%2C150&amp;ssl=1 228w, https:\/\/i0.wp.com\/eltrabajo.cl\/portal\/wp-content\/uploads\/2016\/09\/Panoramica33.jpg?resize=400%2C263&amp;ssl=1 400w\" sizes=\"auto, (max-width: 530px) 100vw, 530px\" \/><\/a><figcaption id=\"caption-attachment-73991\" class=\"wp-caption-text\">FIESTA DE LA CHILENIDAD.- Aqu\u00ed tenemos a la gran comunidad educativa de este curso, usos y costumbres en su m\u00e1xima expresi\u00f3n.<\/figcaption><\/figure>\n","protected":false},"excerpt":{"rendered":"<p>Esta semana que termina y por tercer a\u00f1o consecutivo, se realiz\u00f3 en dependencias de la Escuela San Rafael, la ya tradicional Fiesta de la Chilenidad. Esta actividad convoca a las m\u00e1s arraigadas&#8230;<\/p>\n","protected":false},"author":1,"featured_media":73991,"comment_status":"open","ping_status":"open","sticky":false,"template":"","format":"standard","meta":{"advanced_seo_description":"","jetpack_seo_html_title":"","jetpack_seo_noindex":false,"_jetpack_memberships_contains_paid_content":false,"footnotes":""},"categories":[15],"tags":[],"class_list":["post-73988","post","type-post","status-publish","format-standard","has-post-thumbnail","hentry","category-comunidad"],"jetpack_featured_media_url":"https:\/\/i0.wp.com\/eltrabajo.cl\/portal\/wp-content\/uploads\/2016\/09\/Panoramica33.jpg?fit=530%2C349&ssl=1","jetpack_sharing_enabled":true,"jetpack_likes_enabled":true,"jetpack-related-posts":[],"_links":{"self":[{"href":"https:\/\/eltrabajo.cl\/portal\/wp-json\/wp\/v2\/posts\/73988","targetHints":{"allow":["GET"]}}],"collection":[{"href":"https:\/\/eltrabajo.cl\/portal\/wp-json\/wp\/v2\/posts"}],"about":[{"href":"https:\/\/eltrabajo.cl\/portal\/wp-json\/wp\/v2\/types\/post"}],"author":[{"embeddable":true,"href":"https:\/\/eltrabajo.cl\/portal\/wp-json\/wp\/v2\/users\/1"}],"replies":[{"embeddable":true,"href":"https:\/\/eltrabajo.cl\/portal\/wp-json\/wp\/v2\/comments?post=73988"}],"version-history":[{"count":0,"href":"https:\/\/eltrabajo.cl\/portal\/wp-json\/wp\/v2\/posts\/73988\/revisions"}],"wp:featuredmedia":[{"embeddable":true,"href":"https:\/\/eltrabajo.cl\/portal\/wp-json\/wp\/v2\/media\/73991"}],"wp:attachment":[{"href":"https:\/\/eltrabajo.cl\/portal\/wp-json\/wp\/v2\/media?parent=73988"}],"wp:term":[{"taxonomy":"category","embeddable":true,"href":"https:\/\/eltrabajo.cl\/portal\/wp-json\/wp\/v2\/categories?post=73988"},{"taxonomy":"post_tag","embeddable":true,"href":"https:\/\/eltrabajo.cl\/portal\/wp-json\/wp\/v2\/tags?post=73988"}],"curies":[{"name":"wp","href":"https:\/\/api.w.org\/{rel}","templated":true}]}}