{"id":73998,"date":"2016-09-23T09:39:18","date_gmt":"2016-09-23T12:39:18","guid":{"rendered":"http:\/\/www.eltrabajo.cl\/portal\/?p=73998"},"modified":"2016-09-23T09:39:19","modified_gmt":"2016-09-23T12:39:19","slug":"nuevo-recorrido-de-micros-en-san-felipe-comenzaria-a-operar-en-noviembre","status":"publish","type":"post","link":"https:\/\/eltrabajo.cl\/portal\/nuevo-recorrido-de-micros-en-san-felipe-comenzaria-a-operar-en-noviembre\/","title":{"rendered":"Nuevo recorrido de micros en San Felipe comenzar\u00eda a operar en noviembre"},"content":{"rendered":"<ul>\n<li><strong><span style=\"color: #ff0000;\">Al fin tendr\u00e1 luz verde proyecto encabezado por vecinos de El Se\u00f1orial y Las Acacias:<\/span>\u00a0Una vez que est\u00e9 en regla el aspecto jur\u00eddico y en acuerdo los intereses de las partes involucradas, el Departamento de Tr\u00e1nsito de la Municipalidad de San Felipe debiera definir nuevo trazado.<\/strong><\/li>\n<\/ul>\n<p>Antes de fin de a\u00f1o debiera estar en marcha el nuevo recorrido de los microbuses interurbanos, que dotar\u00e1 de locomoci\u00f3n mayor a varios sectores de San Felipe que hoy no cuentan con este servicio, como es el caso de Villa Las Acacias y El Se\u00f1orial.<\/p>\n<figure id=\"attachment_74000\" aria-describedby=\"caption-attachment-74000\" style=\"width: 300px\" class=\"wp-caption alignleft\"><a href=\"http:\/\/www.eltrabajo.cl\/portal\/nuevo-recorrido-de-micros-en-san-felipe-comenzaria-a-operar-en-noviembre\/erika-alvarez-3\/\" rel=\"attachment wp-att-74000\"><img data-recalc-dims=\"1\" loading=\"lazy\" decoding=\"async\" class=\"size-medium wp-image-74000\" src=\"https:\/\/i0.wp.com\/www.eltrabajo.cl\/portal\/wp-content\/uploads\/2016\/09\/%C3%89rika-%C3%81lvarez-300x197.jpg?resize=300%2C197\" alt=\"\u00c9rika \u00c1lvarez, presidenta de la Junta de Vecinos de El Se\u00f1orial\" width=\"300\" height=\"197\" srcset=\"https:\/\/i0.wp.com\/eltrabajo.cl\/portal\/wp-content\/uploads\/2016\/09\/%C3%89rika-%C3%81lvarez.jpg?resize=300%2C197&amp;ssl=1 300w, https:\/\/i0.wp.com\/eltrabajo.cl\/portal\/wp-content\/uploads\/2016\/09\/%C3%89rika-%C3%81lvarez.jpg?resize=200%2C131&amp;ssl=1 200w, https:\/\/i0.wp.com\/eltrabajo.cl\/portal\/wp-content\/uploads\/2016\/09\/%C3%89rika-%C3%81lvarez.jpg?resize=228%2C150&amp;ssl=1 228w, https:\/\/i0.wp.com\/eltrabajo.cl\/portal\/wp-content\/uploads\/2016\/09\/%C3%89rika-%C3%81lvarez.jpg?resize=400%2C263&amp;ssl=1 400w, https:\/\/i0.wp.com\/eltrabajo.cl\/portal\/wp-content\/uploads\/2016\/09\/%C3%89rika-%C3%81lvarez.jpg?w=530&amp;ssl=1 530w\" sizes=\"auto, (max-width: 300px) 100vw, 300px\" \/><\/a><figcaption id=\"caption-attachment-74000\" class=\"wp-caption-text\">\u00c9rika \u00c1lvarez, presidenta de la Junta de Vecinos de El Se\u00f1orial<\/figcaption><\/figure>\n<p>Precisamente la presidenta de la Junta de Vecinos de El Se\u00f1orial, \u00c9rika \u00c1lvarez, dio a conocer que, luego de mucho batallar y trabajar junto con las autoridades, el requerimiento realizado por los vecinos ha llegado a buen puerto y est\u00e1 pr\u00f3ximo a materializarse.<br \/>\n\u00c1lvarez asegur\u00f3 eso s\u00ed, que el camino para lograr este cambio, no estuvo exento de complicaciones y que con la llegada de la nueva autoridad debieron comenzar desde cero, puesto que el nuevo seremi de Transporte y Telecomunicaciones, Mauricio Candia, tiene otra manera de trabajar y analizar el nuevo trazado.<br \/>\n\u201cNosotros hab\u00edamos avanzado mucho con el anterior seremi pero al actual, no le gust\u00f3 para nada el trazado nuevo que hab\u00edamos dise\u00f1ado y tampoco estaba de acuerdo con que involucr\u00e1ramos de inmediato a los empresarios (\u2026) \u00e9l lo que nos dijo la \u00faltima vez, es que, quer\u00eda que Putaendo, San Felipe y Santa Mar\u00eda se tomara como trazado urbano lo que es locomoci\u00f3n colectiva mayor\u201d, puntualiz\u00f3 la dirigente.<br \/>\nRespecto de cu\u00e1ndo se implementar\u00eda el nuevo recorrido de los microbuses, \u00c1lvarez agreg\u00f3 que \u201ca esta altura a uno no le gusta dar fechas, pero \u00e9l nos habl\u00f3 que a fines de octubre, el 15 de noviembre, estar\u00eda el recorrido, incluso si tomamos el trazado que hac\u00eda Puma antiguamente es a\u00fan m\u00e1s f\u00e1cil, ese se reactivar\u00eda\u201d, afirm\u00f3 \u00c1lvarez<br \/>\nSeg\u00fan lo narrado por la dirigente -quien ha encabezado este movimiento que pretende ampliar el recorrido de la locomoci\u00f3n colectiva mayor y ofrecerle a los vecinos de ciertos sectores de la comuna, una alternativa m\u00e1s econ\u00f3mica que los taxis colectivos- la ruta que m\u00e1s le acomoda a los vecinos, es aquella que anteriormente realizaba Buses Puma, pasando por avenida Santa Teresa (Las Acacias), al centro y luego hacia El Se\u00f1orial.<br \/>\n\u201cEse es el recorrido que nosotros estamos pidiendo, el que al final atravesaba por Julio Montero hasta Michimalongo, eso es lo que estamos esperando y yo creo que muy pronto tendremos noticias respecto a ese tema\u201d, concluy\u00f3 \u00c1lvarez, aclarando que finalmente, una vez que est\u00e9n acordados los puntos jur\u00eddicos y econ\u00f3micos, el encargado de aprobar el nuevo trazado ser\u00e1 el Departamento de Tr\u00e1nsito de la Municipalidad de San Felipe.<\/p>\n<figure id=\"attachment_73999\" aria-describedby=\"caption-attachment-73999\" style=\"width: 530px\" class=\"wp-caption alignleft\"><a href=\"http:\/\/www.eltrabajo.cl\/portal\/nuevo-recorrido-de-micros-en-san-felipe-comenzaria-a-operar-en-noviembre\/buses-puma-1-3\/\" rel=\"attachment wp-att-73999\"><img data-recalc-dims=\"1\" loading=\"lazy\" decoding=\"async\" class=\"size-full wp-image-73999\" src=\"https:\/\/i0.wp.com\/www.eltrabajo.cl\/portal\/wp-content\/uploads\/2016\/09\/buses-puma-1.jpg?resize=530%2C348\" alt=\"La ruta que anteriormente realizaba Buses Puma, pasando por avenida Santa Teresa (Las Acacias), al centro y luego hacia El Se\u00f1orial, es la que m\u00e1s agrada a los vecinos.\" width=\"530\" height=\"348\" srcset=\"https:\/\/i0.wp.com\/eltrabajo.cl\/portal\/wp-content\/uploads\/2016\/09\/buses-puma-1.jpg?w=530&amp;ssl=1 530w, https:\/\/i0.wp.com\/eltrabajo.cl\/portal\/wp-content\/uploads\/2016\/09\/buses-puma-1.jpg?resize=200%2C131&amp;ssl=1 200w, https:\/\/i0.wp.com\/eltrabajo.cl\/portal\/wp-content\/uploads\/2016\/09\/buses-puma-1.jpg?resize=300%2C197&amp;ssl=1 300w, https:\/\/i0.wp.com\/eltrabajo.cl\/portal\/wp-content\/uploads\/2016\/09\/buses-puma-1.jpg?resize=228%2C150&amp;ssl=1 228w, https:\/\/i0.wp.com\/eltrabajo.cl\/portal\/wp-content\/uploads\/2016\/09\/buses-puma-1.jpg?resize=400%2C263&amp;ssl=1 400w\" sizes=\"auto, (max-width: 530px) 100vw, 530px\" \/><\/a><figcaption id=\"caption-attachment-73999\" class=\"wp-caption-text\">La ruta que anteriormente realizaba Buses Puma, pasando por avenida Santa Teresa (Las Acacias), al centro y luego hacia El Se\u00f1orial, es la que m\u00e1s agrada a los vecinos.<\/figcaption><\/figure>\n","protected":false},"excerpt":{"rendered":"<p>Al fin tendr\u00e1 luz verde proyecto encabezado por vecinos de El Se\u00f1orial y Las Acacias:\u00a0Una vez que est\u00e9 en regla el aspecto jur\u00eddico y en acuerdo los intereses de las partes involucradas,&#8230;<\/p>\n","protected":false},"author":1,"featured_media":73999,"comment_status":"open","ping_status":"open","sticky":false,"template":"","format":"standard","meta":{"advanced_seo_description":"","jetpack_seo_html_title":"","jetpack_seo_noindex":false,"_jetpack_memberships_contains_paid_content":false,"footnotes":""},"categories":[15],"tags":[],"class_list":["post-73998","post","type-post","status-publish","format-standard","has-post-thumbnail","hentry","category-comunidad"],"jetpack_featured_media_url":"https:\/\/i0.wp.com\/eltrabajo.cl\/portal\/wp-content\/uploads\/2016\/09\/buses-puma-1.jpg?fit=530%2C348&ssl=1","jetpack_sharing_enabled":true,"jetpack_likes_enabled":true,"jetpack-related-posts":[],"_links":{"self":[{"href":"https:\/\/eltrabajo.cl\/portal\/wp-json\/wp\/v2\/posts\/73998","targetHints":{"allow":["GET"]}}],"collection":[{"href":"https:\/\/eltrabajo.cl\/portal\/wp-json\/wp\/v2\/posts"}],"about":[{"href":"https:\/\/eltrabajo.cl\/portal\/wp-json\/wp\/v2\/types\/post"}],"author":[{"embeddable":true,"href":"https:\/\/eltrabajo.cl\/portal\/wp-json\/wp\/v2\/users\/1"}],"replies":[{"embeddable":true,"href":"https:\/\/eltrabajo.cl\/portal\/wp-json\/wp\/v2\/comments?post=73998"}],"version-history":[{"count":0,"href":"https:\/\/eltrabajo.cl\/portal\/wp-json\/wp\/v2\/posts\/73998\/revisions"}],"wp:featuredmedia":[{"embeddable":true,"href":"https:\/\/eltrabajo.cl\/portal\/wp-json\/wp\/v2\/media\/73999"}],"wp:attachment":[{"href":"https:\/\/eltrabajo.cl\/portal\/wp-json\/wp\/v2\/media?parent=73998"}],"wp:term":[{"taxonomy":"category","embeddable":true,"href":"https:\/\/eltrabajo.cl\/portal\/wp-json\/wp\/v2\/categories?post=73998"},{"taxonomy":"post_tag","embeddable":true,"href":"https:\/\/eltrabajo.cl\/portal\/wp-json\/wp\/v2\/tags?post=73998"}],"curies":[{"name":"wp","href":"https:\/\/api.w.org\/{rel}","templated":true}]}}