{"id":74003,"date":"2016-09-23T09:56:40","date_gmt":"2016-09-23T12:56:40","guid":{"rendered":"http:\/\/www.eltrabajo.cl\/portal\/?p=74003"},"modified":"2016-09-23T09:56:40","modified_gmt":"2016-09-23T12:56:40","slug":"pileta-de-los-sapitos-se-transformo-en-una-verdadera-maquina-del-tiempo-en-san-felipe","status":"publish","type":"post","link":"https:\/\/eltrabajo.cl\/portal\/pileta-de-los-sapitos-se-transformo-en-una-verdadera-maquina-del-tiempo-en-san-felipe\/","title":{"rendered":"Pileta de los Sapitos se transform\u00f3 en una verdadera \u2018M\u00e1quina del Tiempo\u2019 en San Felipe"},"content":{"rendered":"<ul>\n<li><strong>En una emotiva ceremonia, alcalde Freire, junto a su Concejo Municipal y gran cantidad de vecinos y vecinas de la comuna, inauguraron la restauraci\u00f3n que los trabajadores de talleres municipales, realizaron a un espacio donde nacieron historias de amor dignas de una novela de Shakespeare.<\/strong><\/li>\n<\/ul>\n<p>\u201cYo viv\u00eda cerca de la plaza y me iba a la piscina del Estadio Fiscal, cuando ven\u00edamos de vuelta a la casa y nos daba mucho calor, nos met\u00edamos a esta pileta para llegar m\u00e1s fresquitos\u201d. Con la garganta apretada y los sentimientos a flor de piel, el alcalde de San Felipe, Patricio Freire, recordaba la importancia que tuvo en la ni\u00f1ez de muchos sanfelipe\u00f1os, La Pileta de los Sapitos, espacio patrimonial de la comuna, que estuvo en abandono durante muchos a\u00f1os y que luego de un excelente trabajo, desde ayer presenta una hermosa restauraci\u00f3n, para el deleite de la ciudadan\u00eda.<br \/>\nUbicada en la alameda O\u2019Higgins, entre Traslavi\u00f1a y Salinas -Riquelme y Molina-, \u2018La Pileta de los Sapitos\u2019, durante d\u00e9cadas fuetestigo del inicio de muchas historias de amor, as\u00ed como tambi\u00e9n un espacio de relajo y recreaci\u00f3n durante las sofocantes tardes de verano.<br \/>\nRecuperar este lugar, va mucho m\u00e1s all\u00e1 de volver a mirar la alberca y las 4 figuras de anfibios apostadas en la parte superior; tiene un sentido inmaterial, de identidad y cercan\u00eda del sanfelipe\u00f1o con su pueblo, con las ra\u00edces de un San Felipe que procura crecer sin olvidar las historias que lo hacen fecundo.<br \/>\nSeguramente a partir de hoy (ayer), volver\u00e1n a vivirse historias como las de la se\u00f1ora Gabriela Garc\u00eda Toro, conocida parvularia sanfelipe\u00f1a, actualmente vecina de calle Riquelme, quien lleg\u00f3 hasta \u2018La Pileta de los Sapitos\u2019, con una foto que la llev\u00f3 a viajar en el tiempo y recordar c\u00f3mo se gest\u00f3 lo que actualmente es su familia.<br \/>\n\u201cMis suegros viv\u00edan ac\u00e1 al frente (donde est\u00e1 la funeraria), ah\u00ed ten\u00edan el negocio \u2018El Bolero\u2019. Cuando yo empec\u00e9 a pololear con mi marido, \u00e9l me tra\u00eda a esta pileta, me contaba historias hermosas y yo se las cre\u00eda todas, aqu\u00ed decidimos casarnos y luego cuando tuvimos hijos ellos tambi\u00e9n ven\u00eda a jugar con los sapitos\u201d, cont\u00f3 la Sra. Gabriela, quien luego de 53 a\u00f1os de casada, rememora parte de su historia de vida, que la liga \u00edntimamente con este espacio de la alameda O\u2019Higgins.<br \/>\nPara la Sra. Gioconda Grande Vel\u00e1squez, los recuerdos de juventud, tras ver la nueva \u2018Pileta de los Sapitos\u2019, se vienen a la memoria como si hubiesen ocurrido hace un mes. Cuenta que, si bien, no fue para pasear con ning\u00fan amor adolescente, s\u00ed, el lugar era ideal para juntarse a estudiar con sus compa\u00f1eras de colegio.<br \/>\n\u201cNos junt\u00e1bamos aqu\u00ed a las 6 de la ma\u00f1ana en punto a estudiar en \u00e9poca de ex\u00e1menes, ahora vivo cerca de la Iglesia La Merced, pero no me pod\u00eda perder esta inauguraci\u00f3n que me trae tantos recuerdos, yo no polole\u00e9, no fui tan enamorada, pero estoy muy emocionada porque es parte de lo que fue mi juventud\u201d, relat\u00f3 quien tambi\u00e9n fuera Educadora de P\u00e1rvulos.<br \/>\nEl alcalde Freire, asegur\u00f3 que este tipo de historias le otorgan un valor agregado a los proyectos, argumentando que \u201cuna peque\u00f1a obra que llega a los corazones de los sanfelipe\u00f1os, la recuperaci\u00f3n de un patrimonio nuestro y eso es lo importante, recuperar parte de nuestra historia, de lo que es y fue San Felipe\u201d, valor\u00f3.<br \/>\nEl edil destac\u00f3 tambi\u00e9n, que los trabajos hayan sido ejecutados en un 100% por los trabajadores municipales de talleres, en una obra llena de amor, financiada con recursos municipales y que demuestra el compromiso de querer seguir recuperando la historia de la comuna.<br \/>\n\u201cTenemos un desaf\u00edo con la gente de talleres, que es recuperar la antigua pileta central de nuestra plaza, para el gozo de los sanfelipe\u00f1os que pudieron verla y que actualmente est\u00e1 en un rinc\u00f3n de los talleres\u201d, anunci\u00f3 Freire, destacando que se trata de la pileta original con una antig\u00fcedad que data de la d\u00e9cada de los 30 y cuyo emplazamiento se definir\u00e1 pr\u00f3ximamente.<\/p>\n<figure id=\"attachment_74004\" aria-describedby=\"caption-attachment-74004\" style=\"width: 530px\" class=\"wp-caption alignleft\"><a href=\"http:\/\/www.eltrabajo.cl\/portal\/pileta-de-los-sapitos-se-transformo-en-una-verdadera-maquina-del-tiempo-en-san-felipe\/sapitos\/\" rel=\"attachment wp-att-74004\"><img data-recalc-dims=\"1\" loading=\"lazy\" decoding=\"async\" class=\"size-full wp-image-74004\" src=\"https:\/\/i0.wp.com\/www.eltrabajo.cl\/portal\/wp-content\/uploads\/2016\/09\/sapitos.jpg?resize=530%2C350\" alt=\"Anoche, al cierre de la presente edici\u00f3n, numerosos sanfelipe\u00f1os -y entre ellos el Alcalde Patricio Freire que desde ayer en la tarde dej\u00f3 sus funciones para asumir su campa\u00f1a a la reelecci\u00f3n- a\u00fan estaban en la restaurada pileta de los sapitos en avenida O'Higgins, disfrutando de esta sencilla y econ\u00f3mica obra asumida por personal de los talleres municipales, la que sin embargo ha tenido un tremendo impacto en la comunidad. (Foto Roberto Gonz\u00e1lez Short).\" width=\"530\" height=\"350\" srcset=\"https:\/\/i0.wp.com\/eltrabajo.cl\/portal\/wp-content\/uploads\/2016\/09\/sapitos.jpg?w=530&amp;ssl=1 530w, https:\/\/i0.wp.com\/eltrabajo.cl\/portal\/wp-content\/uploads\/2016\/09\/sapitos.jpg?resize=200%2C132&amp;ssl=1 200w, https:\/\/i0.wp.com\/eltrabajo.cl\/portal\/wp-content\/uploads\/2016\/09\/sapitos.jpg?resize=300%2C198&amp;ssl=1 300w, https:\/\/i0.wp.com\/eltrabajo.cl\/portal\/wp-content\/uploads\/2016\/09\/sapitos.jpg?resize=227%2C150&amp;ssl=1 227w, https:\/\/i0.wp.com\/eltrabajo.cl\/portal\/wp-content\/uploads\/2016\/09\/sapitos.jpg?resize=400%2C264&amp;ssl=1 400w\" sizes=\"auto, (max-width: 530px) 100vw, 530px\" \/><\/a><figcaption id=\"caption-attachment-74004\" class=\"wp-caption-text\">Anoche, al cierre de la presente edici\u00f3n, numerosos sanfelipe\u00f1os -y entre ellos el Alcalde Patricio Freire que desde ayer en la tarde dej\u00f3 sus funciones para asumir su campa\u00f1a a la reelecci\u00f3n- a\u00fan estaban en la restaurada pileta de los sapitos en avenida O&#8217;Higgins, disfrutando de esta sencilla y econ\u00f3mica obra asumida por personal de los talleres municipales, la que sin embargo ha tenido un tremendo impacto en la comunidad. (Foto Roberto Gonz\u00e1lez Short).<\/figcaption><\/figure>\n<figure id=\"attachment_74005\" aria-describedby=\"caption-attachment-74005\" style=\"width: 530px\" class=\"wp-caption alignleft\"><a href=\"http:\/\/www.eltrabajo.cl\/portal\/pileta-de-los-sapitos-se-transformo-en-una-verdadera-maquina-del-tiempo-en-san-felipe\/foto-4-bandejon-de-alameda-ohiggins\/\" rel=\"attachment wp-att-74005\"><img data-recalc-dims=\"1\" loading=\"lazy\" decoding=\"async\" class=\"size-full wp-image-74005\" src=\"https:\/\/i0.wp.com\/www.eltrabajo.cl\/portal\/wp-content\/uploads\/2016\/09\/FOTO-4-bandej%C3%B3n-de-alameda-O%E2%80%99Higgins.jpg?resize=530%2C350\" alt=\"As\u00ed qued\u00f3 la recuperaci\u00f3n del bandej\u00f3n de alameda O\u2019Higgins, entre Traslavi\u00f1a y Salinas.\" width=\"530\" height=\"350\" srcset=\"https:\/\/i0.wp.com\/eltrabajo.cl\/portal\/wp-content\/uploads\/2016\/09\/FOTO-4-bandej%C3%B3n-de-alameda-O%E2%80%99Higgins.jpg?w=530&amp;ssl=1 530w, https:\/\/i0.wp.com\/eltrabajo.cl\/portal\/wp-content\/uploads\/2016\/09\/FOTO-4-bandej%C3%B3n-de-alameda-O%E2%80%99Higgins.jpg?resize=200%2C132&amp;ssl=1 200w, https:\/\/i0.wp.com\/eltrabajo.cl\/portal\/wp-content\/uploads\/2016\/09\/FOTO-4-bandej%C3%B3n-de-alameda-O%E2%80%99Higgins.jpg?resize=300%2C198&amp;ssl=1 300w, https:\/\/i0.wp.com\/eltrabajo.cl\/portal\/wp-content\/uploads\/2016\/09\/FOTO-4-bandej%C3%B3n-de-alameda-O%E2%80%99Higgins.jpg?resize=227%2C150&amp;ssl=1 227w, https:\/\/i0.wp.com\/eltrabajo.cl\/portal\/wp-content\/uploads\/2016\/09\/FOTO-4-bandej%C3%B3n-de-alameda-O%E2%80%99Higgins.jpg?resize=400%2C264&amp;ssl=1 400w\" sizes=\"auto, (max-width: 530px) 100vw, 530px\" \/><\/a><figcaption id=\"caption-attachment-74005\" class=\"wp-caption-text\">As\u00ed qued\u00f3 la recuperaci\u00f3n del bandej\u00f3n de alameda O\u2019Higgins, entre Traslavi\u00f1a y Salinas.<\/figcaption><\/figure>\n<figure id=\"attachment_74006\" aria-describedby=\"caption-attachment-74006\" style=\"width: 530px\" class=\"wp-caption alignleft\"><a href=\"http:\/\/www.eltrabajo.cl\/portal\/pileta-de-los-sapitos-se-transformo-en-una-verdadera-maquina-del-tiempo-en-san-felipe\/foto-2-imagen-de-la-familia-de-la-sra-gabriela-garcia\/\" rel=\"attachment wp-att-74006\"><img data-recalc-dims=\"1\" loading=\"lazy\" decoding=\"async\" class=\"size-full wp-image-74006\" src=\"https:\/\/i0.wp.com\/www.eltrabajo.cl\/portal\/wp-content\/uploads\/2016\/09\/FOTO-2-Imagen-de-la-Familia-de-la-Sra.-Gabriela-Garc%C3%ADa.jpg?resize=530%2C349\" alt=\"Imagen de la Familia de la Sra. Gabriela Garc\u00eda Toro hace 40 a\u00f1os en la antigua Pileta de los Sapitos.\" width=\"530\" height=\"349\" srcset=\"https:\/\/i0.wp.com\/eltrabajo.cl\/portal\/wp-content\/uploads\/2016\/09\/FOTO-2-Imagen-de-la-Familia-de-la-Sra.-Gabriela-Garc%C3%ADa.jpg?w=530&amp;ssl=1 530w, https:\/\/i0.wp.com\/eltrabajo.cl\/portal\/wp-content\/uploads\/2016\/09\/FOTO-2-Imagen-de-la-Familia-de-la-Sra.-Gabriela-Garc%C3%ADa.jpg?resize=200%2C132&amp;ssl=1 200w, https:\/\/i0.wp.com\/eltrabajo.cl\/portal\/wp-content\/uploads\/2016\/09\/FOTO-2-Imagen-de-la-Familia-de-la-Sra.-Gabriela-Garc%C3%ADa.jpg?resize=300%2C198&amp;ssl=1 300w, https:\/\/i0.wp.com\/eltrabajo.cl\/portal\/wp-content\/uploads\/2016\/09\/FOTO-2-Imagen-de-la-Familia-de-la-Sra.-Gabriela-Garc%C3%ADa.jpg?resize=228%2C150&amp;ssl=1 228w, https:\/\/i0.wp.com\/eltrabajo.cl\/portal\/wp-content\/uploads\/2016\/09\/FOTO-2-Imagen-de-la-Familia-de-la-Sra.-Gabriela-Garc%C3%ADa.jpg?resize=400%2C263&amp;ssl=1 400w\" sizes=\"auto, (max-width: 530px) 100vw, 530px\" \/><\/a><figcaption id=\"caption-attachment-74006\" class=\"wp-caption-text\">Imagen de la Familia de la Sra. Gabriela Garc\u00eda Toro hace 40 a\u00f1os en la antigua Pileta de los Sapitos.<\/figcaption><\/figure>\n<figure id=\"attachment_74007\" aria-describedby=\"caption-attachment-74007\" style=\"width: 530px\" class=\"wp-caption alignleft\"><a href=\"http:\/\/www.eltrabajo.cl\/portal\/pileta-de-los-sapitos-se-transformo-en-una-verdadera-maquina-del-tiempo-en-san-felipe\/foto-1-gabriela-garcia-toro-y-gioconda-grande-velasquez\/\" rel=\"attachment wp-att-74007\"><img data-recalc-dims=\"1\" loading=\"lazy\" decoding=\"async\" class=\"size-full wp-image-74007\" src=\"https:\/\/i0.wp.com\/www.eltrabajo.cl\/portal\/wp-content\/uploads\/2016\/09\/FOTO-1-Gabriela-Garc%C3%ADa-Toro-y-Gioconda-Grande-Velasquez.jpg?resize=530%2C348\" alt=\"Gabriela Garc\u00eda Toro y Gioconda Grande Vel\u00e1squez, destacadas educadoras sanfelipe\u00f1as, contaron parte de su v\u00ednculo emocional con la restauraci\u00f3n de la Pileta de los Sapitos.\" width=\"530\" height=\"348\" srcset=\"https:\/\/i0.wp.com\/eltrabajo.cl\/portal\/wp-content\/uploads\/2016\/09\/FOTO-1-Gabriela-Garc%C3%ADa-Toro-y-Gioconda-Grande-Velasquez.jpg?w=530&amp;ssl=1 530w, https:\/\/i0.wp.com\/eltrabajo.cl\/portal\/wp-content\/uploads\/2016\/09\/FOTO-1-Gabriela-Garc%C3%ADa-Toro-y-Gioconda-Grande-Velasquez.jpg?resize=200%2C131&amp;ssl=1 200w, https:\/\/i0.wp.com\/eltrabajo.cl\/portal\/wp-content\/uploads\/2016\/09\/FOTO-1-Gabriela-Garc%C3%ADa-Toro-y-Gioconda-Grande-Velasquez.jpg?resize=300%2C197&amp;ssl=1 300w, https:\/\/i0.wp.com\/eltrabajo.cl\/portal\/wp-content\/uploads\/2016\/09\/FOTO-1-Gabriela-Garc%C3%ADa-Toro-y-Gioconda-Grande-Velasquez.jpg?resize=228%2C150&amp;ssl=1 228w, https:\/\/i0.wp.com\/eltrabajo.cl\/portal\/wp-content\/uploads\/2016\/09\/FOTO-1-Gabriela-Garc%C3%ADa-Toro-y-Gioconda-Grande-Velasquez.jpg?resize=400%2C263&amp;ssl=1 400w\" sizes=\"auto, (max-width: 530px) 100vw, 530px\" \/><\/a><figcaption id=\"caption-attachment-74007\" class=\"wp-caption-text\">Gabriela Garc\u00eda Toro y Gioconda Grande Vel\u00e1squez, destacadas educadoras sanfelipe\u00f1as, contaron parte de su v\u00ednculo emocional con la restauraci\u00f3n de la Pileta de los Sapitos.<\/figcaption><\/figure>\n<p>&nbsp;<\/p>\n","protected":false},"excerpt":{"rendered":"<p>En una emotiva ceremonia, alcalde Freire, junto a su Concejo Municipal y gran cantidad de vecinos y vecinas de la comuna, inauguraron la restauraci\u00f3n que los trabajadores de talleres municipales, realizaron a&#8230;<\/p>\n","protected":false},"author":1,"featured_media":74004,"comment_status":"open","ping_status":"open","sticky":false,"template":"","format":"standard","meta":{"advanced_seo_description":"","jetpack_seo_html_title":"","jetpack_seo_noindex":false,"_jetpack_memberships_contains_paid_content":false,"footnotes":""},"categories":[1],"tags":[],"class_list":["post-74003","post","type-post","status-publish","format-standard","has-post-thumbnail","hentry","category-cronica"],"jetpack_featured_media_url":"https:\/\/i0.wp.com\/eltrabajo.cl\/portal\/wp-content\/uploads\/2016\/09\/sapitos.jpg?fit=530%2C350&ssl=1","jetpack_sharing_enabled":true,"jetpack_likes_enabled":true,"jetpack-related-posts":[],"_links":{"self":[{"href":"https:\/\/eltrabajo.cl\/portal\/wp-json\/wp\/v2\/posts\/74003","targetHints":{"allow":["GET"]}}],"collection":[{"href":"https:\/\/eltrabajo.cl\/portal\/wp-json\/wp\/v2\/posts"}],"about":[{"href":"https:\/\/eltrabajo.cl\/portal\/wp-json\/wp\/v2\/types\/post"}],"author":[{"embeddable":true,"href":"https:\/\/eltrabajo.cl\/portal\/wp-json\/wp\/v2\/users\/1"}],"replies":[{"embeddable":true,"href":"https:\/\/eltrabajo.cl\/portal\/wp-json\/wp\/v2\/comments?post=74003"}],"version-history":[{"count":0,"href":"https:\/\/eltrabajo.cl\/portal\/wp-json\/wp\/v2\/posts\/74003\/revisions"}],"wp:featuredmedia":[{"embeddable":true,"href":"https:\/\/eltrabajo.cl\/portal\/wp-json\/wp\/v2\/media\/74004"}],"wp:attachment":[{"href":"https:\/\/eltrabajo.cl\/portal\/wp-json\/wp\/v2\/media?parent=74003"}],"wp:term":[{"taxonomy":"category","embeddable":true,"href":"https:\/\/eltrabajo.cl\/portal\/wp-json\/wp\/v2\/categories?post=74003"},{"taxonomy":"post_tag","embeddable":true,"href":"https:\/\/eltrabajo.cl\/portal\/wp-json\/wp\/v2\/tags?post=74003"}],"curies":[{"name":"wp","href":"https:\/\/api.w.org\/{rel}","templated":true}]}}