{"id":74016,"date":"2016-09-26T08:46:10","date_gmt":"2016-09-26T11:46:10","guid":{"rendered":"http:\/\/www.eltrabajo.cl\/portal\/?p=74016"},"modified":"2016-09-26T08:46:10","modified_gmt":"2016-09-26T11:46:10","slug":"locura-infantil-con-la-obra-el-osito-totito-y-el-abuelito-rolansueno","status":"publish","type":"post","link":"https:\/\/eltrabajo.cl\/portal\/locura-infantil-con-la-obra-el-osito-totito-y-el-abuelito-rolansueno\/","title":{"rendered":"Locura infantil con la obra \u2018El osito Totito y el Abuelito Rolansue\u00f1o\u2019"},"content":{"rendered":"<ul>\n<li><strong>Ni\u00f1os sanfelipe\u00f1os ayudaron a rescatar un anciano en apuros:<\/strong><\/li>\n<\/ul>\n<p>Toda una emocionante aventura, es la que vivieron cientos de ni\u00f1os sanfelipe\u00f1os en el teatro municipal de San Felipe, tras la presentaci\u00f3n de la obra teatral de t\u00edteres \u2018El osito Totito y el Abuelito Rolansue\u00f1o\u2019, que la Compa\u00f1\u00eda de Teatro de T\u00edteres Hermanos Olmos, present\u00f3 en coordinaci\u00f3n con el Departamento Municipal de Cultura.<br \/>\nLa obra trata de un desfile de personajes, que van interactuando con el p\u00fablico m\u00e1s exigente de todos, los ni\u00f1os. Es por ello que mientras se desarrollan las historias, bailes y di\u00e1logos, siempre aparece un pato entrometido dispuesto a ganarse expulsi\u00f3n tras expulsi\u00f3n del escenario, hasta que al final es aceptado por todos.<br \/>\nEl eje principal de la obra, tiene que ver con el amor y respeto que debemos dar siempre a los adultos mayores; trata tambi\u00e9n de un villano que logra enga\u00f1ar y someter al abuelo del cuento para explotarlo y hacerlo trabajar, los ni\u00f1os se al\u00edan con un loro (el mejor amigo del Abuelito Rolansue\u00f1o) y as\u00ed liberan al anciano. Juego de magia y colores, los ni\u00f1os participan de lleno para el desarrollo de la trama, impecable y tierna propuesta que estos artistas ofrecieron en nuestra comuna.<br \/>\nRoberto Gonz\u00e1lez Short<\/p>\n<figure id=\"attachment_74017\" aria-describedby=\"caption-attachment-74017\" style=\"width: 530px\" class=\"wp-caption alignleft\"><a href=\"http:\/\/www.eltrabajo.cl\/portal\/locura-infantil-con-la-obra-el-osito-totito-y-el-abuelito-rolansueno\/abuelito1\/\" rel=\"attachment wp-att-74017\"><img data-recalc-dims=\"1\" loading=\"lazy\" decoding=\"async\" class=\"size-full wp-image-74017\" src=\"https:\/\/i0.wp.com\/www.eltrabajo.cl\/portal\/wp-content\/uploads\/2016\/09\/Abuelito1.jpg?resize=530%2C349\" alt=\"SIEMPRE LOS VILLANOS.- Aqu\u00ed tenemos al villano del cuento, intentando enga\u00f1ar al abuelito de la historia.\" width=\"530\" height=\"349\" srcset=\"https:\/\/i0.wp.com\/eltrabajo.cl\/portal\/wp-content\/uploads\/2016\/09\/Abuelito1.jpg?w=530&amp;ssl=1 530w, https:\/\/i0.wp.com\/eltrabajo.cl\/portal\/wp-content\/uploads\/2016\/09\/Abuelito1.jpg?resize=200%2C132&amp;ssl=1 200w, https:\/\/i0.wp.com\/eltrabajo.cl\/portal\/wp-content\/uploads\/2016\/09\/Abuelito1.jpg?resize=300%2C198&amp;ssl=1 300w, https:\/\/i0.wp.com\/eltrabajo.cl\/portal\/wp-content\/uploads\/2016\/09\/Abuelito1.jpg?resize=228%2C150&amp;ssl=1 228w, https:\/\/i0.wp.com\/eltrabajo.cl\/portal\/wp-content\/uploads\/2016\/09\/Abuelito1.jpg?resize=400%2C263&amp;ssl=1 400w\" sizes=\"auto, (max-width: 530px) 100vw, 530px\" \/><\/a><figcaption id=\"caption-attachment-74017\" class=\"wp-caption-text\">SIEMPRE LOS VILLANOS.- Aqu\u00ed tenemos al villano del cuento, intentando enga\u00f1ar al abuelito de la historia.<\/figcaption><\/figure>\n<figure id=\"attachment_74018\" aria-describedby=\"caption-attachment-74018\" style=\"width: 530px\" class=\"wp-caption alignleft\"><a href=\"http:\/\/www.eltrabajo.cl\/portal\/locura-infantil-con-la-obra-el-osito-totito-y-el-abuelito-rolansueno\/hipnotizados33\/\" rel=\"attachment wp-att-74018\"><img data-recalc-dims=\"1\" loading=\"lazy\" decoding=\"async\" class=\"size-full wp-image-74018\" src=\"https:\/\/i0.wp.com\/www.eltrabajo.cl\/portal\/wp-content\/uploads\/2016\/09\/Hipnotizados33.jpg?resize=530%2C350\" alt=\"TAMBI\u00c9N PROTAGONISTAS.- Los ni\u00f1os ayudaron finalmente al rescate del abuelo secuestrado, un cl\u00e1sico del teatro infantil de todos los tiempos.\" width=\"530\" height=\"350\" srcset=\"https:\/\/i0.wp.com\/eltrabajo.cl\/portal\/wp-content\/uploads\/2016\/09\/Hipnotizados33.jpg?w=530&amp;ssl=1 530w, https:\/\/i0.wp.com\/eltrabajo.cl\/portal\/wp-content\/uploads\/2016\/09\/Hipnotizados33.jpg?resize=200%2C132&amp;ssl=1 200w, https:\/\/i0.wp.com\/eltrabajo.cl\/portal\/wp-content\/uploads\/2016\/09\/Hipnotizados33.jpg?resize=300%2C198&amp;ssl=1 300w, https:\/\/i0.wp.com\/eltrabajo.cl\/portal\/wp-content\/uploads\/2016\/09\/Hipnotizados33.jpg?resize=227%2C150&amp;ssl=1 227w, https:\/\/i0.wp.com\/eltrabajo.cl\/portal\/wp-content\/uploads\/2016\/09\/Hipnotizados33.jpg?resize=400%2C264&amp;ssl=1 400w\" sizes=\"auto, (max-width: 530px) 100vw, 530px\" \/><\/a><figcaption id=\"caption-attachment-74018\" class=\"wp-caption-text\">TAMBI\u00c9N PROTAGONISTAS.- Los ni\u00f1os ayudaron finalmente al rescate del abuelo secuestrado, un cl\u00e1sico del teatro infantil de todos los tiempos.<\/figcaption><\/figure>\n<figure id=\"attachment_74019\" aria-describedby=\"caption-attachment-74019\" style=\"width: 530px\" class=\"wp-caption alignleft\"><a href=\"http:\/\/www.eltrabajo.cl\/portal\/locura-infantil-con-la-obra-el-osito-totito-y-el-abuelito-rolansueno\/titiriteros33\/\" rel=\"attachment wp-att-74019\"><img data-recalc-dims=\"1\" loading=\"lazy\" decoding=\"async\" class=\"size-full wp-image-74019\" src=\"https:\/\/i0.wp.com\/www.eltrabajo.cl\/portal\/wp-content\/uploads\/2016\/09\/Titiriteros33.jpg?resize=530%2C349\" alt=\"FAMILIA DE ACTORES.- Ellos son Rolando Olmos (padre e hijo) y Jonathan Olmos (ausente Sebasti\u00e1n), dos generaciones de artistas chilenos que este fin de semana lo pasaron de maravilla con los ni\u00f1os sanfelipe\u00f1os.\" width=\"530\" height=\"349\" srcset=\"https:\/\/i0.wp.com\/eltrabajo.cl\/portal\/wp-content\/uploads\/2016\/09\/Titiriteros33.jpg?w=530&amp;ssl=1 530w, https:\/\/i0.wp.com\/eltrabajo.cl\/portal\/wp-content\/uploads\/2016\/09\/Titiriteros33.jpg?resize=200%2C132&amp;ssl=1 200w, https:\/\/i0.wp.com\/eltrabajo.cl\/portal\/wp-content\/uploads\/2016\/09\/Titiriteros33.jpg?resize=300%2C198&amp;ssl=1 300w, https:\/\/i0.wp.com\/eltrabajo.cl\/portal\/wp-content\/uploads\/2016\/09\/Titiriteros33.jpg?resize=228%2C150&amp;ssl=1 228w, https:\/\/i0.wp.com\/eltrabajo.cl\/portal\/wp-content\/uploads\/2016\/09\/Titiriteros33.jpg?resize=400%2C263&amp;ssl=1 400w\" sizes=\"auto, (max-width: 530px) 100vw, 530px\" \/><\/a><figcaption id=\"caption-attachment-74019\" class=\"wp-caption-text\">FAMILIA DE ACTORES.- Ellos son Rolando Olmos (padre e hijo) y Jonathan Olmos (ausente Sebasti\u00e1n), dos generaciones de artistas chilenos que este fin de semana lo pasaron de maravilla con los ni\u00f1os sanfelipe\u00f1os.<\/figcaption><\/figure>\n","protected":false},"excerpt":{"rendered":"<p>Ni\u00f1os sanfelipe\u00f1os ayudaron a rescatar un anciano en apuros: Toda una emocionante aventura, es la que vivieron cientos de ni\u00f1os sanfelipe\u00f1os en el teatro municipal de San Felipe, tras la presentaci\u00f3n de&#8230;<\/p>\n","protected":false},"author":1,"featured_media":74018,"comment_status":"open","ping_status":"open","sticky":false,"template":"","format":"standard","meta":{"advanced_seo_description":"","jetpack_seo_html_title":"","jetpack_seo_noindex":false,"_jetpack_memberships_contains_paid_content":false,"footnotes":""},"categories":[20],"tags":[],"class_list":["post-74016","post","type-post","status-publish","format-standard","has-post-thumbnail","hentry","category-arte-y-cultura"],"jetpack_featured_media_url":"https:\/\/i0.wp.com\/eltrabajo.cl\/portal\/wp-content\/uploads\/2016\/09\/Hipnotizados33.jpg?fit=530%2C350&ssl=1","jetpack_sharing_enabled":true,"jetpack_likes_enabled":true,"jetpack-related-posts":[],"_links":{"self":[{"href":"https:\/\/eltrabajo.cl\/portal\/wp-json\/wp\/v2\/posts\/74016","targetHints":{"allow":["GET"]}}],"collection":[{"href":"https:\/\/eltrabajo.cl\/portal\/wp-json\/wp\/v2\/posts"}],"about":[{"href":"https:\/\/eltrabajo.cl\/portal\/wp-json\/wp\/v2\/types\/post"}],"author":[{"embeddable":true,"href":"https:\/\/eltrabajo.cl\/portal\/wp-json\/wp\/v2\/users\/1"}],"replies":[{"embeddable":true,"href":"https:\/\/eltrabajo.cl\/portal\/wp-json\/wp\/v2\/comments?post=74016"}],"version-history":[{"count":0,"href":"https:\/\/eltrabajo.cl\/portal\/wp-json\/wp\/v2\/posts\/74016\/revisions"}],"wp:featuredmedia":[{"embeddable":true,"href":"https:\/\/eltrabajo.cl\/portal\/wp-json\/wp\/v2\/media\/74018"}],"wp:attachment":[{"href":"https:\/\/eltrabajo.cl\/portal\/wp-json\/wp\/v2\/media?parent=74016"}],"wp:term":[{"taxonomy":"category","embeddable":true,"href":"https:\/\/eltrabajo.cl\/portal\/wp-json\/wp\/v2\/categories?post=74016"},{"taxonomy":"post_tag","embeddable":true,"href":"https:\/\/eltrabajo.cl\/portal\/wp-json\/wp\/v2\/tags?post=74016"}],"curies":[{"name":"wp","href":"https:\/\/api.w.org\/{rel}","templated":true}]}}