{"id":74030,"date":"2016-09-26T09:03:12","date_gmt":"2016-09-26T12:03:12","guid":{"rendered":"http:\/\/www.eltrabajo.cl\/portal\/?p=74030"},"modified":"2016-09-26T09:03:12","modified_gmt":"2016-09-26T12:03:12","slug":"homenaje-a-violeta-parra-despues-de-vivir-100-anos-en-el-teatro-municipal","status":"publish","type":"post","link":"https:\/\/eltrabajo.cl\/portal\/homenaje-a-violeta-parra-despues-de-vivir-100-anos-en-el-teatro-municipal\/","title":{"rendered":"Homenaje a Violeta Parra \u2018Despu\u00e9s de vivir 100 a\u00f1os\u2019 en el Teatro Municipal"},"content":{"rendered":"<ul>\n<li><strong>Presentado por Ival\u00fa &amp; Ars-Nova:<\/strong><\/li>\n<\/ul>\n<p>Un c\u00e1lido concierto para celebrar los 100 a\u00f1os del nacimiento de Violeta Parra, los que se cumplir\u00e1n en 2017, es el que ofreci\u00f3 este fin de semana Ival\u00fa &amp; Ars Nova Chile, en una \u00fanica funci\u00f3n de Homenaje Violeta, despu\u00e9s de vivir un siglo, en el teatro municipal de San Felipe y gracias al esfuerzo que el Departamento de Cultura viene realizando para presentar eventos de calidad y solidez digna de las grandes ciudades.<br \/>\n\u00abNosotros vemos la necesidad de honrar a nuestros grandes artistas ausentes como Violeta y V\u00edctor, nos dimos a la tarea de meternos en los arreglos y ensayos para crear este evento, ofrecimos las mejores canciones de Parra y las m\u00e1s significativas, aunque en ella, todo es para no olvidar, nos estamos adelantando porque sabemos que el Gobierno ofrecer\u00e1 el otro a\u00f1o muchos conciertos y homenajes\u00bb, dijo a Diario El Trabajo el director de Ars-Nova, uno de los artistas que hace a\u00f1os acompa\u00f1\u00f3 a Mercedes Sosa y Chancho en Piedra, Roberto Padilla.<br \/>\nRoberto Gonz\u00e1lez S.<\/p>\n<figure id=\"attachment_74031\" aria-describedby=\"caption-attachment-74031\" style=\"width: 530px\" class=\"wp-caption alignleft\"><a href=\"http:\/\/www.eltrabajo.cl\/portal\/homenaje-a-violeta-parra-despues-de-vivir-100-anos-en-el-teatro-municipal\/fiebres1\/\" rel=\"attachment wp-att-74031\"><img data-recalc-dims=\"1\" loading=\"lazy\" decoding=\"async\" class=\"size-full wp-image-74031\" src=\"https:\/\/i0.wp.com\/www.eltrabajo.cl\/portal\/wp-content\/uploads\/2016\/09\/Fiebres1.jpg?resize=530%2C350\" alt=\"FIEBRES DE VIOLETA.- Cientos de sanfelipe\u00f1os acudieron al teatro municipal para degustar de estos 15 \u00e9xitos de la gran Violeta Parra.\" width=\"530\" height=\"350\" srcset=\"https:\/\/i0.wp.com\/eltrabajo.cl\/portal\/wp-content\/uploads\/2016\/09\/Fiebres1.jpg?w=530&amp;ssl=1 530w, https:\/\/i0.wp.com\/eltrabajo.cl\/portal\/wp-content\/uploads\/2016\/09\/Fiebres1.jpg?resize=200%2C132&amp;ssl=1 200w, https:\/\/i0.wp.com\/eltrabajo.cl\/portal\/wp-content\/uploads\/2016\/09\/Fiebres1.jpg?resize=300%2C198&amp;ssl=1 300w, https:\/\/i0.wp.com\/eltrabajo.cl\/portal\/wp-content\/uploads\/2016\/09\/Fiebres1.jpg?resize=227%2C150&amp;ssl=1 227w, https:\/\/i0.wp.com\/eltrabajo.cl\/portal\/wp-content\/uploads\/2016\/09\/Fiebres1.jpg?resize=400%2C264&amp;ssl=1 400w\" sizes=\"auto, (max-width: 530px) 100vw, 530px\" \/><\/a><figcaption id=\"caption-attachment-74031\" class=\"wp-caption-text\">FIEBRES DE VIOLETA.- Cientos de sanfelipe\u00f1os acudieron al teatro municipal para degustar de estos 15 \u00e9xitos de la gran Violeta Parra.<\/figcaption><\/figure>\n<figure id=\"attachment_74032\" aria-describedby=\"caption-attachment-74032\" style=\"width: 530px\" class=\"wp-caption alignleft\"><a href=\"http:\/\/www.eltrabajo.cl\/portal\/homenaje-a-violeta-parra-despues-de-vivir-100-anos-en-el-teatro-municipal\/ivalu1\/\" rel=\"attachment wp-att-74032\"><img data-recalc-dims=\"1\" loading=\"lazy\" decoding=\"async\" class=\"size-full wp-image-74032\" src=\"https:\/\/i0.wp.com\/www.eltrabajo.cl\/portal\/wp-content\/uploads\/2016\/09\/Ivalu1.jpg?resize=530%2C350\" alt=\"EL ELENCO.- Ellos son: Roberto Padilla (guitarra, saxof\u00f3n y vientos); Geovany Salinas (percusi\u00f3n); Hern\u00e1n De Calixto (bajo y charango); Michael Lameles (piano) y la cotizada artista nacional Ival\u00fa Bi\u00e9nsobas, la voz principal.\" width=\"530\" height=\"350\" srcset=\"https:\/\/i0.wp.com\/eltrabajo.cl\/portal\/wp-content\/uploads\/2016\/09\/Ivalu1.jpg?w=530&amp;ssl=1 530w, https:\/\/i0.wp.com\/eltrabajo.cl\/portal\/wp-content\/uploads\/2016\/09\/Ivalu1.jpg?resize=200%2C132&amp;ssl=1 200w, https:\/\/i0.wp.com\/eltrabajo.cl\/portal\/wp-content\/uploads\/2016\/09\/Ivalu1.jpg?resize=300%2C198&amp;ssl=1 300w, https:\/\/i0.wp.com\/eltrabajo.cl\/portal\/wp-content\/uploads\/2016\/09\/Ivalu1.jpg?resize=227%2C150&amp;ssl=1 227w, https:\/\/i0.wp.com\/eltrabajo.cl\/portal\/wp-content\/uploads\/2016\/09\/Ivalu1.jpg?resize=400%2C264&amp;ssl=1 400w\" sizes=\"auto, (max-width: 530px) 100vw, 530px\" \/><\/a><figcaption id=\"caption-attachment-74032\" class=\"wp-caption-text\">EL ELENCO.- Ellos son: Roberto Padilla (guitarra, saxof\u00f3n y vientos); Geovany Salinas (percusi\u00f3n); Hern\u00e1n De Calixto (bajo y charango); Michael Lameles (piano) y la cotizada artista nacional Ival\u00fa Bi\u00e9nsobas, la voz principal.<\/figcaption><\/figure>\n<figure id=\"attachment_74033\" aria-describedby=\"caption-attachment-74033\" style=\"width: 530px\" class=\"wp-caption alignleft\"><a href=\"http:\/\/www.eltrabajo.cl\/portal\/homenaje-a-violeta-parra-despues-de-vivir-100-anos-en-el-teatro-municipal\/ivalu33\/\" rel=\"attachment wp-att-74033\"><img data-recalc-dims=\"1\" loading=\"lazy\" decoding=\"async\" class=\"size-full wp-image-74033\" src=\"https:\/\/i0.wp.com\/www.eltrabajo.cl\/portal\/wp-content\/uploads\/2016\/09\/Ivalu33.jpg?resize=530%2C349\" alt=\"SIEMPRE IVAL\u00da.- As\u00ed brill\u00f3 Ival\u00fa, con la imagen de Violeta al fondo, en este homenaje especial a Parra.\" width=\"530\" height=\"349\" srcset=\"https:\/\/i0.wp.com\/eltrabajo.cl\/portal\/wp-content\/uploads\/2016\/09\/Ivalu33.jpg?w=530&amp;ssl=1 530w, https:\/\/i0.wp.com\/eltrabajo.cl\/portal\/wp-content\/uploads\/2016\/09\/Ivalu33.jpg?resize=200%2C132&amp;ssl=1 200w, https:\/\/i0.wp.com\/eltrabajo.cl\/portal\/wp-content\/uploads\/2016\/09\/Ivalu33.jpg?resize=300%2C198&amp;ssl=1 300w, https:\/\/i0.wp.com\/eltrabajo.cl\/portal\/wp-content\/uploads\/2016\/09\/Ivalu33.jpg?resize=228%2C150&amp;ssl=1 228w, https:\/\/i0.wp.com\/eltrabajo.cl\/portal\/wp-content\/uploads\/2016\/09\/Ivalu33.jpg?resize=400%2C263&amp;ssl=1 400w\" sizes=\"auto, (max-width: 530px) 100vw, 530px\" \/><\/a><figcaption id=\"caption-attachment-74033\" class=\"wp-caption-text\">SIEMPRE IVAL\u00da.- As\u00ed brill\u00f3 Ival\u00fa, con la imagen de Violeta al fondo, en este homenaje especial a Parra.<\/figcaption><\/figure>\n","protected":false},"excerpt":{"rendered":"<p>Presentado por Ival\u00fa &amp; Ars-Nova: Un c\u00e1lido concierto para celebrar los 100 a\u00f1os del nacimiento de Violeta Parra, los que se cumplir\u00e1n en 2017, es el que ofreci\u00f3 este fin de semana&#8230;<\/p>\n","protected":false},"author":1,"featured_media":74032,"comment_status":"open","ping_status":"open","sticky":false,"template":"","format":"standard","meta":{"advanced_seo_description":"","jetpack_seo_html_title":"","jetpack_seo_noindex":false,"_jetpack_memberships_contains_paid_content":false,"footnotes":""},"categories":[20],"tags":[],"class_list":["post-74030","post","type-post","status-publish","format-standard","has-post-thumbnail","hentry","category-arte-y-cultura"],"jetpack_featured_media_url":"https:\/\/i0.wp.com\/eltrabajo.cl\/portal\/wp-content\/uploads\/2016\/09\/Ivalu1.jpg?fit=530%2C350&ssl=1","jetpack_sharing_enabled":true,"jetpack_likes_enabled":true,"jetpack-related-posts":[],"_links":{"self":[{"href":"https:\/\/eltrabajo.cl\/portal\/wp-json\/wp\/v2\/posts\/74030","targetHints":{"allow":["GET"]}}],"collection":[{"href":"https:\/\/eltrabajo.cl\/portal\/wp-json\/wp\/v2\/posts"}],"about":[{"href":"https:\/\/eltrabajo.cl\/portal\/wp-json\/wp\/v2\/types\/post"}],"author":[{"embeddable":true,"href":"https:\/\/eltrabajo.cl\/portal\/wp-json\/wp\/v2\/users\/1"}],"replies":[{"embeddable":true,"href":"https:\/\/eltrabajo.cl\/portal\/wp-json\/wp\/v2\/comments?post=74030"}],"version-history":[{"count":0,"href":"https:\/\/eltrabajo.cl\/portal\/wp-json\/wp\/v2\/posts\/74030\/revisions"}],"wp:featuredmedia":[{"embeddable":true,"href":"https:\/\/eltrabajo.cl\/portal\/wp-json\/wp\/v2\/media\/74032"}],"wp:attachment":[{"href":"https:\/\/eltrabajo.cl\/portal\/wp-json\/wp\/v2\/media?parent=74030"}],"wp:term":[{"taxonomy":"category","embeddable":true,"href":"https:\/\/eltrabajo.cl\/portal\/wp-json\/wp\/v2\/categories?post=74030"},{"taxonomy":"post_tag","embeddable":true,"href":"https:\/\/eltrabajo.cl\/portal\/wp-json\/wp\/v2\/tags?post=74030"}],"curies":[{"name":"wp","href":"https:\/\/api.w.org\/{rel}","templated":true}]}}