{"id":74036,"date":"2016-09-26T09:06:21","date_gmt":"2016-09-26T12:06:21","guid":{"rendered":"http:\/\/www.eltrabajo.cl\/portal\/?p=74036"},"modified":"2016-09-26T09:06:22","modified_gmt":"2016-09-26T12:06:22","slug":"mil-panuelos-al-viento-se-batieron-el-viernes-al-ritmo-de-la-cueca-en-la-plaza","status":"publish","type":"post","link":"https:\/\/eltrabajo.cl\/portal\/mil-panuelos-al-viento-se-batieron-el-viernes-al-ritmo-de-la-cueca-en-la-plaza\/","title":{"rendered":"\u2018Mil pa\u00f1uelos al viento\u2019 se batieron el viernes al ritmo de la cueca en la plaza"},"content":{"rendered":"<p>Este fin de semana, se realiz\u00f3 en el frontis de las plazas C\u00edvica y De Armas, en San Felipe, la tercera versi\u00f3n de \u2018Mil pa\u00f1uelos al viento\u2019, jornada folcl\u00f3rica en la que toda la comunidad educativa del Liceo Mixto de San Felipe, bail\u00f3 a rienda suelta, sus mejores pazos de cueca, en honor al 276\u00ba aniversario de nuestra ciudad y al Mes Patrio.<br \/>\nLas c\u00e1maras de Diario El Trabajo, tomaron registro de esta actividad, en la que peques y grandes, bailaron su mejor cueca frente a las autoridades educativas. Es importante se\u00f1alar que los profesores de esta casa, estudiantil tambi\u00e9n participaron de estos bailes tradicionales.<\/p>\n<figure id=\"attachment_74037\" aria-describedby=\"caption-attachment-74037\" style=\"width: 530px\" class=\"wp-caption alignleft\"><a href=\"http:\/\/www.eltrabajo.cl\/portal\/mil-panuelos-al-viento-se-batieron-el-viernes-al-ritmo-de-la-cueca-en-la-plaza\/panuelo1\/\" rel=\"attachment wp-att-74037\"><img data-recalc-dims=\"1\" loading=\"lazy\" decoding=\"async\" class=\"size-full wp-image-74037\" src=\"https:\/\/i0.wp.com\/www.eltrabajo.cl\/portal\/wp-content\/uploads\/2016\/09\/Panuelo1.jpg?resize=530%2C350\" alt=\"LISTOS PA\u2019 LA CUECA.- Como si fuera el 18, as\u00ed vivieron estos peque\u00f1itos la III Jornada Mil pa\u00f1uelos al viento 2016.\" width=\"530\" height=\"350\" srcset=\"https:\/\/i0.wp.com\/eltrabajo.cl\/portal\/wp-content\/uploads\/2016\/09\/Panuelo1.jpg?w=530&amp;ssl=1 530w, https:\/\/i0.wp.com\/eltrabajo.cl\/portal\/wp-content\/uploads\/2016\/09\/Panuelo1.jpg?resize=200%2C132&amp;ssl=1 200w, https:\/\/i0.wp.com\/eltrabajo.cl\/portal\/wp-content\/uploads\/2016\/09\/Panuelo1.jpg?resize=300%2C198&amp;ssl=1 300w, https:\/\/i0.wp.com\/eltrabajo.cl\/portal\/wp-content\/uploads\/2016\/09\/Panuelo1.jpg?resize=227%2C150&amp;ssl=1 227w, https:\/\/i0.wp.com\/eltrabajo.cl\/portal\/wp-content\/uploads\/2016\/09\/Panuelo1.jpg?resize=400%2C264&amp;ssl=1 400w\" sizes=\"auto, (max-width: 530px) 100vw, 530px\" \/><\/a><figcaption id=\"caption-attachment-74037\" class=\"wp-caption-text\">LISTOS PA\u2019 LA CUECA.- Como si fuera el 18, as\u00ed vivieron estos peque\u00f1itos la III Jornada Mil pa\u00f1uelos al viento 2016.<\/figcaption><\/figure>\n<figure id=\"attachment_74038\" aria-describedby=\"caption-attachment-74038\" style=\"width: 530px\" class=\"wp-caption alignleft\"><a href=\"http:\/\/www.eltrabajo.cl\/portal\/mil-panuelos-al-viento-se-batieron-el-viernes-al-ritmo-de-la-cueca-en-la-plaza\/panuelo2\/\" rel=\"attachment wp-att-74038\"><img data-recalc-dims=\"1\" loading=\"lazy\" decoding=\"async\" class=\"size-full wp-image-74038\" src=\"https:\/\/i0.wp.com\/www.eltrabajo.cl\/portal\/wp-content\/uploads\/2016\/09\/Panuelo2.jpg?resize=530%2C349\" alt=\"MIL PA\u00d1UELOS Y M\u00c1S.- Fueron m\u00e1s de 1.000 pa\u00f1uelos los que este fin de semana giraron al viento de la primavera que vivimos en nuestro pa\u00eds.\" width=\"530\" height=\"349\" srcset=\"https:\/\/i0.wp.com\/eltrabajo.cl\/portal\/wp-content\/uploads\/2016\/09\/Panuelo2.jpg?w=530&amp;ssl=1 530w, https:\/\/i0.wp.com\/eltrabajo.cl\/portal\/wp-content\/uploads\/2016\/09\/Panuelo2.jpg?resize=200%2C132&amp;ssl=1 200w, https:\/\/i0.wp.com\/eltrabajo.cl\/portal\/wp-content\/uploads\/2016\/09\/Panuelo2.jpg?resize=300%2C198&amp;ssl=1 300w, https:\/\/i0.wp.com\/eltrabajo.cl\/portal\/wp-content\/uploads\/2016\/09\/Panuelo2.jpg?resize=228%2C150&amp;ssl=1 228w, https:\/\/i0.wp.com\/eltrabajo.cl\/portal\/wp-content\/uploads\/2016\/09\/Panuelo2.jpg?resize=400%2C263&amp;ssl=1 400w\" sizes=\"auto, (max-width: 530px) 100vw, 530px\" \/><\/a><figcaption id=\"caption-attachment-74038\" class=\"wp-caption-text\">MIL PA\u00d1UELOS Y M\u00c1S.- Fueron m\u00e1s de 1.000 pa\u00f1uelos los que este fin de semana giraron al viento de la primavera que vivimos en nuestro pa\u00eds.<\/figcaption><\/figure>\n<figure id=\"attachment_74039\" aria-describedby=\"caption-attachment-74039\" style=\"width: 530px\" class=\"wp-caption alignleft\"><a href=\"http:\/\/www.eltrabajo.cl\/portal\/mil-panuelos-al-viento-se-batieron-el-viernes-al-ritmo-de-la-cueca-en-la-plaza\/panuelo3\/\" rel=\"attachment wp-att-74039\"><img data-recalc-dims=\"1\" loading=\"lazy\" decoding=\"async\" class=\"size-full wp-image-74039\" src=\"https:\/\/i0.wp.com\/www.eltrabajo.cl\/portal\/wp-content\/uploads\/2016\/09\/Panuelo3.jpg?resize=530%2C350\" alt=\"HONORES A SAN FELIPE.- J\u00f3venes, ni\u00f1os y adultos en general se dieron cita en el coraz\u00f3n de nuestra ciudad para rendir honores a nuestra ciudad.\" width=\"530\" height=\"350\" srcset=\"https:\/\/i0.wp.com\/eltrabajo.cl\/portal\/wp-content\/uploads\/2016\/09\/Panuelo3.jpg?w=530&amp;ssl=1 530w, https:\/\/i0.wp.com\/eltrabajo.cl\/portal\/wp-content\/uploads\/2016\/09\/Panuelo3.jpg?resize=200%2C132&amp;ssl=1 200w, https:\/\/i0.wp.com\/eltrabajo.cl\/portal\/wp-content\/uploads\/2016\/09\/Panuelo3.jpg?resize=300%2C198&amp;ssl=1 300w, https:\/\/i0.wp.com\/eltrabajo.cl\/portal\/wp-content\/uploads\/2016\/09\/Panuelo3.jpg?resize=227%2C150&amp;ssl=1 227w, https:\/\/i0.wp.com\/eltrabajo.cl\/portal\/wp-content\/uploads\/2016\/09\/Panuelo3.jpg?resize=400%2C264&amp;ssl=1 400w\" sizes=\"auto, (max-width: 530px) 100vw, 530px\" \/><\/a><figcaption id=\"caption-attachment-74039\" class=\"wp-caption-text\">HONORES A SAN FELIPE.- J\u00f3venes, ni\u00f1os y adultos en general se dieron cita en el coraz\u00f3n de nuestra ciudad para rendir honores a nuestra ciudad.<\/figcaption><\/figure>\n<figure id=\"attachment_74040\" aria-describedby=\"caption-attachment-74040\" style=\"width: 530px\" class=\"wp-caption alignleft\"><a href=\"http:\/\/www.eltrabajo.cl\/portal\/mil-panuelos-al-viento-se-batieron-el-viernes-al-ritmo-de-la-cueca-en-la-plaza\/panuelo4\/\" rel=\"attachment wp-att-74040\"><img data-recalc-dims=\"1\" loading=\"lazy\" decoding=\"async\" class=\"size-full wp-image-74040\" src=\"https:\/\/i0.wp.com\/www.eltrabajo.cl\/portal\/wp-content\/uploads\/2016\/09\/Panuelo4.jpg?resize=530%2C349\" alt=\"PROFE BAILAR\u00cdN.- Este profesor no aguant\u00f3 las ganas de bailar cueca y por algunas horas lo vimos disfrutando de esta jornada folcl\u00f3rica tan especial.\" width=\"530\" height=\"349\" srcset=\"https:\/\/i0.wp.com\/eltrabajo.cl\/portal\/wp-content\/uploads\/2016\/09\/Panuelo4.jpg?w=530&amp;ssl=1 530w, https:\/\/i0.wp.com\/eltrabajo.cl\/portal\/wp-content\/uploads\/2016\/09\/Panuelo4.jpg?resize=200%2C132&amp;ssl=1 200w, https:\/\/i0.wp.com\/eltrabajo.cl\/portal\/wp-content\/uploads\/2016\/09\/Panuelo4.jpg?resize=300%2C198&amp;ssl=1 300w, https:\/\/i0.wp.com\/eltrabajo.cl\/portal\/wp-content\/uploads\/2016\/09\/Panuelo4.jpg?resize=228%2C150&amp;ssl=1 228w, https:\/\/i0.wp.com\/eltrabajo.cl\/portal\/wp-content\/uploads\/2016\/09\/Panuelo4.jpg?resize=400%2C263&amp;ssl=1 400w\" sizes=\"auto, (max-width: 530px) 100vw, 530px\" \/><\/a><figcaption id=\"caption-attachment-74040\" class=\"wp-caption-text\">PROFE BAILAR\u00cdN.- Este profesor no aguant\u00f3 las ganas de bailar cueca y por algunas horas lo vimos disfrutando de esta jornada folcl\u00f3rica tan especial.<\/figcaption><\/figure>\n","protected":false},"excerpt":{"rendered":"<p>Este fin de semana, se realiz\u00f3 en el frontis de las plazas C\u00edvica y De Armas, en San Felipe, la tercera versi\u00f3n de \u2018Mil pa\u00f1uelos al viento\u2019, jornada folcl\u00f3rica en la que&#8230;<\/p>\n","protected":false},"author":1,"featured_media":74037,"comment_status":"open","ping_status":"open","sticky":false,"template":"","format":"standard","meta":{"advanced_seo_description":"","jetpack_seo_html_title":"","jetpack_seo_noindex":false,"_jetpack_memberships_contains_paid_content":false,"footnotes":""},"categories":[15],"tags":[],"class_list":["post-74036","post","type-post","status-publish","format-standard","has-post-thumbnail","hentry","category-comunidad"],"jetpack_featured_media_url":"https:\/\/i0.wp.com\/eltrabajo.cl\/portal\/wp-content\/uploads\/2016\/09\/Panuelo1.jpg?fit=530%2C350&ssl=1","jetpack_sharing_enabled":true,"jetpack_likes_enabled":true,"jetpack-related-posts":[],"_links":{"self":[{"href":"https:\/\/eltrabajo.cl\/portal\/wp-json\/wp\/v2\/posts\/74036","targetHints":{"allow":["GET"]}}],"collection":[{"href":"https:\/\/eltrabajo.cl\/portal\/wp-json\/wp\/v2\/posts"}],"about":[{"href":"https:\/\/eltrabajo.cl\/portal\/wp-json\/wp\/v2\/types\/post"}],"author":[{"embeddable":true,"href":"https:\/\/eltrabajo.cl\/portal\/wp-json\/wp\/v2\/users\/1"}],"replies":[{"embeddable":true,"href":"https:\/\/eltrabajo.cl\/portal\/wp-json\/wp\/v2\/comments?post=74036"}],"version-history":[{"count":0,"href":"https:\/\/eltrabajo.cl\/portal\/wp-json\/wp\/v2\/posts\/74036\/revisions"}],"wp:featuredmedia":[{"embeddable":true,"href":"https:\/\/eltrabajo.cl\/portal\/wp-json\/wp\/v2\/media\/74037"}],"wp:attachment":[{"href":"https:\/\/eltrabajo.cl\/portal\/wp-json\/wp\/v2\/media?parent=74036"}],"wp:term":[{"taxonomy":"category","embeddable":true,"href":"https:\/\/eltrabajo.cl\/portal\/wp-json\/wp\/v2\/categories?post=74036"},{"taxonomy":"post_tag","embeddable":true,"href":"https:\/\/eltrabajo.cl\/portal\/wp-json\/wp\/v2\/tags?post=74036"}],"curies":[{"name":"wp","href":"https:\/\/api.w.org\/{rel}","templated":true}]}}