{"id":74043,"date":"2016-09-26T09:09:02","date_gmt":"2016-09-26T12:09:02","guid":{"rendered":"http:\/\/www.eltrabajo.cl\/portal\/?p=74043"},"modified":"2016-09-26T09:09:02","modified_gmt":"2016-09-26T12:09:02","slug":"nace-kellewen-aconcagua-ong-que-apuesta-por-los-abuelitos-del-valle","status":"publish","type":"post","link":"https:\/\/eltrabajo.cl\/portal\/nace-kellewen-aconcagua-ong-que-apuesta-por-los-abuelitos-del-valle\/","title":{"rendered":"Nace Kellewen Aconcagua, ONG que apuesta por los abuelitos del valle"},"content":{"rendered":"<ul>\n<li><strong>Nueva ONG trabaja actualmente con Hogar de Cristo San Felipe:<\/strong><\/li>\n<\/ul>\n<p>Una refrescante propuesta en el campo del trabajo social a favor de los m\u00e1s necesitados de la tercera edad, es la que est\u00e1 ofreciendo desarrollar un grupo de profesionales aconcag\u00fcinos, quienes desde hace algunas semanas, iniciaron su proyecto moment\u00e1neamente al alero de Hogar de Cristo San Felipe, esta iniciativa, est\u00e1 enfocada a potenciar uno de los dos ejes en los que acciona Hogar de Cristo en nuestra comuna.<br \/>\nSe trata del Grupo Kellewen Aconcagua, proyecto que involucra un voluntariado de profesionales en el campo del desarrollo humano a beneficio de adultos mayores en el grado de m\u00e1s alta vulnerabilidad.<\/p>\n<p><strong>UN PROYECTO\u00a0MULTIFAC\u00c9TICO<\/strong><br \/>\nDiario El Trabajo habl\u00f3 el jueves pasado con la presidenta de Kellewen Aconcagua, Tania Riquelme, quien explic\u00f3 el accionar de la agrupaci\u00f3n que ella preside.<br \/>\n\u00abNuestra agrupaci\u00f3n se est\u00e1 instaurando en Aconcagua para atender a los abuelitos de poblaciones como Villa 250 A\u00f1os; Villa Industrial; Sol Naciente y Renacer. Son adultos mayores que en su mayor\u00eda no pueden valerse por s\u00ed mismos, es ah\u00ed cuando intervenimos nosotros y personeros tambi\u00e9n de Hogar de Cristo San Felipe\u00bb, explic\u00f3 la profesional.<br \/>\nSeg\u00fan explic\u00f3 Riquelme, en esta agrupaci\u00f3n cuentan con la participaci\u00f3n de al menos 18 profesionales, todos ellos ya estamparon su firma para que la personer\u00eda jur\u00eddica est\u00e9 pronto habilitada y de esa manera ellos puedan incursionar en esta problem\u00e1tica de manera independiente.<br \/>\n\u00abAqu\u00ed estamos hablando de que todas las semanas estamos visitando a estas personas postradas, pues algunos de los proyectos que trabajan con el Adulto Mayor, no siempre atienden esta etapa de este grupo et\u00e1reo. Nosotros de momento estamos recibiendo recursos que se canalizan por ahora en Hogar de Cristo, buscamos tambi\u00e9n la forma de brindar apoyo en este Hogar, para que los usuarios puedan tambi\u00e9n estar bien atendidos y seguros, al menos en temas de ba\u00f1os y la calle de acceso al hogar\u00bb, agreg\u00f3 Riquelme a Diario El Trabajo.<br \/>\nKellewen Aconcagua cuenta con fonoaudi\u00f3logo, profesora de educaci\u00f3n b\u00e1sica; fisioterapeuta; t\u00e9cnico en fisioterapia deportiva; un psic\u00f3logo; una actriz y hasta un experto en terapia ocupacional, el programa de Hogar de Cristo en el que est\u00e1 trabajando este grupo de voluntarios, se llama Padam (Programa de Atenci\u00f3n Domiciliaria Adulto Mayor), en \u00e9ste s\u00f3lo quedan cinco cupos disponibles.<\/p>\n<p><strong>PROGRAMA DIURNO<\/strong><br \/>\nDiario El Trabajo habl\u00f3 tambi\u00e9n con la encargada de programas de Hogar de Cristo San Felipe, France Reinoso, quien nos inform\u00f3 que \u00abnuestra sede atiende de manera permanente y diurna a 25 adultos mayores, se les brindan las tres comidas, ropa y atenci\u00f3n en limpieza, ellos se pueden duchar, tambi\u00e9n atendemos de manera regular a unas diez personas en estado de calle, tanto en este programa diurno como en el Padam, estamos atendiendo s\u00f3lo a personas con la pensi\u00f3n de pobreza m\u00e1s baja, al menos aqu\u00ed en el Hogar, ellos son valorados siempre en lo relacionado a sus capacidades cognitivas y f\u00edsicas\u00bb.<br \/>\nRoberto Gonz\u00e1lez Short<\/p>\n<figure id=\"attachment_74044\" aria-describedby=\"caption-attachment-74044\" style=\"width: 530px\" class=\"wp-caption alignleft\"><a href=\"http:\/\/www.eltrabajo.cl\/portal\/nace-kellewen-aconcagua-ong-que-apuesta-por-los-abuelitos-del-valle\/kellewen1\/\" rel=\"attachment wp-att-74044\"><img data-recalc-dims=\"1\" loading=\"lazy\" decoding=\"async\" class=\"size-full wp-image-74044\" src=\"https:\/\/i0.wp.com\/www.eltrabajo.cl\/portal\/wp-content\/uploads\/2016\/09\/Kellewen1.jpg?resize=530%2C350\" alt=\"TR\u00cdO DE TRABAJO.- Tania Riquelme presidenta de Kellewen Aconcagua; Alejandro Castillo tambi\u00e9n de esta ONG, y France Reinoso, de Hogar de Cristo San Felipe. Interesados en contactar: 988674487.\" width=\"530\" height=\"350\" srcset=\"https:\/\/i0.wp.com\/eltrabajo.cl\/portal\/wp-content\/uploads\/2016\/09\/Kellewen1.jpg?w=530&amp;ssl=1 530w, https:\/\/i0.wp.com\/eltrabajo.cl\/portal\/wp-content\/uploads\/2016\/09\/Kellewen1.jpg?resize=200%2C132&amp;ssl=1 200w, https:\/\/i0.wp.com\/eltrabajo.cl\/portal\/wp-content\/uploads\/2016\/09\/Kellewen1.jpg?resize=300%2C198&amp;ssl=1 300w, https:\/\/i0.wp.com\/eltrabajo.cl\/portal\/wp-content\/uploads\/2016\/09\/Kellewen1.jpg?resize=227%2C150&amp;ssl=1 227w, https:\/\/i0.wp.com\/eltrabajo.cl\/portal\/wp-content\/uploads\/2016\/09\/Kellewen1.jpg?resize=400%2C264&amp;ssl=1 400w\" sizes=\"auto, (max-width: 530px) 100vw, 530px\" \/><\/a><figcaption id=\"caption-attachment-74044\" class=\"wp-caption-text\">TR\u00cdO DE TRABAJO.- Tania Riquelme presidenta de Kellewen Aconcagua; Alejandro Castillo tambi\u00e9n de esta ONG, y France Reinoso, de Hogar de Cristo San Felipe. Interesados en contactar: 988674487.<\/figcaption><\/figure>\n<figure id=\"attachment_74045\" aria-describedby=\"caption-attachment-74045\" style=\"width: 530px\" class=\"wp-caption alignleft\"><a href=\"http:\/\/www.eltrabajo.cl\/portal\/nace-kellewen-aconcagua-ong-que-apuesta-por-los-abuelitos-del-valle\/kellewen33\/\" rel=\"attachment wp-att-74045\"><img data-recalc-dims=\"1\" loading=\"lazy\" decoding=\"async\" class=\"size-full wp-image-74045\" src=\"https:\/\/i0.wp.com\/www.eltrabajo.cl\/portal\/wp-content\/uploads\/2016\/09\/Kellewen33.jpg?resize=530%2C350\" alt=\"NUEVO FRENTE DE ACCI\u00d3N SOCIAL.- Ellos son los profesionales de esta nueva ONG, la que se encargar\u00e1 de trabajar hombro a hombro con varios frentes de nuestras poblaciones.\" width=\"530\" height=\"350\" srcset=\"https:\/\/i0.wp.com\/eltrabajo.cl\/portal\/wp-content\/uploads\/2016\/09\/Kellewen33.jpg?w=530&amp;ssl=1 530w, https:\/\/i0.wp.com\/eltrabajo.cl\/portal\/wp-content\/uploads\/2016\/09\/Kellewen33.jpg?resize=200%2C132&amp;ssl=1 200w, https:\/\/i0.wp.com\/eltrabajo.cl\/portal\/wp-content\/uploads\/2016\/09\/Kellewen33.jpg?resize=300%2C198&amp;ssl=1 300w, https:\/\/i0.wp.com\/eltrabajo.cl\/portal\/wp-content\/uploads\/2016\/09\/Kellewen33.jpg?resize=227%2C150&amp;ssl=1 227w, https:\/\/i0.wp.com\/eltrabajo.cl\/portal\/wp-content\/uploads\/2016\/09\/Kellewen33.jpg?resize=400%2C264&amp;ssl=1 400w\" sizes=\"auto, (max-width: 530px) 100vw, 530px\" \/><\/a><figcaption id=\"caption-attachment-74045\" class=\"wp-caption-text\">NUEVO FRENTE DE ACCI\u00d3N SOCIAL.- Ellos son los profesionales de esta nueva ONG, la que se encargar\u00e1 de trabajar hombro a hombro con varios frentes de nuestras poblaciones.<\/figcaption><\/figure>\n<figure id=\"attachment_74046\" aria-describedby=\"caption-attachment-74046\" style=\"width: 530px\" class=\"wp-caption alignleft\"><a href=\"http:\/\/www.eltrabajo.cl\/portal\/nace-kellewen-aconcagua-ong-que-apuesta-por-los-abuelitos-del-valle\/paseos1-2\/\" rel=\"attachment wp-att-74046\"><img data-recalc-dims=\"1\" loading=\"lazy\" decoding=\"async\" class=\"size-full wp-image-74046\" src=\"https:\/\/i0.wp.com\/www.eltrabajo.cl\/portal\/wp-content\/uploads\/2016\/09\/Paseos1.jpg?resize=530%2C349\" alt=\"ABUELITOS FELICES.- Regularmente estos abuelitos realizan paseos gracias a este nuevo y efectivo voluntariado.\" width=\"530\" height=\"349\" srcset=\"https:\/\/i0.wp.com\/eltrabajo.cl\/portal\/wp-content\/uploads\/2016\/09\/Paseos1.jpg?w=530&amp;ssl=1 530w, https:\/\/i0.wp.com\/eltrabajo.cl\/portal\/wp-content\/uploads\/2016\/09\/Paseos1.jpg?resize=200%2C132&amp;ssl=1 200w, https:\/\/i0.wp.com\/eltrabajo.cl\/portal\/wp-content\/uploads\/2016\/09\/Paseos1.jpg?resize=300%2C198&amp;ssl=1 300w, https:\/\/i0.wp.com\/eltrabajo.cl\/portal\/wp-content\/uploads\/2016\/09\/Paseos1.jpg?resize=228%2C150&amp;ssl=1 228w, https:\/\/i0.wp.com\/eltrabajo.cl\/portal\/wp-content\/uploads\/2016\/09\/Paseos1.jpg?resize=400%2C263&amp;ssl=1 400w\" sizes=\"auto, (max-width: 530px) 100vw, 530px\" \/><\/a><figcaption id=\"caption-attachment-74046\" class=\"wp-caption-text\">ABUELITOS FELICES.- Regularmente estos abuelitos realizan paseos gracias a este nuevo y efectivo voluntariado.<\/figcaption><\/figure>\n<figure id=\"attachment_74047\" aria-describedby=\"caption-attachment-74047\" style=\"width: 530px\" class=\"wp-caption alignleft\"><a href=\"http:\/\/www.eltrabajo.cl\/portal\/nace-kellewen-aconcagua-ong-que-apuesta-por-los-abuelitos-del-valle\/talleres33-2\/\" rel=\"attachment wp-att-74047\"><img data-recalc-dims=\"1\" loading=\"lazy\" decoding=\"async\" class=\"size-full wp-image-74047\" src=\"https:\/\/i0.wp.com\/www.eltrabajo.cl\/portal\/wp-content\/uploads\/2016\/09\/Talleres33.jpg?resize=530%2C349\" alt=\"MANUALIDADES Y ARTE.- Seg\u00fan explic\u00f3 Reinoso, Hogar de Cristo opera en parte gracias al 55% de los donativos generales que se reciben de la ciudadan\u00eda y el comercio.\" width=\"530\" height=\"349\" srcset=\"https:\/\/i0.wp.com\/eltrabajo.cl\/portal\/wp-content\/uploads\/2016\/09\/Talleres33.jpg?w=530&amp;ssl=1 530w, https:\/\/i0.wp.com\/eltrabajo.cl\/portal\/wp-content\/uploads\/2016\/09\/Talleres33.jpg?resize=200%2C132&amp;ssl=1 200w, https:\/\/i0.wp.com\/eltrabajo.cl\/portal\/wp-content\/uploads\/2016\/09\/Talleres33.jpg?resize=300%2C198&amp;ssl=1 300w, https:\/\/i0.wp.com\/eltrabajo.cl\/portal\/wp-content\/uploads\/2016\/09\/Talleres33.jpg?resize=228%2C150&amp;ssl=1 228w, https:\/\/i0.wp.com\/eltrabajo.cl\/portal\/wp-content\/uploads\/2016\/09\/Talleres33.jpg?resize=400%2C263&amp;ssl=1 400w\" sizes=\"auto, (max-width: 530px) 100vw, 530px\" \/><\/a><figcaption id=\"caption-attachment-74047\" class=\"wp-caption-text\">MANUALIDADES Y ARTE.- Seg\u00fan explic\u00f3 Reinoso, Hogar de Cristo opera en parte gracias al 55% de los donativos generales que se reciben de la ciudadan\u00eda y el comercio.<\/figcaption><\/figure>\n","protected":false},"excerpt":{"rendered":"<p>Nueva ONG trabaja actualmente con Hogar de Cristo San Felipe: Una refrescante propuesta en el campo del trabajo social a favor de los m\u00e1s necesitados de la tercera edad, es la que&#8230;<\/p>\n","protected":false},"author":1,"featured_media":74045,"comment_status":"open","ping_status":"open","sticky":false,"template":"","format":"standard","meta":{"advanced_seo_description":"","jetpack_seo_html_title":"","jetpack_seo_noindex":false,"_jetpack_memberships_contains_paid_content":false,"footnotes":""},"categories":[15],"tags":[],"class_list":["post-74043","post","type-post","status-publish","format-standard","has-post-thumbnail","hentry","category-comunidad"],"jetpack_featured_media_url":"https:\/\/i0.wp.com\/eltrabajo.cl\/portal\/wp-content\/uploads\/2016\/09\/Kellewen33.jpg?fit=530%2C350&ssl=1","jetpack_sharing_enabled":true,"jetpack_likes_enabled":true,"jetpack-related-posts":[],"_links":{"self":[{"href":"https:\/\/eltrabajo.cl\/portal\/wp-json\/wp\/v2\/posts\/74043","targetHints":{"allow":["GET"]}}],"collection":[{"href":"https:\/\/eltrabajo.cl\/portal\/wp-json\/wp\/v2\/posts"}],"about":[{"href":"https:\/\/eltrabajo.cl\/portal\/wp-json\/wp\/v2\/types\/post"}],"author":[{"embeddable":true,"href":"https:\/\/eltrabajo.cl\/portal\/wp-json\/wp\/v2\/users\/1"}],"replies":[{"embeddable":true,"href":"https:\/\/eltrabajo.cl\/portal\/wp-json\/wp\/v2\/comments?post=74043"}],"version-history":[{"count":0,"href":"https:\/\/eltrabajo.cl\/portal\/wp-json\/wp\/v2\/posts\/74043\/revisions"}],"wp:featuredmedia":[{"embeddable":true,"href":"https:\/\/eltrabajo.cl\/portal\/wp-json\/wp\/v2\/media\/74045"}],"wp:attachment":[{"href":"https:\/\/eltrabajo.cl\/portal\/wp-json\/wp\/v2\/media?parent=74043"}],"wp:term":[{"taxonomy":"category","embeddable":true,"href":"https:\/\/eltrabajo.cl\/portal\/wp-json\/wp\/v2\/categories?post=74043"},{"taxonomy":"post_tag","embeddable":true,"href":"https:\/\/eltrabajo.cl\/portal\/wp-json\/wp\/v2\/tags?post=74043"}],"curies":[{"name":"wp","href":"https:\/\/api.w.org\/{rel}","templated":true}]}}