{"id":74050,"date":"2016-09-26T09:11:59","date_gmt":"2016-09-26T12:11:59","guid":{"rendered":"http:\/\/www.eltrabajo.cl\/portal\/?p=74050"},"modified":"2016-09-26T09:11:59","modified_gmt":"2016-09-26T12:11:59","slug":"candidato-eugenio-cornejo-compromete-un-gran-parque-para-san-felipe","status":"publish","type":"post","link":"https:\/\/eltrabajo.cl\/portal\/candidato-eugenio-cornejo-compromete-un-gran-parque-para-san-felipe\/","title":{"rendered":"Candidato Eugenio Cornejo compromete un gran parque para San Felipe"},"content":{"rendered":"<p>Uno de los proyectos emblem\u00e1ticos que contempla la propuesta de gesti\u00f3n municipal del candidato a alcalde por San Felipe, Eugenio Cornejo, es la implementaci\u00f3n de un\u00a0Gran Parque P\u00fablico\u00a0para la comuna, el cual estar\u00e1 emplazado en terrenos del aer\u00f3dromo V\u00edctor Laf\u00f3n y que considera \u00a0infraestructura y dise\u00f1o apropiados para que los vecinos puedan disponer de una gran \u00e1rea verde de calidad, de f\u00e1cil acceso y con equipamiento necesario para realizar diversas actividades al aire libre.<br \/>\nCornejo destac\u00f3 que actualmente y seg\u00fan la \u00faltima informaci\u00f3n publicada en el Plan de Desarrollo Comunal de San Felipe, nuestra comuna posee 4,6 metros cuadrados de \u00e1reas verdes por persona, cifra muy por debajo de lo recomendado por organismos internacionales como la OCDE\u00a0o\u00a0la Organizaci\u00f3n Mundial\u00a0de\u00a0la Salud (OMS), que sugiere 9 mts2 por habitante:\u00a0\u00abNo s\u00f3lo estamos hablando de un lugar que permite mejorar la calidad de vida de los sanfelipe\u00f1os, sino de un espacio de recreaci\u00f3n para la familia, con circuitos de estudio, ciclov\u00edas, juegos infantiles, espacios de esparcimiento y una peque\u00f1a laguna\u00bb, puntualiz\u00f3 el candidato.<br \/>\nAdem\u00e1s de lo mencionado, el proyecto tambi\u00e9n considera una zona dura para circos y eventos, con ba\u00f1os y estacionamientos.<br \/>\nAsimismo Cornejo indic\u00f3\u00a0que \u00aben este proyecto se ha contemplado la habilitaci\u00f3n de estacionamientos para 250 veh\u00edculos en zona de transici\u00f3n calle-parque, lo cual no s\u00f3lo permite el acceso expedito a quienes visiten este gran pulm\u00f3n verde, sino que a la vez, entregar\u00e1 una soluci\u00f3n para descomprimir la congesti\u00f3n que se genera en los horarios peak de entrada y salida de los escolares en esa zona\u00bb.<br \/>\nPero no s\u00f3lo se trata de \u00e1reas verdes para la comuna, pues el proyecto tambi\u00e9n contempla circuito para deportes, patio de comida, quiosco, entre otros:\u00a0\u00bbHablamos de \u00e1reas verdes y espacios comunitarios que sean lugares de encuentro, desarrollo y esparcimiento, para la familia sanfelipe\u00f1a, en donde adem\u00e1s hemos incluido a los adultos mayores como agentes importantes en este proyecto, pensando en que act\u00faen como anfitriones del parque\u00bb.\u00a0\u00a0Esto \u00faltimo, implicar\u00e1 una actividad remunerada para aquellos adultos mayores que a\u00fan quieren y pueden participar de forma activa en la comunidad, pudiendo hacerlo en este lugar.<br \/>\nFinalmente, Eugenio Cornejo agreg\u00f3:\u00a0\u00abCon este parque, San Felipe gana un gran pulm\u00f3n verde de m\u00e1s de 6 hect\u00e1reas, que implica mejoras en la calidad del aire, protecci\u00f3n de la biodiversidad de la zona e incluso una medida paliativa en el control de la temperatura. Sin duda ser\u00e1 una mejora significativa en la calidad de vida de los sanfelipe\u00f1os, un lugar seguro y natural para realizar actividad f\u00edsica y un espacio de interacci\u00f3n social para la familia y la comunidad en general\u00bb.<\/p>\n<figure id=\"attachment_74051\" aria-describedby=\"caption-attachment-74051\" style=\"width: 530px\" class=\"wp-caption alignleft\"><a href=\"http:\/\/www.eltrabajo.cl\/portal\/candidato-eugenio-cornejo-compromete-un-gran-parque-para-san-felipe\/ecornejo-disenoparque\/\" rel=\"attachment wp-att-74051\"><img data-recalc-dims=\"1\" loading=\"lazy\" decoding=\"async\" class=\"size-full wp-image-74051\" src=\"https:\/\/i0.wp.com\/www.eltrabajo.cl\/portal\/wp-content\/uploads\/2016\/09\/ECornejo-DisenoParque.jpg?resize=530%2C350\" alt=\"Imagen de maqueta virtual del Gran Parque P\u00fablico que implementar\u00e1 Eugenio Cornejo en su per\u00edodo alcaldicio.\" width=\"530\" height=\"350\" srcset=\"https:\/\/i0.wp.com\/eltrabajo.cl\/portal\/wp-content\/uploads\/2016\/09\/ECornejo-DisenoParque.jpg?w=530&amp;ssl=1 530w, https:\/\/i0.wp.com\/eltrabajo.cl\/portal\/wp-content\/uploads\/2016\/09\/ECornejo-DisenoParque.jpg?resize=200%2C132&amp;ssl=1 200w, https:\/\/i0.wp.com\/eltrabajo.cl\/portal\/wp-content\/uploads\/2016\/09\/ECornejo-DisenoParque.jpg?resize=300%2C198&amp;ssl=1 300w, https:\/\/i0.wp.com\/eltrabajo.cl\/portal\/wp-content\/uploads\/2016\/09\/ECornejo-DisenoParque.jpg?resize=227%2C150&amp;ssl=1 227w, https:\/\/i0.wp.com\/eltrabajo.cl\/portal\/wp-content\/uploads\/2016\/09\/ECornejo-DisenoParque.jpg?resize=400%2C264&amp;ssl=1 400w\" sizes=\"auto, (max-width: 530px) 100vw, 530px\" \/><\/a><figcaption id=\"caption-attachment-74051\" class=\"wp-caption-text\">Imagen de maqueta virtual del Gran Parque P\u00fablico que implementar\u00e1 Eugenio Cornejo en su per\u00edodo alcaldicio.<\/figcaption><\/figure>\n<figure id=\"attachment_74052\" aria-describedby=\"caption-attachment-74052\" style=\"width: 530px\" class=\"wp-caption alignleft\"><a href=\"http:\/\/www.eltrabajo.cl\/portal\/candidato-eugenio-cornejo-compromete-un-gran-parque-para-san-felipe\/ecornejo_1110\/\" rel=\"attachment wp-att-74052\"><img data-recalc-dims=\"1\" loading=\"lazy\" decoding=\"async\" class=\"size-full wp-image-74052\" src=\"https:\/\/i0.wp.com\/www.eltrabajo.cl\/portal\/wp-content\/uploads\/2016\/09\/ECornejo_1110.jpg?resize=530%2C350\" alt=\"Eugenio Cornejo: \u00abEste parque es un lugar que permite mejorar la calidad de vida de los sanfelipe\u00f1os\u00bb.\" width=\"530\" height=\"350\" srcset=\"https:\/\/i0.wp.com\/eltrabajo.cl\/portal\/wp-content\/uploads\/2016\/09\/ECornejo_1110.jpg?w=530&amp;ssl=1 530w, https:\/\/i0.wp.com\/eltrabajo.cl\/portal\/wp-content\/uploads\/2016\/09\/ECornejo_1110.jpg?resize=200%2C132&amp;ssl=1 200w, https:\/\/i0.wp.com\/eltrabajo.cl\/portal\/wp-content\/uploads\/2016\/09\/ECornejo_1110.jpg?resize=300%2C198&amp;ssl=1 300w, https:\/\/i0.wp.com\/eltrabajo.cl\/portal\/wp-content\/uploads\/2016\/09\/ECornejo_1110.jpg?resize=227%2C150&amp;ssl=1 227w, https:\/\/i0.wp.com\/eltrabajo.cl\/portal\/wp-content\/uploads\/2016\/09\/ECornejo_1110.jpg?resize=400%2C264&amp;ssl=1 400w\" sizes=\"auto, (max-width: 530px) 100vw, 530px\" \/><\/a><figcaption id=\"caption-attachment-74052\" class=\"wp-caption-text\">Eugenio Cornejo: \u00abEste parque es un lugar que permite mejorar la calidad de vida de los sanfelipe\u00f1os\u00bb.<\/figcaption><\/figure>\n","protected":false},"excerpt":{"rendered":"<p>Uno de los proyectos emblem\u00e1ticos que contempla la propuesta de gesti\u00f3n municipal del candidato a alcalde por San Felipe, Eugenio Cornejo, es la implementaci\u00f3n de un\u00a0Gran Parque P\u00fablico\u00a0para la comuna, el cual&#8230;<\/p>\n","protected":false},"author":1,"featured_media":74051,"comment_status":"open","ping_status":"open","sticky":false,"template":"","format":"standard","meta":{"advanced_seo_description":"","jetpack_seo_html_title":"","jetpack_seo_noindex":false,"_jetpack_memberships_contains_paid_content":false,"footnotes":""},"categories":[1],"tags":[],"class_list":["post-74050","post","type-post","status-publish","format-standard","has-post-thumbnail","hentry","category-cronica"],"jetpack_featured_media_url":"https:\/\/i0.wp.com\/eltrabajo.cl\/portal\/wp-content\/uploads\/2016\/09\/ECornejo-DisenoParque.jpg?fit=530%2C350&ssl=1","jetpack_sharing_enabled":true,"jetpack_likes_enabled":true,"jetpack-related-posts":[],"_links":{"self":[{"href":"https:\/\/eltrabajo.cl\/portal\/wp-json\/wp\/v2\/posts\/74050","targetHints":{"allow":["GET"]}}],"collection":[{"href":"https:\/\/eltrabajo.cl\/portal\/wp-json\/wp\/v2\/posts"}],"about":[{"href":"https:\/\/eltrabajo.cl\/portal\/wp-json\/wp\/v2\/types\/post"}],"author":[{"embeddable":true,"href":"https:\/\/eltrabajo.cl\/portal\/wp-json\/wp\/v2\/users\/1"}],"replies":[{"embeddable":true,"href":"https:\/\/eltrabajo.cl\/portal\/wp-json\/wp\/v2\/comments?post=74050"}],"version-history":[{"count":0,"href":"https:\/\/eltrabajo.cl\/portal\/wp-json\/wp\/v2\/posts\/74050\/revisions"}],"wp:featuredmedia":[{"embeddable":true,"href":"https:\/\/eltrabajo.cl\/portal\/wp-json\/wp\/v2\/media\/74051"}],"wp:attachment":[{"href":"https:\/\/eltrabajo.cl\/portal\/wp-json\/wp\/v2\/media?parent=74050"}],"wp:term":[{"taxonomy":"category","embeddable":true,"href":"https:\/\/eltrabajo.cl\/portal\/wp-json\/wp\/v2\/categories?post=74050"},{"taxonomy":"post_tag","embeddable":true,"href":"https:\/\/eltrabajo.cl\/portal\/wp-json\/wp\/v2\/tags?post=74050"}],"curies":[{"name":"wp","href":"https:\/\/api.w.org\/{rel}","templated":true}]}}