{"id":74059,"date":"2016-09-26T09:16:40","date_gmt":"2016-09-26T12:16:40","guid":{"rendered":"http:\/\/www.eltrabajo.cl\/portal\/?p=74059"},"modified":"2016-09-26T09:16:41","modified_gmt":"2016-09-26T12:16:41","slug":"dos-familias-unidas-por-la-tragedia-exigen-al-gobierno-cumplir-compromiso","status":"publish","type":"post","link":"https:\/\/eltrabajo.cl\/portal\/dos-familias-unidas-por-la-tragedia-exigen-al-gobierno-cumplir-compromiso\/","title":{"rendered":"Dos familias unidas por la tragedia exigen al gobierno cumplir compromiso"},"content":{"rendered":"<ul>\n<li><strong><span style=\"color: #ff0000;\">A un a\u00f1o del accidente a\u00fan no instalan antena celular:<\/span> \u00a0Los padres de Francisca Vicencio Flores, quienes realizaron una cruzada ciudadana para conseguir una UCI Pedi\u00e1trica para Aconcagua, hoy han decidido emprender una nueva causa: Ayudar a los pap\u00e1s de la peque\u00f1a Emilia Bruna Pe\u00f1a, quien falleci\u00f3 en un accidente vehicular el 2 de octubre de 2015, y cuyo auxilio y traslado al Hospital de Putaendo, se vio dificultado por la inexistencia de cobertura celular en la carretera.<\/strong><\/li>\n<\/ul>\n<p><strong>PUTAENDO.-<\/strong> Eran cerca de las 17:30 horas de viernes 2 de octubre del a\u00f1o 2015, y la peque\u00f1a de tres a\u00f1os de edad, Emilia Bruna Pe\u00f1a, viajaba junto a sus padres a trav\u00e9s de la carretera E-41, que conecta las provincias de Petorca y San Felipe por medio de las comunas de Putaendo y Cabildo, cuando el veh\u00edculo que la transportaba, sufri\u00f3 el revent\u00f3n de un neum\u00e1tico delantero luego de enfrentar una curva en el kil\u00f3metro 45 de la ruta. La falla gener\u00f3 que su madre, Lily Pe\u00f1a, quien conduc\u00eda el m\u00f3vil, perdiera el control de \u00e9ste y terminara volcado a un costado del camino.<br \/>\nInfructuosamente intentaron comunicarse para pedir ayuda, pero el accidente ocurri\u00f3 en un tramo de 30 kil\u00f3metros que no cuenta con cobertura de telefon\u00eda celular. Un automovilista que pas\u00f3 por el lugar minutos despu\u00e9s, debi\u00f3 avanzar varios kil\u00f3metros para que su tel\u00e9fono alcanzara se\u00f1al y poder dar cuenta del accidente a los equipos de emergencia. M\u00e1s de media hora transcurri\u00f3 desde que ocurri\u00f3 el accidente. Carabineros en un intento desesperado por salvar la vida de la peque\u00f1a Emilia, decidi\u00f3 trasladarla en una patrulla hasta el Hospital San Antonio de Putaendo, donde lamentablemente perdi\u00f3 la vida.<\/p>\n<p><strong>EL COMPROMISO<\/strong><br \/>\nDespu\u00e9s de una semana, los concejales V\u00edctor Donoso de Cabildo y Carlos Gallardo de Putaendo, expusieron la necesidad de que la carretera E-41 contara con cobertura de telefon\u00eda celular en toda su extensi\u00f3n, requerimiento que el 24 de octubre de ese mismo a\u00f1o trajo hasta nuestra comuna al subsecretario de Transportes y Telecomunicaciones, Pedro Huichalaf, acompa\u00f1ado del Gobernador Eduardo Le\u00f3n y autoridades comunales, quienes se reunieron con los padres de Emilia Bruna, para anunciar el inicio de las gestiones p\u00fablico-privadas para incorporar a telefon\u00eda celular en la ruta Putaendo-Cabildo, por medio de la instalaci\u00f3n de una antena, la cual se anunci\u00f3 que estar\u00eda funcionando a principios del a\u00f1o 2017.<br \/>\n\u201cNuestro compromiso como Gobierno, es velar para que la cobertura exista en cada rinc\u00f3n y para ello trabajamos conjuntamente con la empresa privada para que no tengamos que lamentar falta de comunicaciones cuando enfrentemos una emergencia. Hemos pedido estudiar t\u00e9cnicamente la situaci\u00f3n en ese tramo de la ruta y de esta manera generar un trabajo con la empresa privada para subsanar esta situaci\u00f3n\u201d, aseguraba el subsecretario Huichalaf, en aquella ocasi\u00f3n.<br \/>\nSin embargo, a escasos d\u00edas que se cumpla un a\u00f1o de la tragedia, los padres de Emilia se sienten en completo abandono, pues luego de esa reuni\u00f3n no han recibido llamados o correos que den cuenta de alg\u00fan avance respecto a este compromiso. Tampoco hubo nuevas reuniones despu\u00e9s de aquello.<\/p>\n<p><strong>\u201cNOS SENTIMOS LLAMADOS A AYUDAR\u201d<\/strong><br \/>\nPaola Flores y Jos\u00e9 Vicencio son los padres de la peque\u00f1a Francisca, quien falleci\u00f3 en el a\u00f1o 2007 luego de ser atropellada y pasar 12 d\u00edas internada en la UCI del Hospital Carlos Van Buren en Valpara\u00edso, tras lo cual sus padres, Paola Flores y Jos\u00e9 Vicencio, comenzaron una ardua campa\u00f1a para dotar al Valle del Aconcagua de una unidad que prestara estos servicios cr\u00edticos, logrando ser escuchados por las autoridades.<br \/>\nEnterados del caso de Emilia Bruna Pe\u00f1a, contactaron a sus padres, con quienes se reunieron el pasado jueves en el mismo lugar donde ocurri\u00f3 el accidente, para expresarles su apoyo e iniciar juntos una nueva cruzada solidaria para exigir que las autoridades cumplan su compromiso y hacer de la ruta E-41 un lugar seguro donde no vuelvan a ocurrir hechos como el que afect\u00f3 a la familia Bruna Pe\u00f1a, y que adem\u00e1s permita a los equipos de emergencia mantener una comunicaci\u00f3n amplia en ese sector.<br \/>\n\u201cNosotros nos motivamos con Paolita a venir a apoyar a estos papitos, porque aqu\u00ed se hizo una promesa y no se ha cumplido, y esa promesa va a beneficiar a muchas personas que circulan por esta carretera. Estamos aqu\u00ed para ser sus brazos y decirle a estos pap\u00e1s que si se puede, que con esfuerzo y perseverancia se puede lograr. Queremos decirle a las autoridades que las promesas se deben cumplir y vamos a encargarnos de golpear todas las puertas que sean necesarias\u201d se\u00f1al\u00f3 Jos\u00e9 Vicencio.<br \/>\nFueron a\u00f1os de incansables gestiones para conseguir una UCI Pedi\u00e1trica en el Hospital San Camilo de San Felipe, y hoy estos padres se unieron a la familia de Emilia para lograr el objetivo de que nunca m\u00e1s alguien deba esperar por auxilio en la carretera por el hecho de quedar incomunicado. As\u00ed lo expres\u00f3 Paola Flores, madre de la peque\u00f1a Francisca. \u201cTodo sea por Emilia, y por todas esas Emilias que transitan a diario por esta carretera. Nos sentimos llamados a ayudar y aqu\u00ed estamos nuevamente iniciando una gesti\u00f3n que las autoridades deben atender\u201d.<br \/>\nCarabineros de Putaendo, fue invitado por la familia de Emilia Bruna Pe\u00f1a para expresarles su gratitud, pues fue justamente un uniformado quien traslad\u00f3 a su hija hasta el Servicio de Urgencia del Hospital San Antonio de Putaendo.<\/p>\n<p><strong>\u201cNADIE SE HA ACERCADO A HABLAR CON NOSOTROS\u201d<\/strong><br \/>\nBastante emocionada, Lily Pe\u00f1a Altamirano, madre de Emilia Bruna, agradeci\u00f3 el apoyo y respaldo brindado por Paola Flores y Jos\u00e9 Vicencio \u201cporque esto nos ayuda a no decaer y es reconfortante saber que hay personas que desinteresadamente se ponen a disposici\u00f3n y nos entregan su apoyo y su cari\u00f1o para lograr este objetivo que es beneficioso para muchas personas\u201d sostuvo.<br \/>\nJunto con ello, Pe\u00f1a reconoci\u00f3 que desde la \u00faltima reuni\u00f3n que mantuvieron con el subsecretario Pedro Huichalaf en la Plaza de Armas de Putaendo el 24 de octubre del a\u00f1o 2015, no han vuelto a saber de las autoridades que estuvieron presentes en aquella instancia para sellar el compromiso de la instalaci\u00f3n de una antena de telefon\u00eda m\u00f3vil en la carretera Putaendo-Cabildo.<br \/>\nPatricio Gallardo.<\/p>\n<figure id=\"attachment_74060\" aria-describedby=\"caption-attachment-74060\" style=\"width: 530px\" class=\"wp-caption alignleft\"><a href=\"http:\/\/www.eltrabajo.cl\/portal\/dos-familias-unidas-por-la-tragedia-exigen-al-gobierno-cumplir-compromiso\/padres-de-emilia-bruna-y-de-francisca-vicencio-1\/\" rel=\"attachment wp-att-74060\"><img data-recalc-dims=\"1\" loading=\"lazy\" decoding=\"async\" class=\"size-full wp-image-74060\" src=\"https:\/\/i0.wp.com\/www.eltrabajo.cl\/portal\/wp-content\/uploads\/2016\/09\/PADRES-DE-EMILIA-BRUNA-Y-DE-FRANCISCA-VICENCIO-1.jpg?resize=530%2C349\" alt=\"Los padres de Francisca Vicencio Flores, quienes realizaron una cruzada ciudadana para conseguir una UCI Pedi\u00e1trica para Aconcagua, hoy han decidido ayudar a los pap\u00e1s de la peque\u00f1a Emilia Bruna Pe\u00f1a, quien falleci\u00f3 en un accidente vehicular, y cuyo auxilio y traslado al Hospital de Putaendo, se vio dificultado por la inexistencia de cobertura celular en la carretera.\" width=\"530\" height=\"349\" srcset=\"https:\/\/i0.wp.com\/eltrabajo.cl\/portal\/wp-content\/uploads\/2016\/09\/PADRES-DE-EMILIA-BRUNA-Y-DE-FRANCISCA-VICENCIO-1.jpg?w=530&amp;ssl=1 530w, https:\/\/i0.wp.com\/eltrabajo.cl\/portal\/wp-content\/uploads\/2016\/09\/PADRES-DE-EMILIA-BRUNA-Y-DE-FRANCISCA-VICENCIO-1.jpg?resize=200%2C132&amp;ssl=1 200w, https:\/\/i0.wp.com\/eltrabajo.cl\/portal\/wp-content\/uploads\/2016\/09\/PADRES-DE-EMILIA-BRUNA-Y-DE-FRANCISCA-VICENCIO-1.jpg?resize=300%2C198&amp;ssl=1 300w, https:\/\/i0.wp.com\/eltrabajo.cl\/portal\/wp-content\/uploads\/2016\/09\/PADRES-DE-EMILIA-BRUNA-Y-DE-FRANCISCA-VICENCIO-1.jpg?resize=228%2C150&amp;ssl=1 228w, https:\/\/i0.wp.com\/eltrabajo.cl\/portal\/wp-content\/uploads\/2016\/09\/PADRES-DE-EMILIA-BRUNA-Y-DE-FRANCISCA-VICENCIO-1.jpg?resize=400%2C263&amp;ssl=1 400w\" sizes=\"auto, (max-width: 530px) 100vw, 530px\" \/><\/a><figcaption id=\"caption-attachment-74060\" class=\"wp-caption-text\">Los padres de Francisca Vicencio Flores, quienes realizaron una cruzada ciudadana para conseguir una UCI Pedi\u00e1trica para Aconcagua, hoy han decidido ayudar a los pap\u00e1s de la peque\u00f1a Emilia Bruna Pe\u00f1a, quien falleci\u00f3 en un accidente vehicular, y cuyo auxilio y traslado al Hospital de Putaendo, se vio dificultado por la inexistencia de cobertura celular en la carretera.<\/figcaption><\/figure>\n","protected":false},"excerpt":{"rendered":"<p>A un a\u00f1o del accidente a\u00fan no instalan antena celular: \u00a0Los padres de Francisca Vicencio Flores, quienes realizaron una cruzada ciudadana para conseguir una UCI Pedi\u00e1trica para Aconcagua, hoy han decidido emprender&#8230;<\/p>\n","protected":false},"author":1,"featured_media":74060,"comment_status":"open","ping_status":"open","sticky":false,"template":"","format":"standard","meta":{"advanced_seo_description":"","jetpack_seo_html_title":"","jetpack_seo_noindex":false,"_jetpack_memberships_contains_paid_content":false,"footnotes":""},"categories":[1],"tags":[],"class_list":["post-74059","post","type-post","status-publish","format-standard","has-post-thumbnail","hentry","category-cronica"],"jetpack_featured_media_url":"https:\/\/i0.wp.com\/eltrabajo.cl\/portal\/wp-content\/uploads\/2016\/09\/PADRES-DE-EMILIA-BRUNA-Y-DE-FRANCISCA-VICENCIO-1.jpg?fit=530%2C349&ssl=1","jetpack_sharing_enabled":true,"jetpack_likes_enabled":true,"jetpack-related-posts":[],"_links":{"self":[{"href":"https:\/\/eltrabajo.cl\/portal\/wp-json\/wp\/v2\/posts\/74059","targetHints":{"allow":["GET"]}}],"collection":[{"href":"https:\/\/eltrabajo.cl\/portal\/wp-json\/wp\/v2\/posts"}],"about":[{"href":"https:\/\/eltrabajo.cl\/portal\/wp-json\/wp\/v2\/types\/post"}],"author":[{"embeddable":true,"href":"https:\/\/eltrabajo.cl\/portal\/wp-json\/wp\/v2\/users\/1"}],"replies":[{"embeddable":true,"href":"https:\/\/eltrabajo.cl\/portal\/wp-json\/wp\/v2\/comments?post=74059"}],"version-history":[{"count":0,"href":"https:\/\/eltrabajo.cl\/portal\/wp-json\/wp\/v2\/posts\/74059\/revisions"}],"wp:featuredmedia":[{"embeddable":true,"href":"https:\/\/eltrabajo.cl\/portal\/wp-json\/wp\/v2\/media\/74060"}],"wp:attachment":[{"href":"https:\/\/eltrabajo.cl\/portal\/wp-json\/wp\/v2\/media?parent=74059"}],"wp:term":[{"taxonomy":"category","embeddable":true,"href":"https:\/\/eltrabajo.cl\/portal\/wp-json\/wp\/v2\/categories?post=74059"},{"taxonomy":"post_tag","embeddable":true,"href":"https:\/\/eltrabajo.cl\/portal\/wp-json\/wp\/v2\/tags?post=74059"}],"curies":[{"name":"wp","href":"https:\/\/api.w.org\/{rel}","templated":true}]}}