{"id":74067,"date":"2016-09-27T08:55:22","date_gmt":"2016-09-27T11:55:22","guid":{"rendered":"http:\/\/www.eltrabajo.cl\/portal\/?p=74067"},"modified":"2016-09-27T08:55:22","modified_gmt":"2016-09-27T11:55:22","slug":"guillermo-vergara-se-corono-como-nuevo-campeon-de-rayuela","status":"publish","type":"post","link":"https:\/\/eltrabajo.cl\/portal\/guillermo-vergara-se-corono-como-nuevo-campeon-de-rayuela\/","title":{"rendered":"Guillermo Vergara se coron\u00f3 como\u00a0nuevo\u00a0campe\u00f3n de Rayuela"},"content":{"rendered":"<p>Guillermo Vergara se coron\u00f3 como \u2018el mejor\u2019 en el\u00a0Campeonato de Rayuela Copa Fiestas Patrias, organizado por la Sociedad de Socorros Mutuos Manuel Rodr\u00edguez y la Municipalidad de San Felipe, a trav\u00e9s de su Oficina de Patrimonio y Turismo.<br \/>\nLa rayuela fue declarada deporte nacional reci\u00e9n el 2014 y cuenta con miles de cultores en todo el pa\u00eds, los cuales se encuentran federados. Humberto Reinoso, es \u00e1rbitro oficial de rayuela y fue el encargado de dictaminar los puntos en esta contienda, para \u00e9l \u201ceste deporte es muy lindo, y antiguamente, hab\u00edan m\u00e1s lugares donde jugar, ojal\u00e1 no se pierda\u201d, coment\u00f3 el juez federado.<br \/>\nEntre los d\u00edas viernes 23 y s\u00e1bado 24, en el restor\u00e1n Manuel Rodr\u00edguez, se congregaron los\u00a0 amantes de este deporte, con sus tejos y t\u00e9cnicas. Antonio Toro, presidente de la Sociedad Manuel Rodr\u00edguez, destac\u00f3 que \u201cestamos muy entusiasmado en recuperar nuestra cancha y poder ense\u00f1ar la rayuela entre los m\u00e1s j\u00f3venes\u201d. Adem\u00e1s, agradeci\u00f3 el apoyo brindado por la Municipalidad de San Felipe para organizar este evento.<br \/>\nPor su parte Manuel Z\u00fa\u00f1iga, de la Oficina de Patrimonio y Turismo del municipio sanfelipe\u00f1o, salud\u00f3 a quienes conquistaron los cuatro primeros lugares: 4\u00ba lugar, Sergio Lobos; 3\u00ba lugar, V\u00edctor Ram\u00edrez; 2\u00ba lugar, H\u00e9ctor Aguilera y el Campe\u00f3n, Guillermo Vergara.<\/p>\n<figure id=\"attachment_74068\" aria-describedby=\"caption-attachment-74068\" style=\"width: 530px\" class=\"wp-caption alignleft\"><a href=\"http:\/\/www.eltrabajo.cl\/portal\/guillermo-vergara-se-corono-como-nuevo-campeon-de-rayuela\/ganadores-6\/\" rel=\"attachment wp-att-74068\"><img data-recalc-dims=\"1\" loading=\"lazy\" decoding=\"async\" class=\"size-full wp-image-74068\" src=\"https:\/\/i0.wp.com\/www.eltrabajo.cl\/portal\/wp-content\/uploads\/2016\/09\/ganadores.jpg?resize=530%2C350\" alt=\"De izquierda a derecha:\u00a0Gin\u00e9s Valle,\u00a0V\u00edctor Ram\u00edrez,\u00a0H\u00e9ctor Aguilera,\u00a0Guillermo Vergara y\u00a0Sergio Lobos.\u00a0\" width=\"530\" height=\"350\" srcset=\"https:\/\/i0.wp.com\/eltrabajo.cl\/portal\/wp-content\/uploads\/2016\/09\/ganadores.jpg?w=530&amp;ssl=1 530w, https:\/\/i0.wp.com\/eltrabajo.cl\/portal\/wp-content\/uploads\/2016\/09\/ganadores.jpg?resize=200%2C132&amp;ssl=1 200w, https:\/\/i0.wp.com\/eltrabajo.cl\/portal\/wp-content\/uploads\/2016\/09\/ganadores.jpg?resize=300%2C198&amp;ssl=1 300w, https:\/\/i0.wp.com\/eltrabajo.cl\/portal\/wp-content\/uploads\/2016\/09\/ganadores.jpg?resize=227%2C150&amp;ssl=1 227w, https:\/\/i0.wp.com\/eltrabajo.cl\/portal\/wp-content\/uploads\/2016\/09\/ganadores.jpg?resize=400%2C264&amp;ssl=1 400w\" sizes=\"auto, (max-width: 530px) 100vw, 530px\" \/><\/a><figcaption id=\"caption-attachment-74068\" class=\"wp-caption-text\">De izquierda a derecha:\u00a0Gin\u00e9s Valle,\u00a0V\u00edctor Ram\u00edrez,\u00a0H\u00e9ctor Aguilera,\u00a0Guillermo Vergara y\u00a0Sergio Lobos.<\/figcaption><\/figure>\n","protected":false},"excerpt":{"rendered":"<p>Guillermo Vergara se coron\u00f3 como \u2018el mejor\u2019 en el\u00a0Campeonato de Rayuela Copa Fiestas Patrias, organizado por la Sociedad de Socorros Mutuos Manuel Rodr\u00edguez y la Municipalidad de San Felipe, a trav\u00e9s de&#8230;<\/p>\n","protected":false},"author":1,"featured_media":74068,"comment_status":"open","ping_status":"open","sticky":false,"template":"","format":"standard","meta":{"advanced_seo_description":"","jetpack_seo_html_title":"","jetpack_seo_noindex":false,"_jetpack_memberships_contains_paid_content":false,"footnotes":""},"categories":[1],"tags":[],"class_list":["post-74067","post","type-post","status-publish","format-standard","has-post-thumbnail","hentry","category-cronica"],"jetpack_featured_media_url":"https:\/\/i0.wp.com\/eltrabajo.cl\/portal\/wp-content\/uploads\/2016\/09\/ganadores.jpg?fit=530%2C350&ssl=1","jetpack_sharing_enabled":true,"jetpack_likes_enabled":true,"jetpack-related-posts":[],"_links":{"self":[{"href":"https:\/\/eltrabajo.cl\/portal\/wp-json\/wp\/v2\/posts\/74067","targetHints":{"allow":["GET"]}}],"collection":[{"href":"https:\/\/eltrabajo.cl\/portal\/wp-json\/wp\/v2\/posts"}],"about":[{"href":"https:\/\/eltrabajo.cl\/portal\/wp-json\/wp\/v2\/types\/post"}],"author":[{"embeddable":true,"href":"https:\/\/eltrabajo.cl\/portal\/wp-json\/wp\/v2\/users\/1"}],"replies":[{"embeddable":true,"href":"https:\/\/eltrabajo.cl\/portal\/wp-json\/wp\/v2\/comments?post=74067"}],"version-history":[{"count":0,"href":"https:\/\/eltrabajo.cl\/portal\/wp-json\/wp\/v2\/posts\/74067\/revisions"}],"wp:featuredmedia":[{"embeddable":true,"href":"https:\/\/eltrabajo.cl\/portal\/wp-json\/wp\/v2\/media\/74068"}],"wp:attachment":[{"href":"https:\/\/eltrabajo.cl\/portal\/wp-json\/wp\/v2\/media?parent=74067"}],"wp:term":[{"taxonomy":"category","embeddable":true,"href":"https:\/\/eltrabajo.cl\/portal\/wp-json\/wp\/v2\/categories?post=74067"},{"taxonomy":"post_tag","embeddable":true,"href":"https:\/\/eltrabajo.cl\/portal\/wp-json\/wp\/v2\/tags?post=74067"}],"curies":[{"name":"wp","href":"https:\/\/api.w.org\/{rel}","templated":true}]}}