{"id":74079,"date":"2016-09-27T09:02:59","date_gmt":"2016-09-27T12:02:59","guid":{"rendered":"http:\/\/www.eltrabajo.cl\/portal\/?p=74079"},"modified":"2016-09-27T09:02:59","modified_gmt":"2016-09-27T12:02:59","slug":"bueras-heroes-y-olvido-este-miercoles-en-el-teatro-roberto-barraza","status":"publish","type":"post","link":"https:\/\/eltrabajo.cl\/portal\/bueras-heroes-y-olvido-este-miercoles-en-el-teatro-roberto-barraza\/","title":{"rendered":"\u2018Bueras, H\u00e9roes y Olvido\u2019, este mi\u00e9rcoles en el Teatro Roberto Barraza"},"content":{"rendered":"<p>Ma\u00f1ana mi\u00e9rcoles en el Teatro Roberto Barraza de San Felipe (Sto. Domingo 207) a las 19:30 horas, se estar\u00e1 presentando la Compa\u00f1\u00eda de Teatro Homoi, con una propuesta de \u2018las grandes ligas\u2019, pues los sanfelipe\u00f1os podr\u00e1n disfrutar de la obra musical Bueras, H\u00e9roes y Olvido, la que lleva el original sello sonoro del gran m\u00fasico nacional, Manuel Garc\u00eda.<\/p>\n<p><strong>TREMENDO ELENCO<\/strong><br \/>\nLa obra es de Pablo Gaete Reyes y es montada por Homoi, una compa\u00f1\u00eda de teatro que desde hace casi ocho a\u00f1os vienen armando trabajos de alta factura esc\u00e9nica para su gran p\u00fablico. El elenco lo componen actores de s\u00f3lida trayectoria e indiscutible fuerza histrional, estamos hablando de Constanza Guarda, Eduardo Paxeco, Claudia Kaempfe, Ninoska Marsan, Xavier Sauvalle, Pablo Chaparro y Camilo Serra. Ya lo saben nuestros lectores, ma\u00f1ana mi\u00e9rcoles teatro del bueno, teatro de verdad y gratuito para todos.<br \/>\n<strong>Roberto Gonz\u00e1lez Short<\/strong><\/p>\n<figure id=\"attachment_74080\" aria-describedby=\"caption-attachment-74080\" style=\"width: 530px\" class=\"wp-caption alignleft\"><a href=\"http:\/\/www.eltrabajo.cl\/portal\/bueras-heroes-y-olvido-este-miercoles-en-el-teatro-roberto-barraza\/bueras33\/\" rel=\"attachment wp-att-74080\"><img data-recalc-dims=\"1\" loading=\"lazy\" decoding=\"async\" class=\"size-full wp-image-74080\" src=\"https:\/\/i0.wp.com\/www.eltrabajo.cl\/portal\/wp-content\/uploads\/2016\/09\/Bueras33.jpg?resize=530%2C348\" alt=\"TEATRO DEL MEJOR.- La cita es este mi\u00e9rcoles a las 19:30 horas en el Teatro Roberto Barraza, en San Felipe.\" width=\"530\" height=\"348\" srcset=\"https:\/\/i0.wp.com\/eltrabajo.cl\/portal\/wp-content\/uploads\/2016\/09\/Bueras33.jpg?w=530&amp;ssl=1 530w, https:\/\/i0.wp.com\/eltrabajo.cl\/portal\/wp-content\/uploads\/2016\/09\/Bueras33.jpg?resize=200%2C131&amp;ssl=1 200w, https:\/\/i0.wp.com\/eltrabajo.cl\/portal\/wp-content\/uploads\/2016\/09\/Bueras33.jpg?resize=300%2C197&amp;ssl=1 300w, https:\/\/i0.wp.com\/eltrabajo.cl\/portal\/wp-content\/uploads\/2016\/09\/Bueras33.jpg?resize=228%2C150&amp;ssl=1 228w, https:\/\/i0.wp.com\/eltrabajo.cl\/portal\/wp-content\/uploads\/2016\/09\/Bueras33.jpg?resize=400%2C263&amp;ssl=1 400w\" sizes=\"auto, (max-width: 530px) 100vw, 530px\" \/><\/a><figcaption id=\"caption-attachment-74080\" class=\"wp-caption-text\">TEATRO DEL MEJOR.- La cita es este mi\u00e9rcoles a las 19:30 horas en el Teatro Roberto Barraza, en San Felipe.<\/figcaption><\/figure>\n","protected":false},"excerpt":{"rendered":"<p>Ma\u00f1ana mi\u00e9rcoles en el Teatro Roberto Barraza de San Felipe (Sto. Domingo 207) a las 19:30 horas, se estar\u00e1 presentando la Compa\u00f1\u00eda de Teatro Homoi, con una propuesta de \u2018las grandes ligas\u2019,&#8230;<\/p>\n","protected":false},"author":1,"featured_media":74080,"comment_status":"open","ping_status":"open","sticky":false,"template":"","format":"standard","meta":{"advanced_seo_description":"","jetpack_seo_html_title":"","jetpack_seo_noindex":false,"_jetpack_memberships_contains_paid_content":false,"footnotes":""},"categories":[20],"tags":[],"class_list":["post-74079","post","type-post","status-publish","format-standard","has-post-thumbnail","hentry","category-arte-y-cultura"],"jetpack_featured_media_url":"https:\/\/i0.wp.com\/eltrabajo.cl\/portal\/wp-content\/uploads\/2016\/09\/Bueras33.jpg?fit=530%2C348&ssl=1","jetpack_sharing_enabled":true,"jetpack_likes_enabled":true,"jetpack-related-posts":[],"_links":{"self":[{"href":"https:\/\/eltrabajo.cl\/portal\/wp-json\/wp\/v2\/posts\/74079","targetHints":{"allow":["GET"]}}],"collection":[{"href":"https:\/\/eltrabajo.cl\/portal\/wp-json\/wp\/v2\/posts"}],"about":[{"href":"https:\/\/eltrabajo.cl\/portal\/wp-json\/wp\/v2\/types\/post"}],"author":[{"embeddable":true,"href":"https:\/\/eltrabajo.cl\/portal\/wp-json\/wp\/v2\/users\/1"}],"replies":[{"embeddable":true,"href":"https:\/\/eltrabajo.cl\/portal\/wp-json\/wp\/v2\/comments?post=74079"}],"version-history":[{"count":0,"href":"https:\/\/eltrabajo.cl\/portal\/wp-json\/wp\/v2\/posts\/74079\/revisions"}],"wp:featuredmedia":[{"embeddable":true,"href":"https:\/\/eltrabajo.cl\/portal\/wp-json\/wp\/v2\/media\/74080"}],"wp:attachment":[{"href":"https:\/\/eltrabajo.cl\/portal\/wp-json\/wp\/v2\/media?parent=74079"}],"wp:term":[{"taxonomy":"category","embeddable":true,"href":"https:\/\/eltrabajo.cl\/portal\/wp-json\/wp\/v2\/categories?post=74079"},{"taxonomy":"post_tag","embeddable":true,"href":"https:\/\/eltrabajo.cl\/portal\/wp-json\/wp\/v2\/tags?post=74079"}],"curies":[{"name":"wp","href":"https:\/\/api.w.org\/{rel}","templated":true}]}}