{"id":74083,"date":"2016-09-27T09:05:04","date_gmt":"2016-09-27T12:05:04","guid":{"rendered":"http:\/\/www.eltrabajo.cl\/portal\/?p=74083"},"modified":"2016-09-27T09:05:04","modified_gmt":"2016-09-27T12:05:04","slug":"esc-jose-manso-de-velasco-es-segunda-en-chile-en-crear-estudiantina-infantil","status":"publish","type":"post","link":"https:\/\/eltrabajo.cl\/portal\/esc-jose-manso-de-velasco-es-segunda-en-chile-en-crear-estudiantina-infantil\/","title":{"rendered":"Esc. Jos\u00e9 Manso de Velasco es segunda en Chile en crear Estudiantina Infantil"},"content":{"rendered":"<ul>\n<li><strong>Profesor Claudio Fuentes, formado en la Upla e integrante de una agrupaci\u00f3n de este tipo en su casa de estudios, fue el gestor de esta iniciativa que ha logrado generar un enorme inter\u00e9s por parte de los alumnos.<\/strong><\/li>\n<\/ul>\n<p>Sin lugar a dudas, la alegr\u00eda de recuperar un espacio patrimonial que llena de orgullo a los sanfelipe\u00f1os, se vio incrementada en la ma\u00f1ana de este jueves, cuando el p\u00fablico que asisti\u00f3 a la ceremonia de inauguraci\u00f3n de la Pileta de los Sapitos, pudo disfrutar de la presentaci\u00f3n de la Estudiantina de la Escuela Jos\u00e9 Manso de Velasco.<br \/>\nEste 2016, el profesor de la asignatura de Historia del establecimiento educacional, Claudio Fuentes, present\u00f3 a la directora del plantel, Paola Rojas, la idea de crear una Estudiantina Escolar, recibiendo de inmediato el respaldo necesario que dio lugar a un trabajo de motivaci\u00f3n entre los alumnos.<br \/>\nCon videos de presentaciones donde el propio educador participaba, pues integraba la Estudiantina de su Alma Mater, la Universidad de Playa Ancha, fue entusiasmando a un grupo de alumnos, de entre tercero y octavo b\u00e1sico, quienes hoy forman parte de la primera estudiantina escolar de la regi\u00f3n de Valpara\u00edso y la segunda del pa\u00eds, despu\u00e9s de una escuela de San Bernardo, que tambi\u00e9n est\u00e1 incursionando en esta \u00e1rea.<br \/>\n\u201cDesde que empec\u00e9 a trabajar en la escuela, les comenc\u00e9 a contar a los ni\u00f1os y ni\u00f1as sobre la Estudiantina, que es una tradici\u00f3n de Espa\u00f1a y que en Chile se ha instalado al alero de las Universidades, como es el caso de la Universidad de Playa Ancha, donde yo estudi\u00e9 y particip\u00e9 de su Estudiantina. Les mostr\u00e9 videos a los ni\u00f1os, a quienes les llam\u00f3 la atenci\u00f3n los atuendos, el humor y la alegr\u00eda de estas agrupaciones\u201d, relat\u00f3 el profesor.<\/p>\n<figure id=\"attachment_74084\" aria-describedby=\"caption-attachment-74084\" style=\"width: 530px\" class=\"wp-caption alignleft\"><a href=\"http:\/\/www.eltrabajo.cl\/portal\/esc-jose-manso-de-velasco-es-segunda-en-chile-en-crear-estudiantina-infantil\/estudiantina-infantil\/\" rel=\"attachment wp-att-74084\"><img data-recalc-dims=\"1\" loading=\"lazy\" decoding=\"async\" class=\"size-full wp-image-74084\" src=\"https:\/\/i0.wp.com\/www.eltrabajo.cl\/portal\/wp-content\/uploads\/2016\/09\/Estudiantina-Infantil.jpg?resize=530%2C349\" alt=\"Profesor Claudio Fuentes, formado en la Upla e integrante de una agrupaci\u00f3n de este tipo en su casa de estudios, fue el gestor de esta iniciativa que ha logrado generar un enorme inter\u00e9s por parte de los alumnos.\" width=\"530\" height=\"349\" srcset=\"https:\/\/i0.wp.com\/eltrabajo.cl\/portal\/wp-content\/uploads\/2016\/09\/Estudiantina-Infantil.jpg?w=530&amp;ssl=1 530w, https:\/\/i0.wp.com\/eltrabajo.cl\/portal\/wp-content\/uploads\/2016\/09\/Estudiantina-Infantil.jpg?resize=200%2C132&amp;ssl=1 200w, https:\/\/i0.wp.com\/eltrabajo.cl\/portal\/wp-content\/uploads\/2016\/09\/Estudiantina-Infantil.jpg?resize=300%2C198&amp;ssl=1 300w, https:\/\/i0.wp.com\/eltrabajo.cl\/portal\/wp-content\/uploads\/2016\/09\/Estudiantina-Infantil.jpg?resize=228%2C150&amp;ssl=1 228w, https:\/\/i0.wp.com\/eltrabajo.cl\/portal\/wp-content\/uploads\/2016\/09\/Estudiantina-Infantil.jpg?resize=400%2C263&amp;ssl=1 400w\" sizes=\"auto, (max-width: 530px) 100vw, 530px\" \/><\/a><figcaption id=\"caption-attachment-74084\" class=\"wp-caption-text\">Profesor Claudio Fuentes, formado en la Upla e integrante de una agrupaci\u00f3n de este tipo en su casa de estudios, fue el gestor de esta iniciativa que ha logrado generar un enorme inter\u00e9s por parte de los alumnos.<\/figcaption><\/figure>\n","protected":false},"excerpt":{"rendered":"<p>Profesor Claudio Fuentes, formado en la Upla e integrante de una agrupaci\u00f3n de este tipo en su casa de estudios, fue el gestor de esta iniciativa que ha logrado generar un enorme&#8230;<\/p>\n","protected":false},"author":1,"featured_media":74084,"comment_status":"open","ping_status":"open","sticky":false,"template":"","format":"standard","meta":{"advanced_seo_description":"","jetpack_seo_html_title":"","jetpack_seo_noindex":false,"_jetpack_memberships_contains_paid_content":false,"footnotes":""},"categories":[15],"tags":[],"class_list":["post-74083","post","type-post","status-publish","format-standard","has-post-thumbnail","hentry","category-comunidad"],"jetpack_featured_media_url":"https:\/\/i0.wp.com\/eltrabajo.cl\/portal\/wp-content\/uploads\/2016\/09\/Estudiantina-Infantil.jpg?fit=530%2C349&ssl=1","jetpack_sharing_enabled":true,"jetpack_likes_enabled":true,"jetpack-related-posts":[],"_links":{"self":[{"href":"https:\/\/eltrabajo.cl\/portal\/wp-json\/wp\/v2\/posts\/74083","targetHints":{"allow":["GET"]}}],"collection":[{"href":"https:\/\/eltrabajo.cl\/portal\/wp-json\/wp\/v2\/posts"}],"about":[{"href":"https:\/\/eltrabajo.cl\/portal\/wp-json\/wp\/v2\/types\/post"}],"author":[{"embeddable":true,"href":"https:\/\/eltrabajo.cl\/portal\/wp-json\/wp\/v2\/users\/1"}],"replies":[{"embeddable":true,"href":"https:\/\/eltrabajo.cl\/portal\/wp-json\/wp\/v2\/comments?post=74083"}],"version-history":[{"count":0,"href":"https:\/\/eltrabajo.cl\/portal\/wp-json\/wp\/v2\/posts\/74083\/revisions"}],"wp:featuredmedia":[{"embeddable":true,"href":"https:\/\/eltrabajo.cl\/portal\/wp-json\/wp\/v2\/media\/74084"}],"wp:attachment":[{"href":"https:\/\/eltrabajo.cl\/portal\/wp-json\/wp\/v2\/media?parent=74083"}],"wp:term":[{"taxonomy":"category","embeddable":true,"href":"https:\/\/eltrabajo.cl\/portal\/wp-json\/wp\/v2\/categories?post=74083"},{"taxonomy":"post_tag","embeddable":true,"href":"https:\/\/eltrabajo.cl\/portal\/wp-json\/wp\/v2\/tags?post=74083"}],"curies":[{"name":"wp","href":"https:\/\/api.w.org\/{rel}","templated":true}]}}