{"id":74093,"date":"2016-09-27T09:12:18","date_gmt":"2016-09-27T12:12:18","guid":{"rendered":"http:\/\/www.eltrabajo.cl\/portal\/?p=74093"},"modified":"2016-09-27T09:12:18","modified_gmt":"2016-09-27T12:12:18","slug":"municipio-desconoce-supuesta-caida-de-proyecto-nuevo-estadio-en-el-fiscal","status":"publish","type":"post","link":"https:\/\/eltrabajo.cl\/portal\/municipio-desconoce-supuesta-caida-de-proyecto-nuevo-estadio-en-el-fiscal\/","title":{"rendered":"Municipio desconoce supuesta ca\u00edda de proyecto nuevo\u00a0estadio en el Fiscal"},"content":{"rendered":"<ul>\n<li><strong>Jorge Jara, Alcalde subrogante de San Felipe:\u00a0\u201cLa Ministra del Deporte no nos ha comunicado ninguna alteraci\u00f3n del calendario de la construcci\u00f3n del nuevo estadio\u201d<\/strong><\/li>\n<\/ul>\n<figure id=\"attachment_74095\" aria-describedby=\"caption-attachment-74095\" style=\"width: 300px\" class=\"wp-caption alignleft\"><a href=\"http:\/\/www.eltrabajo.cl\/portal\/municipio-desconoce-supuesta-caida-de-proyecto-nuevo-estadio-en-el-fiscal\/jorge-jara-17\/\" rel=\"attachment wp-att-74095\"><img data-recalc-dims=\"1\" loading=\"lazy\" decoding=\"async\" class=\"size-medium wp-image-74095\" src=\"https:\/\/i0.wp.com\/www.eltrabajo.cl\/portal\/wp-content\/uploads\/2016\/09\/JORGE-JARA-300x197.jpg?resize=300%2C197\" alt=\"Jorge Jara Catal\u00e1n, alcalde subrogante de San Felipe.\" width=\"300\" height=\"197\" srcset=\"https:\/\/i0.wp.com\/eltrabajo.cl\/portal\/wp-content\/uploads\/2016\/09\/JORGE-JARA.jpg?resize=300%2C197&amp;ssl=1 300w, https:\/\/i0.wp.com\/eltrabajo.cl\/portal\/wp-content\/uploads\/2016\/09\/JORGE-JARA.jpg?resize=200%2C131&amp;ssl=1 200w, https:\/\/i0.wp.com\/eltrabajo.cl\/portal\/wp-content\/uploads\/2016\/09\/JORGE-JARA.jpg?resize=228%2C150&amp;ssl=1 228w, https:\/\/i0.wp.com\/eltrabajo.cl\/portal\/wp-content\/uploads\/2016\/09\/JORGE-JARA.jpg?resize=400%2C263&amp;ssl=1 400w, https:\/\/i0.wp.com\/eltrabajo.cl\/portal\/wp-content\/uploads\/2016\/09\/JORGE-JARA.jpg?w=530&amp;ssl=1 530w\" sizes=\"auto, (max-width: 300px) 100vw, 300px\" \/><\/a><figcaption id=\"caption-attachment-74095\" class=\"wp-caption-text\">Jorge Jara Catal\u00e1n, alcalde subrogante de San Felipe.<\/figcaption><\/figure>\n<p>Jorge Jara Catal\u00e1n, alcalde subrogante de San Felipe, desminti\u00f3 al Consejero Regional, Rolando Stevenson Velasco, quien durante la jornada de ayer en una emisora local, asegurara que el proyecto del nuevo Estado de San Felipe, habr\u00eda sido postergado por el Ministerio de Bienes Nacionales.<br \/>\nJara, quien adem\u00e1s es el encargado del Departamento Jur\u00eddico de la Municipalidad de San Felipe, asegur\u00f3 que las autoridades directamente involucradas en la construcci\u00f3n del recinto deportivo, no han formalizado ninguna modificaci\u00f3n respecto de la carta gantt del proyecto, el cual debiera materializarse, de acuerdo al compromiso realizado por el alcalde Patricio Freire en su primera campa\u00f1a de elecci\u00f3n municipal y que cont\u00f3 con el respaldo expl\u00edcito de la presidenta.<br \/>\n\u201cNosotros tuvimos contacto con el gobernador provincial Eduardo Le\u00f3n, con el Seremi (Secretario Regional Ministerial) del Deporte (Leandro Torres), con la serem\u00eda de Obras P\u00fablicas y puedo manifestar como alcalde subrogante que no hay ning\u00fan informe, serio y responsable de este tipo de anuncios, el proyecto se sigue desarrollando con absoluta normalidad y esperamos que todos colaboremos para que siga adelante, sin contratiempos (\u2026)\u201d, detall\u00f3 el abogado.<br \/>\nDe acuerdo a lo informado por Jara, las declaraciones emitidas por Stevenson, no tienen ning\u00fan respaldo oficial e invit\u00f3 al Core a que pudiera compartir (con el municipio), el documento donde queda de manifiesto la decisi\u00f3n del Ministerio de Obras P\u00fablicas, MOP, agregando en este punto, que esta cartera no tiene las competencias para intervenir en la edificaci\u00f3n del recinto deportivo.<br \/>\n\u201cEl Ministerio de Obras P\u00fablicas tuvo participaci\u00f3n en el momento de establecer la cabida del nuevo estadio en el predio que sirve de base para poder construirlo, y despu\u00e9s de una serie de ajustes de tipo t\u00e9cnico, se entregaron las actualizaciones competentes, se pidieron algunas medidas de mitigaci\u00f3n, como una calle de servicio -que est\u00e1 contemplada en el dise\u00f1o- de tal manera que el MOP no tiene participaci\u00f3n en esta materia, sino que, el mandante y responsable es el Ministerio del Deporte y la Ministra no nos ha comunicado ninguna alteraci\u00f3n al calendario que se est\u00e1 desarrollando con absoluta normalidad\u201d, explic\u00f3 Jara.<br \/>\nRespecto a la posible intencionalidad que pudieron tener los dichos del Core, el edil suplente prefiri\u00f3 tomarse las declaraciones con sentido del humor y atribuy\u00f3 las palabras del Core a un arrebato provocado por las altas temperaturas que durante los \u00faltimos d\u00edas han prevalecido en el Valle de Aconcagua, declarando que \u201csi hay alguna intencionalidad, puede ser, as\u00ed como tambi\u00e9n pudo ser un error de c\u00e1lculo, el proceso de un d\u00eda lunes en la ma\u00f1ana o con el calor que nos est\u00e1 azotando a todos en Aconcagua, en fin, pueden haber mil razones, pero lo serio es que no hay ninguna decisi\u00f3n que d\u00e9 argumentos para comentar esta situaci\u00f3n\u201d, concluy\u00f3 Jara.<\/p>\n<figure id=\"attachment_74094\" aria-describedby=\"caption-attachment-74094\" style=\"width: 530px\" class=\"wp-caption alignleft\"><a href=\"http:\/\/www.eltrabajo.cl\/portal\/municipio-desconoce-supuesta-caida-de-proyecto-nuevo-estadio-en-el-fiscal\/maqueta-nuevo-estadio\/\" rel=\"attachment wp-att-74094\"><img data-recalc-dims=\"1\" loading=\"lazy\" decoding=\"async\" class=\"size-full wp-image-74094\" src=\"https:\/\/i0.wp.com\/www.eltrabajo.cl\/portal\/wp-content\/uploads\/2016\/09\/Maqueta-nuevo-estadio.jpg?resize=530%2C349\" alt=\"La maqueta del nuevo estadio fue presentada en agosto pasado, anunci\u00e1ndose para el 2017 el inicio de su construcci\u00f3n. Dichos planes no habr\u00edan variado, asegur\u00f3 el alcalde (s) Jorge Jara.\" width=\"530\" height=\"349\" srcset=\"https:\/\/i0.wp.com\/eltrabajo.cl\/portal\/wp-content\/uploads\/2016\/09\/Maqueta-nuevo-estadio.jpg?w=530&amp;ssl=1 530w, https:\/\/i0.wp.com\/eltrabajo.cl\/portal\/wp-content\/uploads\/2016\/09\/Maqueta-nuevo-estadio.jpg?resize=200%2C132&amp;ssl=1 200w, https:\/\/i0.wp.com\/eltrabajo.cl\/portal\/wp-content\/uploads\/2016\/09\/Maqueta-nuevo-estadio.jpg?resize=300%2C198&amp;ssl=1 300w, https:\/\/i0.wp.com\/eltrabajo.cl\/portal\/wp-content\/uploads\/2016\/09\/Maqueta-nuevo-estadio.jpg?resize=228%2C150&amp;ssl=1 228w, https:\/\/i0.wp.com\/eltrabajo.cl\/portal\/wp-content\/uploads\/2016\/09\/Maqueta-nuevo-estadio.jpg?resize=400%2C263&amp;ssl=1 400w\" sizes=\"auto, (max-width: 530px) 100vw, 530px\" \/><\/a><figcaption id=\"caption-attachment-74094\" class=\"wp-caption-text\">La maqueta del nuevo estadio fue presentada en agosto pasado, anunci\u00e1ndose para el 2017 el inicio de su construcci\u00f3n. Dichos planes no habr\u00edan variado, asegur\u00f3 el alcalde (s) Jorge Jara.<\/figcaption><\/figure>\n","protected":false},"excerpt":{"rendered":"<p>Jorge Jara, Alcalde subrogante de San Felipe:\u00a0\u201cLa Ministra del Deporte no nos ha comunicado ninguna alteraci\u00f3n del calendario de la construcci\u00f3n del nuevo estadio\u201d Jorge Jara Catal\u00e1n, alcalde subrogante de San Felipe,&#8230;<\/p>\n","protected":false},"author":1,"featured_media":74094,"comment_status":"open","ping_status":"open","sticky":false,"template":"","format":"standard","meta":{"advanced_seo_description":"","jetpack_seo_html_title":"","jetpack_seo_noindex":false,"_jetpack_memberships_contains_paid_content":false,"footnotes":""},"categories":[1],"tags":[],"class_list":["post-74093","post","type-post","status-publish","format-standard","has-post-thumbnail","hentry","category-cronica"],"jetpack_featured_media_url":"https:\/\/i0.wp.com\/eltrabajo.cl\/portal\/wp-content\/uploads\/2016\/09\/Maqueta-nuevo-estadio.jpg?fit=530%2C349&ssl=1","jetpack_sharing_enabled":true,"jetpack_likes_enabled":true,"jetpack-related-posts":[],"_links":{"self":[{"href":"https:\/\/eltrabajo.cl\/portal\/wp-json\/wp\/v2\/posts\/74093","targetHints":{"allow":["GET"]}}],"collection":[{"href":"https:\/\/eltrabajo.cl\/portal\/wp-json\/wp\/v2\/posts"}],"about":[{"href":"https:\/\/eltrabajo.cl\/portal\/wp-json\/wp\/v2\/types\/post"}],"author":[{"embeddable":true,"href":"https:\/\/eltrabajo.cl\/portal\/wp-json\/wp\/v2\/users\/1"}],"replies":[{"embeddable":true,"href":"https:\/\/eltrabajo.cl\/portal\/wp-json\/wp\/v2\/comments?post=74093"}],"version-history":[{"count":0,"href":"https:\/\/eltrabajo.cl\/portal\/wp-json\/wp\/v2\/posts\/74093\/revisions"}],"wp:featuredmedia":[{"embeddable":true,"href":"https:\/\/eltrabajo.cl\/portal\/wp-json\/wp\/v2\/media\/74094"}],"wp:attachment":[{"href":"https:\/\/eltrabajo.cl\/portal\/wp-json\/wp\/v2\/media?parent=74093"}],"wp:term":[{"taxonomy":"category","embeddable":true,"href":"https:\/\/eltrabajo.cl\/portal\/wp-json\/wp\/v2\/categories?post=74093"},{"taxonomy":"post_tag","embeddable":true,"href":"https:\/\/eltrabajo.cl\/portal\/wp-json\/wp\/v2\/tags?post=74093"}],"curies":[{"name":"wp","href":"https:\/\/api.w.org\/{rel}","templated":true}]}}