{"id":74098,"date":"2016-09-27T09:14:52","date_gmt":"2016-09-27T12:14:52","guid":{"rendered":"http:\/\/www.eltrabajo.cl\/portal\/?p=74098"},"modified":"2016-09-27T09:14:52","modified_gmt":"2016-09-27T12:14:52","slug":"municipio-formalizo-su-intencion-de-construir-parque-en-la-escuela-agricola","status":"publish","type":"post","link":"https:\/\/eltrabajo.cl\/portal\/municipio-formalizo-su-intencion-de-construir-parque-en-la-escuela-agricola\/","title":{"rendered":"Municipio formaliz\u00f3 su intenci\u00f3n de construir Parque en la Escuela Agr\u00edcola"},"content":{"rendered":"<ul>\n<li><strong><span style=\"color: #ff0000;\">Ocupar\u00eda una extensi\u00f3n aproximada de 8 hect\u00e1reas:<\/span> Alcalde subrogante de San Felipe, afirm\u00f3 tambi\u00e9n que se sostuvieron reuniones con los propietarios del sector del antiguo Palacio Quilpu\u00e9, para emplazar en ese lugar otro espacio recreativo para la comuna.<\/strong><\/li>\n<\/ul>\n<p>Dentro de todas las propuestas que surgen a partir de la aproximaci\u00f3n de las elecciones municipales, en San Felipe pareciera existir un com\u00fan denominador entre los postulantes al Concejo Municipal y los principales candidatos al Sill\u00f3n Edilicio: la construcci\u00f3n de un parque urbano recreativo, cuyo \u00fanico \u00e1ngulo de diferenciaci\u00f3n pareciera ser el emplazamiento.<br \/>\nMientras algunos sue\u00f1an con ubicarlo en el Palacio de la Hacienda de Quilpu\u00e9, otras voces apuntan al aer\u00f3dromo como el lugar id\u00f3neo. Sin embargo, la propuesta que parece estar m\u00e1s avanzada es la de Patricio Freire, pues seg\u00fan manifest\u00f3 el alcalde Subrogante de San Felipe, Jorge Jara, existe un proyecto en desarrollo para aumentar el n\u00famero de \u00e1reas verdes y entregar un extenso sector de entretenci\u00f3n para la comunidad en los terrenos pertenecientes a la Escuela Agr\u00edcola.<br \/>\nDe acuerdo a lo manifestado por Jara, \u201ctenemos intenci\u00f3n de habilitar ah\u00ed un parque, nos hemos reunido con el director del establecimiento, don Carlos Dasso, \u00e9l sabe la intenci\u00f3n de esta administraci\u00f3n, no la comparte en plenitud, hay que decirlo porque tambi\u00e9n hay que aclarar que no estamos en condiciones de pedir la administraci\u00f3n de todo el recinto, sino que solamente de 6 a 8 hect\u00e1reas y en esos t\u00e9rminos hemos formalizado, una presentaci\u00f3n a mediados de este a\u00f1o por este terreno\u201d, advirti\u00f3 el abogado<br \/>\nSeg\u00fan el edil subrogante, con el paso del tiempo esta iniciativa ha ido tomando cuerpo y se suma a otras ideas de seguir aumentando la cantidad de \u00e1reas verdes en la comuna, puesto que \u201cel alcalde Patricio Freire quiere habilitar no s\u00f3lo el Parque Borde Estero de Quilpu\u00e9, sino que tambi\u00e9n un parque en el recinto del antiguo Palacio de la Hacienda de Quilpu\u00e9 -cuesti\u00f3n que estamos analizando t\u00e9cnicamente- tuvimos una serie de reuniones con los propietarios de ese inmueble, tratando de acercar posiciones\u201d, destac\u00f3.<br \/>\nCabe destacar, que los terrenos de la Escuela Agr\u00edcola, son de propiedad Fiscal, entregados en comodato a la Codeser, Corporaci\u00f3n de Desarrollo del Sector Rural, ente administrador del establecimiento educacional.<\/p>\n<figure id=\"attachment_74099\" aria-describedby=\"caption-attachment-74099\" style=\"width: 528px\" class=\"wp-caption alignleft\"><a href=\"http:\/\/www.eltrabajo.cl\/portal\/municipio-formalizo-su-intencion-de-construir-parque-en-la-escuela-agricola\/agricoli\/\" rel=\"attachment wp-att-74099\"><img data-recalc-dims=\"1\" loading=\"lazy\" decoding=\"async\" class=\"size-full wp-image-74099\" src=\"https:\/\/i0.wp.com\/www.eltrabajo.cl\/portal\/wp-content\/uploads\/2016\/09\/agricoli.jpg?resize=528%2C350\" alt=\"CAMPO.- Los terrenos de la Escuela Agr\u00edcola, son de propiedad Fiscal, entregados en comodato a la Codeser, Corporaci\u00f3n de Desarrollo del Sector Rural, ente administrador del establecimiento educacional. (Foto Referencial).\" width=\"528\" height=\"350\" srcset=\"https:\/\/i0.wp.com\/eltrabajo.cl\/portal\/wp-content\/uploads\/2016\/09\/agricoli.jpg?w=528&amp;ssl=1 528w, https:\/\/i0.wp.com\/eltrabajo.cl\/portal\/wp-content\/uploads\/2016\/09\/agricoli.jpg?resize=200%2C133&amp;ssl=1 200w, https:\/\/i0.wp.com\/eltrabajo.cl\/portal\/wp-content\/uploads\/2016\/09\/agricoli.jpg?resize=300%2C199&amp;ssl=1 300w, https:\/\/i0.wp.com\/eltrabajo.cl\/portal\/wp-content\/uploads\/2016\/09\/agricoli.jpg?resize=226%2C150&amp;ssl=1 226w, https:\/\/i0.wp.com\/eltrabajo.cl\/portal\/wp-content\/uploads\/2016\/09\/agricoli.jpg?resize=400%2C265&amp;ssl=1 400w\" sizes=\"auto, (max-width: 528px) 100vw, 528px\" \/><\/a><figcaption id=\"caption-attachment-74099\" class=\"wp-caption-text\">CAMPO.- Los terrenos de la Escuela Agr\u00edcola, son de propiedad Fiscal, entregados en comodato a la Codeser, Corporaci\u00f3n de Desarrollo del Sector Rural, ente administrador del establecimiento educacional. (Foto Referencial).<\/figcaption><\/figure>\n","protected":false},"excerpt":{"rendered":"<p>Ocupar\u00eda una extensi\u00f3n aproximada de 8 hect\u00e1reas: Alcalde subrogante de San Felipe, afirm\u00f3 tambi\u00e9n que se sostuvieron reuniones con los propietarios del sector del antiguo Palacio Quilpu\u00e9, para emplazar en ese lugar&#8230;<\/p>\n","protected":false},"author":1,"featured_media":74099,"comment_status":"open","ping_status":"open","sticky":false,"template":"","format":"standard","meta":{"advanced_seo_description":"","jetpack_seo_html_title":"","jetpack_seo_noindex":false,"_jetpack_memberships_contains_paid_content":false,"footnotes":""},"categories":[1],"tags":[],"class_list":["post-74098","post","type-post","status-publish","format-standard","has-post-thumbnail","hentry","category-cronica"],"jetpack_featured_media_url":"https:\/\/i0.wp.com\/eltrabajo.cl\/portal\/wp-content\/uploads\/2016\/09\/agricoli.jpg?fit=528%2C350&ssl=1","jetpack_sharing_enabled":true,"jetpack_likes_enabled":true,"jetpack-related-posts":[],"_links":{"self":[{"href":"https:\/\/eltrabajo.cl\/portal\/wp-json\/wp\/v2\/posts\/74098","targetHints":{"allow":["GET"]}}],"collection":[{"href":"https:\/\/eltrabajo.cl\/portal\/wp-json\/wp\/v2\/posts"}],"about":[{"href":"https:\/\/eltrabajo.cl\/portal\/wp-json\/wp\/v2\/types\/post"}],"author":[{"embeddable":true,"href":"https:\/\/eltrabajo.cl\/portal\/wp-json\/wp\/v2\/users\/1"}],"replies":[{"embeddable":true,"href":"https:\/\/eltrabajo.cl\/portal\/wp-json\/wp\/v2\/comments?post=74098"}],"version-history":[{"count":0,"href":"https:\/\/eltrabajo.cl\/portal\/wp-json\/wp\/v2\/posts\/74098\/revisions"}],"wp:featuredmedia":[{"embeddable":true,"href":"https:\/\/eltrabajo.cl\/portal\/wp-json\/wp\/v2\/media\/74099"}],"wp:attachment":[{"href":"https:\/\/eltrabajo.cl\/portal\/wp-json\/wp\/v2\/media?parent=74098"}],"wp:term":[{"taxonomy":"category","embeddable":true,"href":"https:\/\/eltrabajo.cl\/portal\/wp-json\/wp\/v2\/categories?post=74098"},{"taxonomy":"post_tag","embeddable":true,"href":"https:\/\/eltrabajo.cl\/portal\/wp-json\/wp\/v2\/tags?post=74098"}],"curies":[{"name":"wp","href":"https:\/\/api.w.org\/{rel}","templated":true}]}}