{"id":74102,"date":"2016-09-27T09:20:08","date_gmt":"2016-09-27T12:20:08","guid":{"rendered":"http:\/\/www.eltrabajo.cl\/portal\/?p=74102"},"modified":"2016-09-27T09:20:08","modified_gmt":"2016-09-27T12:20:08","slug":"enfermo-terminal-de-cancer-pide-ayuda-para-viajar-al-sur-con-su-familia","status":"publish","type":"post","link":"https:\/\/eltrabajo.cl\/portal\/enfermo-terminal-de-cancer-pide-ayuda-para-viajar-al-sur-con-su-familia\/","title":{"rendered":"Enfermo terminal de c\u00e1ncer pide ayuda para viajar al sur con su familia"},"content":{"rendered":"<ul>\n<li><strong>Apenas tiene $200.000 y necesita pagar un transporte:<\/strong><\/li>\n<\/ul>\n<p>Se ha ganado la vida durante los \u00faltimos 25 a\u00f1os, confeccionando ropa infantil en nuestra provincia, algunos de nuestros lectores quiz\u00e1 les resultar\u00e1 conocida aquella tienda, ubicada hace a\u00f1os en Traslavi\u00f1a con Prat, se llamaba Kalfu\u00f1anko Sport, estamos hablando de don Alfonso Calfu\u00f1anco Paillac\u00e1n, de 66 a\u00f1os, quien repentinamente tuvo que dejar su oficio para atender un grave problema de salud.<br \/>\nEl problema que enfrenta don Alfonso no es sencillo, sufre un c\u00e1ncer basocelular en su pierna izquierda, el que inici\u00f3 hace dos a\u00f1os como una leve herida, la que se fue acrecentando hasta impedirle trabajar m\u00e1s, \u00aben el consultorio poco es lo que me pudieron ayudar, ya cuando ordenaron los ex\u00e1menes era tarde, los doctores en Los Andes y Vi\u00f1a me dijeron que era in\u00fatil amputarme la pierna, que ya nada se puede hacer, s\u00f3lo remitirme a la Cl\u00ednica del Dolor. Pero mi problema no es el c\u00e1ncer, ya eso lo tengo asumido y tambi\u00e9n mi familia, mi problema es otro\u00bb, indic\u00f3 el angustiado vecino de Santiago Bueras 820, Curim\u00f3n.<\/p>\n<p><strong>OCUPA TRANSPORTE<\/strong><br \/>\nSeg\u00fan lo que investig\u00f3 Diario El Trabajo, don Alfonso est\u00e1 necesitando irse a vivir a Villarrica, cuenta con $200.000 para pagar el transporte, pero esa suma no le es suficiente: \u00abmi esposa y yo hemos ahorrado un poquito, pero s\u00f3lo tenemos $200.000, lo que estoy solicitando a los lectores de Diario El Trabajo, a las autoridades y al comercio en general, es que me ayuden con alguna soluci\u00f3n para poder irme con mi familia al sur, ya el due\u00f1o ac\u00e1 de la casa que arrendamos, ya nos pidi\u00f3 la vivienda hace seis meses, por eso clamo por ayuda a alguna iglesia evang\u00e9lica que quiera ayudarme, para pagar un cami\u00f3n y as\u00ed atenderme en esa zona\u00bb, dijo el afectado.<br \/>\nSeg\u00fan nos explic\u00f3 este vecino, su c\u00e1ncer es incurable, \u00e9l asegura que s\u00f3lo un milagro del Se\u00f1or le puede curar y est\u00e1 orando por ese regalo, a\u00fan as\u00ed, don Alfonso lo que desea es estar cerca de sus familiares del sur, quienes ya le est\u00e1n buscando un arriendo en esa zona del pa\u00eds. Los interesados en cooperar con esta familia, pueden llamar a los fonos: 987355356 \u2013 95753982.<br \/>\n<strong>Roberto Gonz\u00e1lez Short<\/strong><\/p>\n<figure id=\"attachment_74103\" aria-describedby=\"caption-attachment-74103\" style=\"width: 530px\" class=\"wp-caption alignleft\"><a href=\"http:\/\/www.eltrabajo.cl\/portal\/enfermo-terminal-de-cancer-pide-ayuda-para-viajar-al-sur-con-su-familia\/alfonso-calfunanco-1\/\" rel=\"attachment wp-att-74103\"><img data-recalc-dims=\"1\" loading=\"lazy\" decoding=\"async\" class=\"size-full wp-image-74103\" src=\"https:\/\/i0.wp.com\/www.eltrabajo.cl\/portal\/wp-content\/uploads\/2016\/09\/Alfonso-Calfunanco-1.jpg?resize=530%2C349\" alt=\"HOY ES EL D\u00cdA.- Alfonso Calfu\u00f1anco tiene 66 a\u00f1os y necesita de nuestra ayuda, para poder estar cerca de su familia en el sur.\" width=\"530\" height=\"349\" srcset=\"https:\/\/i0.wp.com\/eltrabajo.cl\/portal\/wp-content\/uploads\/2016\/09\/Alfonso-Calfunanco-1.jpg?w=530&amp;ssl=1 530w, https:\/\/i0.wp.com\/eltrabajo.cl\/portal\/wp-content\/uploads\/2016\/09\/Alfonso-Calfunanco-1.jpg?resize=200%2C132&amp;ssl=1 200w, https:\/\/i0.wp.com\/eltrabajo.cl\/portal\/wp-content\/uploads\/2016\/09\/Alfonso-Calfunanco-1.jpg?resize=300%2C198&amp;ssl=1 300w, https:\/\/i0.wp.com\/eltrabajo.cl\/portal\/wp-content\/uploads\/2016\/09\/Alfonso-Calfunanco-1.jpg?resize=228%2C150&amp;ssl=1 228w, https:\/\/i0.wp.com\/eltrabajo.cl\/portal\/wp-content\/uploads\/2016\/09\/Alfonso-Calfunanco-1.jpg?resize=400%2C263&amp;ssl=1 400w\" sizes=\"auto, (max-width: 530px) 100vw, 530px\" \/><\/a><figcaption id=\"caption-attachment-74103\" class=\"wp-caption-text\">HOY ES EL D\u00cdA.- Alfonso Calfu\u00f1anco tiene 66 a\u00f1os y necesita de nuestra ayuda, para poder estar cerca de su familia en el sur.<\/figcaption><\/figure>\n<figure id=\"attachment_74104\" aria-describedby=\"caption-attachment-74104\" style=\"width: 529px\" class=\"wp-caption alignleft\"><a href=\"http:\/\/www.eltrabajo.cl\/portal\/enfermo-terminal-de-cancer-pide-ayuda-para-viajar-al-sur-con-su-familia\/dolor1-7\/\" rel=\"attachment wp-att-74104\"><img data-recalc-dims=\"1\" loading=\"lazy\" decoding=\"async\" class=\"size-full wp-image-74104\" src=\"https:\/\/i0.wp.com\/www.eltrabajo.cl\/portal\/wp-content\/uploads\/2016\/09\/Dolor1.jpg?resize=529%2C698\" alt=\"UN PROBLEMA REAL.- Diario El Trabajo revis\u00f3 dict\u00e1menes y otros documentos m\u00e9dicos, los que confirman esta penosa situaci\u00f3n.\" width=\"529\" height=\"698\" srcset=\"https:\/\/i0.wp.com\/eltrabajo.cl\/portal\/wp-content\/uploads\/2016\/09\/Dolor1.jpg?w=529&amp;ssl=1 529w, https:\/\/i0.wp.com\/eltrabajo.cl\/portal\/wp-content\/uploads\/2016\/09\/Dolor1.jpg?resize=114%2C150&amp;ssl=1 114w, https:\/\/i0.wp.com\/eltrabajo.cl\/portal\/wp-content\/uploads\/2016\/09\/Dolor1.jpg?resize=227%2C300&amp;ssl=1 227w, https:\/\/i0.wp.com\/eltrabajo.cl\/portal\/wp-content\/uploads\/2016\/09\/Dolor1.jpg?resize=400%2C528&amp;ssl=1 400w\" sizes=\"auto, (max-width: 529px) 100vw, 529px\" \/><\/a><figcaption id=\"caption-attachment-74104\" class=\"wp-caption-text\">UN PROBLEMA REAL.- Diario El Trabajo revis\u00f3 dict\u00e1menes y otros documentos m\u00e9dicos, los que confirman esta penosa situaci\u00f3n.<\/figcaption><\/figure>\n","protected":false},"excerpt":{"rendered":"<p>Apenas tiene $200.000 y necesita pagar un transporte: Se ha ganado la vida durante los \u00faltimos 25 a\u00f1os, confeccionando ropa infantil en nuestra provincia, algunos de nuestros lectores quiz\u00e1 les resultar\u00e1 conocida&#8230;<\/p>\n","protected":false},"author":1,"featured_media":74103,"comment_status":"open","ping_status":"open","sticky":false,"template":"","format":"standard","meta":{"advanced_seo_description":"","jetpack_seo_html_title":"","jetpack_seo_noindex":false,"_jetpack_memberships_contains_paid_content":false,"footnotes":""},"categories":[15],"tags":[],"class_list":["post-74102","post","type-post","status-publish","format-standard","has-post-thumbnail","hentry","category-comunidad"],"jetpack_featured_media_url":"https:\/\/i0.wp.com\/eltrabajo.cl\/portal\/wp-content\/uploads\/2016\/09\/Alfonso-Calfunanco-1.jpg?fit=530%2C349&ssl=1","jetpack_sharing_enabled":true,"jetpack_likes_enabled":true,"jetpack-related-posts":[],"_links":{"self":[{"href":"https:\/\/eltrabajo.cl\/portal\/wp-json\/wp\/v2\/posts\/74102","targetHints":{"allow":["GET"]}}],"collection":[{"href":"https:\/\/eltrabajo.cl\/portal\/wp-json\/wp\/v2\/posts"}],"about":[{"href":"https:\/\/eltrabajo.cl\/portal\/wp-json\/wp\/v2\/types\/post"}],"author":[{"embeddable":true,"href":"https:\/\/eltrabajo.cl\/portal\/wp-json\/wp\/v2\/users\/1"}],"replies":[{"embeddable":true,"href":"https:\/\/eltrabajo.cl\/portal\/wp-json\/wp\/v2\/comments?post=74102"}],"version-history":[{"count":0,"href":"https:\/\/eltrabajo.cl\/portal\/wp-json\/wp\/v2\/posts\/74102\/revisions"}],"wp:featuredmedia":[{"embeddable":true,"href":"https:\/\/eltrabajo.cl\/portal\/wp-json\/wp\/v2\/media\/74103"}],"wp:attachment":[{"href":"https:\/\/eltrabajo.cl\/portal\/wp-json\/wp\/v2\/media?parent=74102"}],"wp:term":[{"taxonomy":"category","embeddable":true,"href":"https:\/\/eltrabajo.cl\/portal\/wp-json\/wp\/v2\/categories?post=74102"},{"taxonomy":"post_tag","embeddable":true,"href":"https:\/\/eltrabajo.cl\/portal\/wp-json\/wp\/v2\/tags?post=74102"}],"curies":[{"name":"wp","href":"https:\/\/api.w.org\/{rel}","templated":true}]}}