{"id":74107,"date":"2016-09-28T08:36:31","date_gmt":"2016-09-28T11:36:31","guid":{"rendered":"http:\/\/www.eltrabajo.cl\/portal\/?p=74107"},"modified":"2016-09-28T08:36:31","modified_gmt":"2016-09-28T11:36:31","slug":"estudiantes-muy-comprometidos-con-su-propio-huerto-escolar","status":"publish","type":"post","link":"https:\/\/eltrabajo.cl\/portal\/estudiantes-muy-comprometidos-con-su-propio-huerto-escolar\/","title":{"rendered":"Estudiantes muy comprometidos con su propio huerto escolar"},"content":{"rendered":"<p>Un refrescante sentido de pertenencia y responsabilidad, es el que se ha desarrollado en todo el 7\u00ba b\u00e1sico de la Escuela Manuel Rodr\u00edguez, luego que su profesor, Luis Le\u00f3n, instaurara un sencillo pero saludable proyecto de vivero y huerto escolar en cooperaci\u00f3n con la Oficina de Sistema de Certificaci\u00f3n Ambiental Municipal, en el que todos los ni\u00f1os han plantado cilantro, arbolitos y otras especies.<br \/>\n\u00abLos arbolitos y semillas se compran en Santiago, en este huerto tenemos cilantro, tomates, lechuga y otras hortalizas. En cuanto a los \u00e1rboles, tenemos molles, pimientos y bellotas del norte entre otras especies\u00bb, inform\u00f3 a Diario El Trabajo el profesor Luis Le\u00f3n.<br \/>\nSeg\u00fan el docente, este es un taller que ayuda mucho al desarrollo y comportamiento de sus estudiantes, pues son ellos los encargados de darle mantenimiento y fuerza a estas plantas, generando en efecto muy positivo en la convivencia escolar, ya que todos los involucrados est\u00e1n m\u00e1s comprometidos a mejorar en sus estudios.<br \/>\n\u00abEste taller es parte de un gran proyecto intercultural que estamos desarrollando en nuestra escuela, no se trata solamente de un huerto o semillero, aqu\u00ed estamos buscando que el estudiante logre tener una positiva cosmovisi\u00f3n de la naturaleza, as\u00ed como una mejor integraci\u00f3n con nuestras ra\u00edces originarias a trav\u00e9s de los juegos y lenguajes originarios, porque nuestro pr\u00f3ximo paso ser\u00e1 crear un parque tem\u00e1tico en terrenos de la escuela\u00bb, agreg\u00f3 Le\u00f3n a Diario El Trabajo.<br \/>\nRoberto Gonz\u00e1lez Short<\/p>\n<figure id=\"attachment_74108\" aria-describedby=\"caption-attachment-74108\" style=\"width: 530px\" class=\"wp-caption alignleft\"><a href=\"http:\/\/www.eltrabajo.cl\/portal\/estudiantes-muy-comprometidos-con-su-propio-huerto-escolar\/huerto1-4\/\" rel=\"attachment wp-att-74108\"><img data-recalc-dims=\"1\" loading=\"lazy\" decoding=\"async\" class=\"size-full wp-image-74108\" src=\"https:\/\/i0.wp.com\/www.eltrabajo.cl\/portal\/wp-content\/uploads\/2016\/09\/Huerto1.jpg?resize=530%2C350\" alt=\"ELLOS SON LOS DUE\u00d1OS.- Aqu\u00ed tenemos a parte del 7\u00ba b\u00e1sico presentando a las c\u00e1maras de Diario El Trabajo su saludable huerto escolar.\" width=\"530\" height=\"350\" srcset=\"https:\/\/i0.wp.com\/eltrabajo.cl\/portal\/wp-content\/uploads\/2016\/09\/Huerto1.jpg?w=530&amp;ssl=1 530w, https:\/\/i0.wp.com\/eltrabajo.cl\/portal\/wp-content\/uploads\/2016\/09\/Huerto1.jpg?resize=200%2C132&amp;ssl=1 200w, https:\/\/i0.wp.com\/eltrabajo.cl\/portal\/wp-content\/uploads\/2016\/09\/Huerto1.jpg?resize=300%2C198&amp;ssl=1 300w, https:\/\/i0.wp.com\/eltrabajo.cl\/portal\/wp-content\/uploads\/2016\/09\/Huerto1.jpg?resize=227%2C150&amp;ssl=1 227w, https:\/\/i0.wp.com\/eltrabajo.cl\/portal\/wp-content\/uploads\/2016\/09\/Huerto1.jpg?resize=400%2C264&amp;ssl=1 400w\" sizes=\"auto, (max-width: 530px) 100vw, 530px\" \/><\/a><figcaption id=\"caption-attachment-74108\" class=\"wp-caption-text\">ELLOS SON LOS DUE\u00d1OS.- Aqu\u00ed tenemos a parte del 7\u00ba b\u00e1sico presentando a las c\u00e1maras de Diario El Trabajo su saludable huerto escolar.<\/figcaption><\/figure>\n<figure id=\"attachment_74109\" aria-describedby=\"caption-attachment-74109\" style=\"width: 530px\" class=\"wp-caption alignleft\"><a href=\"http:\/\/www.eltrabajo.cl\/portal\/estudiantes-muy-comprometidos-con-su-propio-huerto-escolar\/huerto2-2\/\" rel=\"attachment wp-att-74109\"><img data-recalc-dims=\"1\" loading=\"lazy\" decoding=\"async\" class=\"size-full wp-image-74109\" src=\"https:\/\/i0.wp.com\/www.eltrabajo.cl\/portal\/wp-content\/uploads\/2016\/09\/Huerto2.jpg?resize=530%2C349\" alt=\"TODOS LO CUIDAN.- Desde 2015 estos peque\u00f1itos vienen al frente de este colosal proyecto escolar.\" width=\"530\" height=\"349\" srcset=\"https:\/\/i0.wp.com\/eltrabajo.cl\/portal\/wp-content\/uploads\/2016\/09\/Huerto2.jpg?w=530&amp;ssl=1 530w, https:\/\/i0.wp.com\/eltrabajo.cl\/portal\/wp-content\/uploads\/2016\/09\/Huerto2.jpg?resize=200%2C132&amp;ssl=1 200w, https:\/\/i0.wp.com\/eltrabajo.cl\/portal\/wp-content\/uploads\/2016\/09\/Huerto2.jpg?resize=300%2C198&amp;ssl=1 300w, https:\/\/i0.wp.com\/eltrabajo.cl\/portal\/wp-content\/uploads\/2016\/09\/Huerto2.jpg?resize=228%2C150&amp;ssl=1 228w, https:\/\/i0.wp.com\/eltrabajo.cl\/portal\/wp-content\/uploads\/2016\/09\/Huerto2.jpg?resize=400%2C263&amp;ssl=1 400w\" sizes=\"auto, (max-width: 530px) 100vw, 530px\" \/><\/a><figcaption id=\"caption-attachment-74109\" class=\"wp-caption-text\">TODOS LO CUIDAN.- Desde 2015 estos peque\u00f1itos vienen al frente de este colosal proyecto escolar.<\/figcaption><\/figure>\n","protected":false},"excerpt":{"rendered":"<p>Un refrescante sentido de pertenencia y responsabilidad, es el que se ha desarrollado en todo el 7\u00ba b\u00e1sico de la Escuela Manuel Rodr\u00edguez, luego que su profesor, Luis Le\u00f3n, instaurara un sencillo&#8230;<\/p>\n","protected":false},"author":1,"featured_media":74109,"comment_status":"open","ping_status":"open","sticky":false,"template":"","format":"standard","meta":{"advanced_seo_description":"","jetpack_seo_html_title":"","jetpack_seo_noindex":false,"_jetpack_memberships_contains_paid_content":false,"footnotes":""},"categories":[15],"tags":[],"class_list":["post-74107","post","type-post","status-publish","format-standard","has-post-thumbnail","hentry","category-comunidad"],"jetpack_featured_media_url":"https:\/\/i0.wp.com\/eltrabajo.cl\/portal\/wp-content\/uploads\/2016\/09\/Huerto2.jpg?fit=530%2C349&ssl=1","jetpack_sharing_enabled":true,"jetpack_likes_enabled":true,"jetpack-related-posts":[],"_links":{"self":[{"href":"https:\/\/eltrabajo.cl\/portal\/wp-json\/wp\/v2\/posts\/74107","targetHints":{"allow":["GET"]}}],"collection":[{"href":"https:\/\/eltrabajo.cl\/portal\/wp-json\/wp\/v2\/posts"}],"about":[{"href":"https:\/\/eltrabajo.cl\/portal\/wp-json\/wp\/v2\/types\/post"}],"author":[{"embeddable":true,"href":"https:\/\/eltrabajo.cl\/portal\/wp-json\/wp\/v2\/users\/1"}],"replies":[{"embeddable":true,"href":"https:\/\/eltrabajo.cl\/portal\/wp-json\/wp\/v2\/comments?post=74107"}],"version-history":[{"count":0,"href":"https:\/\/eltrabajo.cl\/portal\/wp-json\/wp\/v2\/posts\/74107\/revisions"}],"wp:featuredmedia":[{"embeddable":true,"href":"https:\/\/eltrabajo.cl\/portal\/wp-json\/wp\/v2\/media\/74109"}],"wp:attachment":[{"href":"https:\/\/eltrabajo.cl\/portal\/wp-json\/wp\/v2\/media?parent=74107"}],"wp:term":[{"taxonomy":"category","embeddable":true,"href":"https:\/\/eltrabajo.cl\/portal\/wp-json\/wp\/v2\/categories?post=74107"},{"taxonomy":"post_tag","embeddable":true,"href":"https:\/\/eltrabajo.cl\/portal\/wp-json\/wp\/v2\/tags?post=74107"}],"curies":[{"name":"wp","href":"https:\/\/api.w.org\/{rel}","templated":true}]}}