{"id":74112,"date":"2016-09-28T08:44:21","date_gmt":"2016-09-28T11:44:21","guid":{"rendered":"http:\/\/www.eltrabajo.cl\/portal\/?p=74112"},"modified":"2016-09-28T08:44:21","modified_gmt":"2016-09-28T11:44:21","slug":"recursos-para-nuevo-estadio-se-discutiran-recien-en-presupuesto-de-2017","status":"publish","type":"post","link":"https:\/\/eltrabajo.cl\/portal\/recursos-para-nuevo-estadio-se-discutiran-recien-en-presupuesto-de-2017\/","title":{"rendered":"\u00abRecursos para Nuevo Estadio se discutir\u00e1n reci\u00e9n en presupuesto de 2017\u00bb"},"content":{"rendered":"<ul>\n<li><strong>Asegur\u00f3 Core Rolando Stevenson:<\/strong><\/li>\n<\/ul>\n<p>Haciendo alusi\u00f3n del popular dicho \u201cEscucharon cantar el gallo y no supieron donde\u201d el consejero regional, core, Rolando Stevenson, afirm\u00f3 que \u201clos altos funcionarios municipales se dedican a escuchar las radios, pero confunden a los personajes\u201d, pues no fue \u00e9l quien dijo que el proyecto del Nuevo Estadio para San Felipe, se habr\u00eda \u2018aplazado o suspendido\u2019 por falta de financiamiento desde el Ministerio de Obras P\u00fablicas, MOP.<\/p>\n<figure id=\"attachment_74113\" aria-describedby=\"caption-attachment-74113\" style=\"width: 300px\" class=\"wp-caption alignleft\"><a href=\"http:\/\/www.eltrabajo.cl\/portal\/recursos-para-nuevo-estadio-se-discutiran-recien-en-presupuesto-de-2017\/rolando-stevenson-28\/\" rel=\"attachment wp-att-74113\"><img data-recalc-dims=\"1\" loading=\"lazy\" decoding=\"async\" class=\"size-medium wp-image-74113\" src=\"https:\/\/i0.wp.com\/www.eltrabajo.cl\/portal\/wp-content\/uploads\/2016\/09\/Rolando-Stevenson-300x198.jpg?resize=300%2C198\" alt=\"Rolando Stevenson Velasco, consejero regional de Valpara\u00edso.\" width=\"300\" height=\"198\" srcset=\"https:\/\/i0.wp.com\/eltrabajo.cl\/portal\/wp-content\/uploads\/2016\/09\/Rolando-Stevenson.jpg?resize=300%2C198&amp;ssl=1 300w, https:\/\/i0.wp.com\/eltrabajo.cl\/portal\/wp-content\/uploads\/2016\/09\/Rolando-Stevenson.jpg?resize=200%2C132&amp;ssl=1 200w, https:\/\/i0.wp.com\/eltrabajo.cl\/portal\/wp-content\/uploads\/2016\/09\/Rolando-Stevenson.jpg?resize=228%2C150&amp;ssl=1 228w, https:\/\/i0.wp.com\/eltrabajo.cl\/portal\/wp-content\/uploads\/2016\/09\/Rolando-Stevenson.jpg?resize=400%2C263&amp;ssl=1 400w, https:\/\/i0.wp.com\/eltrabajo.cl\/portal\/wp-content\/uploads\/2016\/09\/Rolando-Stevenson.jpg?w=530&amp;ssl=1 530w\" sizes=\"auto, (max-width: 300px) 100vw, 300px\" \/><\/a><figcaption id=\"caption-attachment-74113\" class=\"wp-caption-text\">Rolando Stevenson Velasco, consejero regional de Valpara\u00edso.<\/figcaption><\/figure>\n<p>Stevenson hizo referencia a los dichos del alcalde subrogante de San Felipe, Jorge Jara, quien en la edici\u00f3n de ayer de Diario El Trabajo, se encargara de apuntar que la construcci\u00f3n del nuevo recinto deportivo no ha sufrido alteraciones en su carta gantt, argumentando en primera instancia que el MOP, no es el ente mandante en el proyecto y que, el Ministerio del Deporte no ha anunciado modificaci\u00f3n alguna al calendario de construcci\u00f3n del Estadio.<br \/>\nEn este escenario, el core, aclar\u00f3 que sus dichos en una emisora local apuntaban a informar respecto de una reuni\u00f3n que el pasado 18 de agosto sostuvo la Comisi\u00f3n de Cultura Educaci\u00f3n y Deporte del Gobierno Regional -presidida por Stevenson- en la cual, estuvo presente el director regional del Instituto Nacional de Deportes, IND, Jorge D\u00edaz, y en donde, el Seremi del Deporte Leandro Torres, deline\u00f3la pol\u00edtica deportiva de la Regi\u00f3n de Valpara\u00edso para el a\u00f1o 2017.<br \/>\nSeg\u00fan cuenta Stevenson, en aquella cita, Torres habr\u00eda planteado que hab\u00eda que definir desde d\u00f3nde se obtendr\u00edan los recursos para concretar obras como la del Nuevo Estadio sanfelipe\u00f1o.<br \/>\n\u201cLo que yo he dicho me consta personalmente (\u2026) en una reuni\u00f3n oficial de la comisi\u00f3n, el 18 de agosto de este a\u00f1o, que est\u00e1 registrada y tiene un acta formal, el seremi asegur\u00f3 que, si bien el proyecto est\u00e1 vigente, no exist\u00eda el financiamiento y esto significaba que habr\u00eda que buscar los recursos en fondos sectoriales, \u00f3sea en Ministerio de Obras P\u00fablicas (MOP), Deportes o Consejo Regional (Core)\u201d, explic\u00f3 Stevenson, aseverando que la situaci\u00f3n no es ning\u00fan invento y que existe una grabaci\u00f3n que puede respaldar sus dichos.<br \/>\nDe todas formas, la autoridad hizo hincapi\u00e9 en que \u201cen ning\u00fan momento la serem\u00eda dijo que el proyecto no iba, por eso digo que los ejecutivos municipales se llevan escuchando las radios, pero escuchan mal\u201d.<br \/>\nDe acuerdo a lo manifestado por Stevenson, en caso que el Ministerio del Deporte, solicite recursos al Core para poder comenzar con la construcci\u00f3n el Estadio, no es seguro que se disponga de esos dineros, puesto que existen otras prioridades sociales a nivel regional.<br \/>\n\u201cEl consejo Regional debe actual de forma muy racional, porque actualmente por la baja de ingresos al pa\u00eds, debido a la situaci\u00f3n que vive el cobre, 2 o 3 hospitales que se iban a construir o mejorar dentro de la Quinta Regi\u00f3n, van a quedar de lado porque no hay financiamiento, por lo tanto uno tiene que pensar entre construir un estadio y mejorar un hospital qu\u00e9 piensa cualquier persona con dos dedos de frente (\u2026) hay que ponerle plata al hospital, el estadio podr\u00eda esperar\u201d, expuso Stevenson.<br \/>\nEn cuanto a la materializaci\u00f3n del proyecto, el core dio a conocer su parecer respecto a la obra que se construir\u00e1 en los terrenos del Estadio Fiscal y plante\u00f3 que \u201cla ubicaci\u00f3n es p\u00e9sima, por todos los antecedentes que hay, yo soy sanfelipe\u00f1o neto y nato, por lo tanto no me pueden contar cuentos: el r\u00edo en una oportunidad se llev\u00f3 la cancha 2, el hangar, la medialuna y la lagunita; adem\u00e1s es un espacio cerrado, que no tiene posibilidades de crecimiento y se eliminando un lugar que ya tiene ciertas instalaciones, las cuales, habr\u00eda que mejorar, para tener un estadio que ni siquiera va a tener pista atl\u00e9tica\u201d, concluy\u00f3 el core.<\/p>\n<figure id=\"attachment_74094\" aria-describedby=\"caption-attachment-74094\" style=\"width: 530px\" class=\"wp-caption alignleft\"><a href=\"http:\/\/www.eltrabajo.cl\/portal\/municipio-desconoce-supuesta-caida-de-proyecto-nuevo-estadio-en-el-fiscal\/maqueta-nuevo-estadio\/\" rel=\"attachment wp-att-74094\"><img data-recalc-dims=\"1\" loading=\"lazy\" decoding=\"async\" class=\"size-full wp-image-74094\" src=\"https:\/\/i0.wp.com\/www.eltrabajo.cl\/portal\/wp-content\/uploads\/2016\/09\/Maqueta-nuevo-estadio.jpg?resize=530%2C349\" alt=\"La maqueta del nuevo estadio fue presentada en agosto pasado, anunci\u00e1ndose para el 2017 el inicio de su construcci\u00f3n. Dichos planes no habr\u00edan variado, asegur\u00f3 el alcalde (s) Jorge Jara.\" width=\"530\" height=\"349\" srcset=\"https:\/\/i0.wp.com\/eltrabajo.cl\/portal\/wp-content\/uploads\/2016\/09\/Maqueta-nuevo-estadio.jpg?w=530&amp;ssl=1 530w, https:\/\/i0.wp.com\/eltrabajo.cl\/portal\/wp-content\/uploads\/2016\/09\/Maqueta-nuevo-estadio.jpg?resize=200%2C132&amp;ssl=1 200w, https:\/\/i0.wp.com\/eltrabajo.cl\/portal\/wp-content\/uploads\/2016\/09\/Maqueta-nuevo-estadio.jpg?resize=300%2C198&amp;ssl=1 300w, https:\/\/i0.wp.com\/eltrabajo.cl\/portal\/wp-content\/uploads\/2016\/09\/Maqueta-nuevo-estadio.jpg?resize=228%2C150&amp;ssl=1 228w, https:\/\/i0.wp.com\/eltrabajo.cl\/portal\/wp-content\/uploads\/2016\/09\/Maqueta-nuevo-estadio.jpg?resize=400%2C263&amp;ssl=1 400w\" sizes=\"auto, (max-width: 530px) 100vw, 530px\" \/><\/a><figcaption id=\"caption-attachment-74094\" class=\"wp-caption-text\">La maqueta del nuevo estadio fue presentada en agosto pasado, anunci\u00e1ndose para el 2017 el inicio de su construcci\u00f3n. Dichos planes no habr\u00edan variado, asegur\u00f3 el alcalde (s) Jorge Jara.<\/figcaption><\/figure>\n","protected":false},"excerpt":{"rendered":"<p>Asegur\u00f3 Core Rolando Stevenson: Haciendo alusi\u00f3n del popular dicho \u201cEscucharon cantar el gallo y no supieron donde\u201d el consejero regional, core, Rolando Stevenson, afirm\u00f3 que \u201clos altos funcionarios municipales se dedican a&#8230;<\/p>\n","protected":false},"author":1,"featured_media":74094,"comment_status":"open","ping_status":"open","sticky":false,"template":"","format":"standard","meta":{"advanced_seo_description":"","jetpack_seo_html_title":"","jetpack_seo_noindex":false,"_jetpack_memberships_contains_paid_content":false,"footnotes":""},"categories":[1],"tags":[],"class_list":["post-74112","post","type-post","status-publish","format-standard","has-post-thumbnail","hentry","category-cronica"],"jetpack_featured_media_url":"https:\/\/i0.wp.com\/eltrabajo.cl\/portal\/wp-content\/uploads\/2016\/09\/Maqueta-nuevo-estadio.jpg?fit=530%2C349&ssl=1","jetpack_sharing_enabled":true,"jetpack_likes_enabled":true,"jetpack-related-posts":[],"_links":{"self":[{"href":"https:\/\/eltrabajo.cl\/portal\/wp-json\/wp\/v2\/posts\/74112","targetHints":{"allow":["GET"]}}],"collection":[{"href":"https:\/\/eltrabajo.cl\/portal\/wp-json\/wp\/v2\/posts"}],"about":[{"href":"https:\/\/eltrabajo.cl\/portal\/wp-json\/wp\/v2\/types\/post"}],"author":[{"embeddable":true,"href":"https:\/\/eltrabajo.cl\/portal\/wp-json\/wp\/v2\/users\/1"}],"replies":[{"embeddable":true,"href":"https:\/\/eltrabajo.cl\/portal\/wp-json\/wp\/v2\/comments?post=74112"}],"version-history":[{"count":0,"href":"https:\/\/eltrabajo.cl\/portal\/wp-json\/wp\/v2\/posts\/74112\/revisions"}],"wp:featuredmedia":[{"embeddable":true,"href":"https:\/\/eltrabajo.cl\/portal\/wp-json\/wp\/v2\/media\/74094"}],"wp:attachment":[{"href":"https:\/\/eltrabajo.cl\/portal\/wp-json\/wp\/v2\/media?parent=74112"}],"wp:term":[{"taxonomy":"category","embeddable":true,"href":"https:\/\/eltrabajo.cl\/portal\/wp-json\/wp\/v2\/categories?post=74112"},{"taxonomy":"post_tag","embeddable":true,"href":"https:\/\/eltrabajo.cl\/portal\/wp-json\/wp\/v2\/tags?post=74112"}],"curies":[{"name":"wp","href":"https:\/\/api.w.org\/{rel}","templated":true}]}}