{"id":74120,"date":"2016-09-28T08:49:51","date_gmt":"2016-09-28T11:49:51","guid":{"rendered":"http:\/\/www.eltrabajo.cl\/portal\/?p=74120"},"modified":"2016-09-28T08:49:51","modified_gmt":"2016-09-28T11:49:51","slug":"con-reinado-estudiantil-colectan-comestibles-para-familias-vulnerables","status":"publish","type":"post","link":"https:\/\/eltrabajo.cl\/portal\/con-reinado-estudiantil-colectan-comestibles-para-familias-vulnerables\/","title":{"rendered":"Con reinado estudiantil colectan comestibles para familias vulnerables"},"content":{"rendered":"<p><strong>SANTA MAR\u00cdA.-<\/strong> Muy contentos est\u00e1n los 423 estudiantes del Liceo Dar\u00edo Salas, luego que la semana pasada coronaran, siempre dentro de sus actividades del 111\u00ba aniversario institucional, a sus dos reinas y pareja de reyes feos. Se trata de un reinado estudiantil que realizaron para tener representaci\u00f3n de la B\u00e1sica.<br \/>\nSe trata de las parejas de estudiantes Camila Roc\u00edo Ponce L\u00f3pez, de 1\u00ba b\u00e1sico, y su rey feo Alexis Fierro Valdivia, del mismo curso, ellos reinan en la B\u00e1sica, tambi\u00e9n hay otra pareja, tenemos a la bella damita Daniela Tapia y su acompa\u00f1ante Juan Jos\u00e9 Castillo, ambos de 7\u00ba.<\/p>\n<p><strong>LABOR SOCIAL<\/strong><br \/>\nPero m\u00e1s all\u00e1 de tratarse de un simple reinado estudiantil, lo importante en este caso, es rescatar la labor social que lograron desarrollar todos estos chicos en beneficio de unas pocas familias de pocos recursos de la comunidad escolar, pues cada alianza (H\u00e9roes y Villanos) colectaron alimentos no perecederos, los que est\u00e1n siendo poco a poco entregados a estas familias.<br \/>\n<strong>Roberto Gonz\u00e1lez Short<\/strong><\/p>\n<figure id=\"attachment_74121\" aria-describedby=\"caption-attachment-74121\" style=\"width: 530px\" class=\"wp-caption alignleft\"><a href=\"http:\/\/www.eltrabajo.cl\/portal\/con-reinado-estudiantil-colectan-comestibles-para-familias-vulnerables\/comestibles33\/\" rel=\"attachment wp-att-74121\"><img data-recalc-dims=\"1\" loading=\"lazy\" decoding=\"async\" class=\"size-full wp-image-74121\" src=\"https:\/\/i0.wp.com\/www.eltrabajo.cl\/portal\/wp-content\/uploads\/2016\/09\/Comestibles33.jpg?resize=530%2C350\" alt=\"TRABAJO ESCOLAR.- El director del establecimiento, Walter Arancibia, muestra a Diario El Trabajo los comestibles recaudados para familias que los necesitan\" width=\"530\" height=\"350\" srcset=\"https:\/\/i0.wp.com\/eltrabajo.cl\/portal\/wp-content\/uploads\/2016\/09\/Comestibles33.jpg?w=530&amp;ssl=1 530w, https:\/\/i0.wp.com\/eltrabajo.cl\/portal\/wp-content\/uploads\/2016\/09\/Comestibles33.jpg?resize=200%2C132&amp;ssl=1 200w, https:\/\/i0.wp.com\/eltrabajo.cl\/portal\/wp-content\/uploads\/2016\/09\/Comestibles33.jpg?resize=300%2C198&amp;ssl=1 300w, https:\/\/i0.wp.com\/eltrabajo.cl\/portal\/wp-content\/uploads\/2016\/09\/Comestibles33.jpg?resize=227%2C150&amp;ssl=1 227w, https:\/\/i0.wp.com\/eltrabajo.cl\/portal\/wp-content\/uploads\/2016\/09\/Comestibles33.jpg?resize=400%2C264&amp;ssl=1 400w\" sizes=\"auto, (max-width: 530px) 100vw, 530px\" \/><\/a><figcaption id=\"caption-attachment-74121\" class=\"wp-caption-text\">TRABAJO ESCOLAR.- El director del establecimiento, Walter Arancibia, muestra a Diario El Trabajo los comestibles recaudados para familias que los necesitan<\/figcaption><\/figure>\n<figure id=\"attachment_74122\" aria-describedby=\"caption-attachment-74122\" style=\"width: 530px\" class=\"wp-caption alignleft\"><a href=\"http:\/\/www.eltrabajo.cl\/portal\/con-reinado-estudiantil-colectan-comestibles-para-familias-vulnerables\/daniela-tapia-y-juan-jose-castillo\/\" rel=\"attachment wp-att-74122\"><img data-recalc-dims=\"1\" loading=\"lazy\" decoding=\"async\" class=\"size-full wp-image-74122\" src=\"https:\/\/i0.wp.com\/www.eltrabajo.cl\/portal\/wp-content\/uploads\/2016\/09\/Daniela-Tapia-y-Juan-Jose-Castillo.jpg?resize=530%2C349\" alt=\"IMPONENTE PAREJA.- Daniela Tapia y Juan Jos\u00e9 Castillo son los monarcas de 7\u00ba, del Dar\u00edo Salas.\" width=\"530\" height=\"349\" srcset=\"https:\/\/i0.wp.com\/eltrabajo.cl\/portal\/wp-content\/uploads\/2016\/09\/Daniela-Tapia-y-Juan-Jose-Castillo.jpg?w=530&amp;ssl=1 530w, https:\/\/i0.wp.com\/eltrabajo.cl\/portal\/wp-content\/uploads\/2016\/09\/Daniela-Tapia-y-Juan-Jose-Castillo.jpg?resize=200%2C132&amp;ssl=1 200w, https:\/\/i0.wp.com\/eltrabajo.cl\/portal\/wp-content\/uploads\/2016\/09\/Daniela-Tapia-y-Juan-Jose-Castillo.jpg?resize=300%2C198&amp;ssl=1 300w, https:\/\/i0.wp.com\/eltrabajo.cl\/portal\/wp-content\/uploads\/2016\/09\/Daniela-Tapia-y-Juan-Jose-Castillo.jpg?resize=228%2C150&amp;ssl=1 228w, https:\/\/i0.wp.com\/eltrabajo.cl\/portal\/wp-content\/uploads\/2016\/09\/Daniela-Tapia-y-Juan-Jose-Castillo.jpg?resize=400%2C263&amp;ssl=1 400w\" sizes=\"auto, (max-width: 530px) 100vw, 530px\" \/><\/a><figcaption id=\"caption-attachment-74122\" class=\"wp-caption-text\">IMPONENTE PAREJA.- Daniela Tapia y Juan Jos\u00e9 Castillo son los monarcas de 7\u00ba, del Dar\u00edo Salas.<\/figcaption><\/figure>\n<figure id=\"attachment_74123\" aria-describedby=\"caption-attachment-74123\" style=\"width: 530px\" class=\"wp-caption alignleft\"><a href=\"http:\/\/www.eltrabajo.cl\/portal\/con-reinado-estudiantil-colectan-comestibles-para-familias-vulnerables\/reinado1\/\" rel=\"attachment wp-att-74123\"><img data-recalc-dims=\"1\" loading=\"lazy\" decoding=\"async\" class=\"size-full wp-image-74123\" src=\"https:\/\/i0.wp.com\/www.eltrabajo.cl\/portal\/wp-content\/uploads\/2016\/09\/Reinado1.jpg?resize=530%2C349\" alt=\"REYES DE LUJO.- Aqu\u00ed tenemos en primer plano a los peque\u00f1itos de 1\u00ba b\u00e1sico, Camila Roc\u00edo Ponce L\u00f3pez y su rey feo Alexis Fierro Valdivia.\" width=\"530\" height=\"349\" srcset=\"https:\/\/i0.wp.com\/eltrabajo.cl\/portal\/wp-content\/uploads\/2016\/09\/Reinado1.jpg?w=530&amp;ssl=1 530w, https:\/\/i0.wp.com\/eltrabajo.cl\/portal\/wp-content\/uploads\/2016\/09\/Reinado1.jpg?resize=200%2C132&amp;ssl=1 200w, https:\/\/i0.wp.com\/eltrabajo.cl\/portal\/wp-content\/uploads\/2016\/09\/Reinado1.jpg?resize=300%2C198&amp;ssl=1 300w, https:\/\/i0.wp.com\/eltrabajo.cl\/portal\/wp-content\/uploads\/2016\/09\/Reinado1.jpg?resize=228%2C150&amp;ssl=1 228w, https:\/\/i0.wp.com\/eltrabajo.cl\/portal\/wp-content\/uploads\/2016\/09\/Reinado1.jpg?resize=400%2C263&amp;ssl=1 400w\" sizes=\"auto, (max-width: 530px) 100vw, 530px\" \/><\/a><figcaption id=\"caption-attachment-74123\" class=\"wp-caption-text\">REYES DE LUJO.- Aqu\u00ed tenemos en primer plano a los peque\u00f1itos de 1\u00ba b\u00e1sico, Camila Roc\u00edo Ponce L\u00f3pez y su rey feo Alexis Fierro Valdivia.<\/figcaption><\/figure>\n","protected":false},"excerpt":{"rendered":"<p>SANTA MAR\u00cdA.- Muy contentos est\u00e1n los 423 estudiantes del Liceo Dar\u00edo Salas, luego que la semana pasada coronaran, siempre dentro de sus actividades del 111\u00ba aniversario institucional, a sus dos reinas y&#8230;<\/p>\n","protected":false},"author":1,"featured_media":74123,"comment_status":"open","ping_status":"open","sticky":false,"template":"","format":"standard","meta":{"advanced_seo_description":"","jetpack_seo_html_title":"","jetpack_seo_noindex":false,"_jetpack_memberships_contains_paid_content":false,"footnotes":""},"categories":[15],"tags":[],"class_list":["post-74120","post","type-post","status-publish","format-standard","has-post-thumbnail","hentry","category-comunidad"],"jetpack_featured_media_url":"https:\/\/i0.wp.com\/eltrabajo.cl\/portal\/wp-content\/uploads\/2016\/09\/Reinado1.jpg?fit=530%2C349&ssl=1","jetpack_sharing_enabled":true,"jetpack_likes_enabled":true,"jetpack-related-posts":[],"_links":{"self":[{"href":"https:\/\/eltrabajo.cl\/portal\/wp-json\/wp\/v2\/posts\/74120","targetHints":{"allow":["GET"]}}],"collection":[{"href":"https:\/\/eltrabajo.cl\/portal\/wp-json\/wp\/v2\/posts"}],"about":[{"href":"https:\/\/eltrabajo.cl\/portal\/wp-json\/wp\/v2\/types\/post"}],"author":[{"embeddable":true,"href":"https:\/\/eltrabajo.cl\/portal\/wp-json\/wp\/v2\/users\/1"}],"replies":[{"embeddable":true,"href":"https:\/\/eltrabajo.cl\/portal\/wp-json\/wp\/v2\/comments?post=74120"}],"version-history":[{"count":0,"href":"https:\/\/eltrabajo.cl\/portal\/wp-json\/wp\/v2\/posts\/74120\/revisions"}],"wp:featuredmedia":[{"embeddable":true,"href":"https:\/\/eltrabajo.cl\/portal\/wp-json\/wp\/v2\/media\/74123"}],"wp:attachment":[{"href":"https:\/\/eltrabajo.cl\/portal\/wp-json\/wp\/v2\/media?parent=74120"}],"wp:term":[{"taxonomy":"category","embeddable":true,"href":"https:\/\/eltrabajo.cl\/portal\/wp-json\/wp\/v2\/categories?post=74120"},{"taxonomy":"post_tag","embeddable":true,"href":"https:\/\/eltrabajo.cl\/portal\/wp-json\/wp\/v2\/tags?post=74120"}],"curies":[{"name":"wp","href":"https:\/\/api.w.org\/{rel}","templated":true}]}}