{"id":74126,"date":"2016-09-28T08:54:08","date_gmt":"2016-09-28T11:54:08","guid":{"rendered":"http:\/\/www.eltrabajo.cl\/portal\/?p=74126"},"modified":"2016-09-28T08:54:08","modified_gmt":"2016-09-28T11:54:08","slug":"club-aereo-descarta-posibilidad-de-construir-parque-en-aerodromo-victor-lafon","status":"publish","type":"post","link":"https:\/\/eltrabajo.cl\/portal\/club-aereo-descarta-posibilidad-de-construir-parque-en-aerodromo-victor-lafon\/","title":{"rendered":"Club A\u00e9reo descarta posibilidad de construir parque en Aer\u00f3dromo V\u00edctor Laf\u00f3n"},"content":{"rendered":"<ul>\n<li><strong><span style=\"color: #ff0000;\">Recinto cumple con diversas funciones que har\u00edan \u2018inviable\u2019 el proyecto:\u00a0<\/span>Ubicaci\u00f3n estrat\u00e9gica del recinto, permite realizar rescates aerom\u00e9dicos, extinci\u00f3n de incendios forestales, conectividad y eventualmente podr\u00eda servir como centro de acopio en caso de alguna cat\u00e1strofe natural, tal como ocurri\u00f3 con el aer\u00f3dromo de Copiap\u00f3, al momento de ocurridas las inundaciones.<\/strong><\/li>\n<\/ul>\n<p>Son alrededor de 26 mil metros cuadrados los que abarca el terreno del Aer\u00f3dromo V\u00edctor Laf\u00f3n (piloto que fundara la pista). Con 74 a\u00f1os, el recinto es de propiedad fiscal y de uso p\u00fablico y aeron\u00e1utico. Dentro de su campa\u00f1a electoral por transformarse en el pr\u00f3ximo alcalde de San Felipe, el candidato Eugenio Cornejo, ha esbozado la idea de transformar el lugar en un parque p\u00fablico abierto para todos los sanfelipe\u00f1os, idea que encontr\u00f3 resistencia inmediata de la actual administraci\u00f3n del recinto.<br \/>\nCarlos Carmona, piloto y presidente del Club A\u00e9reo San Felipe, apunt\u00f3 que la pista cumple con un rol relevante dentro de la red aeroportuaria nacional, que hace \u2018inviable\u2019 el proyecto de Cornejo. La \u2018inviabilidad\u2019 del proyecto se fundamenta en que la pista est\u00e1 ubicada en una zona estrat\u00e9gica muy valiosa, pues permite realizar rescates aerom\u00e9dicos, extinci\u00f3n de incendios forestales, conectividad y eventualmente podr\u00eda servir como centro de acopio en caso de alguna cat\u00e1strofe natural, tal como ocurri\u00f3 con el aer\u00f3dromo de Copiap\u00f3, al momento de ocurridas las inundaciones.<br \/>\nReferente a la evacuaci\u00f3n aerom\u00e9dica, Carmona afirm\u00f3 que estos recintos cumplen una labor fundamental, en lo que se refiere a trasplante de \u00f3rganos, argumentando que \u201ccuando hay que trasladar \u00f3rganos los minutos valen y generalmente son los aer\u00f3dromos donde se conectan r\u00e1pidamente para efectuar estos traslados y los organismos de alerta, alg\u00fan avi\u00f3n de transporte Aerom\u00e9dico, generalmente de Carabineros, se mueve r\u00e1pidamente, se coordina con ambulancias y se llega al centro asistencial donde se requieren los \u00f3rganos\u201d, fundament\u00f3, agregando que, el centro a\u00e9reo, tambi\u00e9n es necesario al momento de salvar la vida de pacientes en estado cr\u00edtico que necesitan ser trasladados a establecimientos de salud de mayor complejidad, misi\u00f3n que ya se ha realizado en m\u00e1s de alguna oportunidad, indic\u00f3 el personero.<br \/>\nDesde el a\u00f1o 2013, el Club a\u00e9reo est\u00e1 trabajando en un proyecto de pavimentaci\u00f3n de su pista y la Direcci\u00f3n de Aeron\u00e1utica Nacional, ha entregado todos los antecedentes necesarios al MOP, para llevar a cabo esa obra, sum\u00e1ndose a Conaf, que el a\u00f1o pasado integr\u00f3 la pista de V\u00edctor Laf\u00f3n, a la lista de aer\u00f3dromos que deben ser pavimentados para instalar sus aeronaves de extinci\u00f3n de incendios forestales. \u201cA ra\u00edz dela gran incendio que hubo ac\u00e1, se vio la necesidad de que este aer\u00f3dromo es clave y fundamental para la zona\u201d, fundament\u00f3 Carmona.<br \/>\n\u201cEn base a esto, es muy muy dif\u00edcil e inviable lo que est\u00e1 planteando este candidato, de usar este aer\u00f3dromo como una zona de parque p\u00fablico, \u00e9l en este minuto ha estado promocionando algo que es inviable, sobre todo ahora que hay otros planes sobre este lugar\u201d, expuso el presidente del Club A\u00e9reo.<br \/>\nJunto a lo anterior, el piloto destaca que el Club A\u00e9reo, adem\u00e1s de cumplir con la administraci\u00f3n de este lugar, es un centro de formaci\u00f3n de pilotos que est\u00e1 abierto a la comunidad, curso que permite obtener la licencia de piloto privado, con las horas de vuelo requeridas por aproximadamente 6.5 millones de pesos.<br \/>\n\u201cHay muchos pilotos sanfelipe\u00f1os que hoy est\u00e1n volando en l\u00edneas a\u00e9reas, est\u00e1n en la Fuerza A\u00e9rea y que han sido formados en esta escuela de vuelo durante sus 74 a\u00f1os de existencia\u201d, relev\u00f3.<br \/>\nCarmona asegur\u00f3 que en ning\u00fan momento, el candidato a alcalde Eugenio Cornejo, se acerc\u00f3 a conversar con el directorio del Club a\u00e9reo, para haberle explicado en qu\u00e9 condiciones est\u00e1 catalogado el aer\u00f3dromo V\u00edctor Laf\u00f3n en la Red Aeron\u00e1utica Nacional.<br \/>\nEn cuanto a la posibilidad de poder circundar la pista de aterrizaje y despegue, con \u00e1reas verdes y un parque para la comunidad, Carmona desestim\u00f3 esta posibilidad bas\u00e1ndose en el Decreto Supremo n\u00famero 71, que establece por ley diferentes zonas de protecci\u00f3n en el recinto, donde por seguridad, no se pueden construir edificios de determinada altura, ni tampoco que parte del aer\u00f3dromo V\u00edctor Laf\u00f3n quede abierto a la comunidad.<br \/>\nDe todas formas, el piloto record\u00f3 que el centro a\u00e9reo est\u00e1 a disposici\u00f3n de las personas que solicitan vuelos recreativos, contando que \u201csi la gente quiere volar se coordina con los pilotos que puedan estar disponibles y no hay ning\u00fan problema en hacer eso\u201d, destac\u00f3 Carmona.<\/p>\n<figure id=\"attachment_74127\" aria-describedby=\"caption-attachment-74127\" style=\"width: 530px\" class=\"wp-caption alignleft\"><a href=\"http:\/\/www.eltrabajo.cl\/portal\/club-aereo-descarta-posibilidad-de-construir-parque-en-aerodromo-victor-lafon\/carlos-carmona-y-mauricio-barrere\/\" rel=\"attachment wp-att-74127\"><img data-recalc-dims=\"1\" loading=\"lazy\" decoding=\"async\" class=\"size-full wp-image-74127\" src=\"https:\/\/i0.wp.com\/www.eltrabajo.cl\/portal\/wp-content\/uploads\/2016\/09\/CARLOS-CARMONA-y-MAURICIO-BARRERE.jpg?resize=530%2C350\" alt=\"Carlos Carmona, presidente del Club A\u00e9reo de San Felipe, junto a Mauricio Barrere Laf\u00f3n, sobrino del fundador del Aer\u00f3dromo.\" width=\"530\" height=\"350\" srcset=\"https:\/\/i0.wp.com\/eltrabajo.cl\/portal\/wp-content\/uploads\/2016\/09\/CARLOS-CARMONA-y-MAURICIO-BARRERE.jpg?w=530&amp;ssl=1 530w, https:\/\/i0.wp.com\/eltrabajo.cl\/portal\/wp-content\/uploads\/2016\/09\/CARLOS-CARMONA-y-MAURICIO-BARRERE.jpg?resize=200%2C132&amp;ssl=1 200w, https:\/\/i0.wp.com\/eltrabajo.cl\/portal\/wp-content\/uploads\/2016\/09\/CARLOS-CARMONA-y-MAURICIO-BARRERE.jpg?resize=300%2C198&amp;ssl=1 300w, https:\/\/i0.wp.com\/eltrabajo.cl\/portal\/wp-content\/uploads\/2016\/09\/CARLOS-CARMONA-y-MAURICIO-BARRERE.jpg?resize=227%2C150&amp;ssl=1 227w, https:\/\/i0.wp.com\/eltrabajo.cl\/portal\/wp-content\/uploads\/2016\/09\/CARLOS-CARMONA-y-MAURICIO-BARRERE.jpg?resize=400%2C264&amp;ssl=1 400w\" sizes=\"auto, (max-width: 530px) 100vw, 530px\" \/><\/a><figcaption id=\"caption-attachment-74127\" class=\"wp-caption-text\">Carlos Carmona, presidente del Club A\u00e9reo de San Felipe, junto a Mauricio Barrere Laf\u00f3n, sobrino del fundador del Aer\u00f3dromo.<\/figcaption><\/figure>\n","protected":false},"excerpt":{"rendered":"<p>Recinto cumple con diversas funciones que har\u00edan \u2018inviable\u2019 el proyecto:\u00a0Ubicaci\u00f3n estrat\u00e9gica del recinto, permite realizar rescates aerom\u00e9dicos, extinci\u00f3n de incendios forestales, conectividad y eventualmente podr\u00eda servir como centro de acopio en caso&#8230;<\/p>\n","protected":false},"author":1,"featured_media":74127,"comment_status":"open","ping_status":"open","sticky":false,"template":"","format":"standard","meta":{"advanced_seo_description":"","jetpack_seo_html_title":"","jetpack_seo_noindex":false,"_jetpack_memberships_contains_paid_content":false,"footnotes":""},"categories":[1],"tags":[],"class_list":["post-74126","post","type-post","status-publish","format-standard","has-post-thumbnail","hentry","category-cronica"],"jetpack_featured_media_url":"https:\/\/i0.wp.com\/eltrabajo.cl\/portal\/wp-content\/uploads\/2016\/09\/CARLOS-CARMONA-y-MAURICIO-BARRERE.jpg?fit=530%2C350&ssl=1","jetpack_sharing_enabled":true,"jetpack_likes_enabled":true,"jetpack-related-posts":[],"_links":{"self":[{"href":"https:\/\/eltrabajo.cl\/portal\/wp-json\/wp\/v2\/posts\/74126","targetHints":{"allow":["GET"]}}],"collection":[{"href":"https:\/\/eltrabajo.cl\/portal\/wp-json\/wp\/v2\/posts"}],"about":[{"href":"https:\/\/eltrabajo.cl\/portal\/wp-json\/wp\/v2\/types\/post"}],"author":[{"embeddable":true,"href":"https:\/\/eltrabajo.cl\/portal\/wp-json\/wp\/v2\/users\/1"}],"replies":[{"embeddable":true,"href":"https:\/\/eltrabajo.cl\/portal\/wp-json\/wp\/v2\/comments?post=74126"}],"version-history":[{"count":0,"href":"https:\/\/eltrabajo.cl\/portal\/wp-json\/wp\/v2\/posts\/74126\/revisions"}],"wp:featuredmedia":[{"embeddable":true,"href":"https:\/\/eltrabajo.cl\/portal\/wp-json\/wp\/v2\/media\/74127"}],"wp:attachment":[{"href":"https:\/\/eltrabajo.cl\/portal\/wp-json\/wp\/v2\/media?parent=74126"}],"wp:term":[{"taxonomy":"category","embeddable":true,"href":"https:\/\/eltrabajo.cl\/portal\/wp-json\/wp\/v2\/categories?post=74126"},{"taxonomy":"post_tag","embeddable":true,"href":"https:\/\/eltrabajo.cl\/portal\/wp-json\/wp\/v2\/tags?post=74126"}],"curies":[{"name":"wp","href":"https:\/\/api.w.org\/{rel}","templated":true}]}}