{"id":74130,"date":"2016-09-28T08:56:13","date_gmt":"2016-09-28T11:56:13","guid":{"rendered":"http:\/\/www.eltrabajo.cl\/portal\/?p=74130"},"modified":"2016-09-28T08:56:13","modified_gmt":"2016-09-28T11:56:13","slug":"cambia-veredas-en-avenida-yungay-entre-bernardo-cruz-y-miraflores","status":"publish","type":"post","link":"https:\/\/eltrabajo.cl\/portal\/cambia-veredas-en-avenida-yungay-entre-bernardo-cruz-y-miraflores\/","title":{"rendered":"Cambia veredas en avenida Yungay entre Bernardo Cruz y Miraflores"},"content":{"rendered":"<ul>\n<li><strong>Los recursos alcanzaron los 78 millones de pesos:<\/strong><\/li>\n<\/ul>\n<p>La \u00faltima etapa del proyecto de cambio de veredas, comenz\u00f3 a ejecutarse hace unos d\u00edas en la avenida Yungay, correspondiente al tramo entre Bernardo Cruz y Miraflores.<br \/>\nAs\u00ed lo dio a conocer Claudio Paredes, secretario de Planificaci\u00f3n Comunal de la Municipalidad de San Felipe, quien hizo un recorrido por el sector, constatando que el proyecto ya se encuentra en ejecuci\u00f3n.<br \/>\nSeg\u00fan explic\u00f3 el profesional, el proyecto comprende un recambio de las veredas de hormig\u00f3n a una baldosa microvibrada, igual a la instalada en el resto de la avenida Yungay.<br \/>\nDe acuerdo a lo explicado por Paredes, la iniciativa est\u00e1 financiada por la Subsecretar\u00eda de Desarrollo Regional y los recursos alcanzaron los 78 millones de pesos, espec\u00edficamente en esta etapa.<br \/>\n\u201cEsta etapa est\u00e1 dividida en dos proyectos, pero en su totalidad son 78 millones de pesos que se est\u00e1n ejecutando en este sector de la avenida. El plazo de ejecuci\u00f3n son 90 d\u00edas de la obra en su totalidad y como pueden darse cuenta la obra est\u00e1 bastante avanzada, se entreg\u00f3 el terreno, hemos podido trabajar con la empresa que se adjudic\u00f3 la propuesta y esperamos que se cumplan los plazos para la ejecuci\u00f3n de la obra\u201d, se\u00f1al\u00f3 el secpla de San Felipe.<br \/>\nUna de las caracter\u00edsticas de esta gesti\u00f3n municipal ha sido la inclusi\u00f3n, por lo que este sector tambi\u00e9n cuenta con baldosas t\u00e1ctiles para las personas no videntes, a lo que se suman bajadas en las esquinas, para personas que utilizan sillas de ruedas o coches de beb\u00e9s.<br \/>\nAsimismo se mantendr\u00e1n las bajadas de autos, las que ser\u00e1n reforzadas para que no se quiebren con el movimiento vehicular. Tambi\u00e9n se instalar\u00e1 mobiliario urbano alrededor de los \u00e1rboles, para que los vecinos puedan sentarse mientras recorren este sector de la comuna.<\/p>\n<figure id=\"attachment_74131\" aria-describedby=\"caption-attachment-74131\" style=\"width: 530px\" class=\"wp-caption alignleft\"><a href=\"http:\/\/www.eltrabajo.cl\/portal\/cambia-veredas-en-avenida-yungay-entre-bernardo-cruz-y-miraflores\/mejoramiento-de-veredas-2\/\" rel=\"attachment wp-att-74131\"><img data-recalc-dims=\"1\" loading=\"lazy\" decoding=\"async\" class=\"size-full wp-image-74131\" src=\"https:\/\/i0.wp.com\/www.eltrabajo.cl\/portal\/wp-content\/uploads\/2016\/09\/mejoramiento-de-veredas-2.jpg?resize=530%2C350\" alt=\"La \u00faltima etapa del proyecto de cambio de veredas,  comenz\u00f3 a ejecutarse hace unos d\u00edas en la avenida Yungay, correspondiente al tramo entre Bernardo Cruz y Miraflores.\" width=\"530\" height=\"350\" srcset=\"https:\/\/i0.wp.com\/eltrabajo.cl\/portal\/wp-content\/uploads\/2016\/09\/mejoramiento-de-veredas-2.jpg?w=530&amp;ssl=1 530w, https:\/\/i0.wp.com\/eltrabajo.cl\/portal\/wp-content\/uploads\/2016\/09\/mejoramiento-de-veredas-2.jpg?resize=200%2C132&amp;ssl=1 200w, https:\/\/i0.wp.com\/eltrabajo.cl\/portal\/wp-content\/uploads\/2016\/09\/mejoramiento-de-veredas-2.jpg?resize=300%2C198&amp;ssl=1 300w, https:\/\/i0.wp.com\/eltrabajo.cl\/portal\/wp-content\/uploads\/2016\/09\/mejoramiento-de-veredas-2.jpg?resize=227%2C150&amp;ssl=1 227w, https:\/\/i0.wp.com\/eltrabajo.cl\/portal\/wp-content\/uploads\/2016\/09\/mejoramiento-de-veredas-2.jpg?resize=400%2C264&amp;ssl=1 400w\" sizes=\"auto, (max-width: 530px) 100vw, 530px\" \/><\/a><figcaption id=\"caption-attachment-74131\" class=\"wp-caption-text\">La \u00faltima etapa del proyecto de cambio de veredas, comenz\u00f3 a ejecutarse hace unos d\u00edas en la avenida Yungay, correspondiente al tramo entre Bernardo Cruz y Miraflores.<\/figcaption><\/figure>\n","protected":false},"excerpt":{"rendered":"<p>Los recursos alcanzaron los 78 millones de pesos: La \u00faltima etapa del proyecto de cambio de veredas, comenz\u00f3 a ejecutarse hace unos d\u00edas en la avenida Yungay, correspondiente al tramo entre Bernardo&#8230;<\/p>\n","protected":false},"author":1,"featured_media":74131,"comment_status":"open","ping_status":"open","sticky":false,"template":"","format":"standard","meta":{"advanced_seo_description":"","jetpack_seo_html_title":"","jetpack_seo_noindex":false,"_jetpack_memberships_contains_paid_content":false,"footnotes":""},"categories":[1],"tags":[],"class_list":["post-74130","post","type-post","status-publish","format-standard","has-post-thumbnail","hentry","category-cronica"],"jetpack_featured_media_url":"https:\/\/i0.wp.com\/eltrabajo.cl\/portal\/wp-content\/uploads\/2016\/09\/mejoramiento-de-veredas-2.jpg?fit=530%2C350&ssl=1","jetpack_sharing_enabled":true,"jetpack_likes_enabled":true,"jetpack-related-posts":[],"_links":{"self":[{"href":"https:\/\/eltrabajo.cl\/portal\/wp-json\/wp\/v2\/posts\/74130","targetHints":{"allow":["GET"]}}],"collection":[{"href":"https:\/\/eltrabajo.cl\/portal\/wp-json\/wp\/v2\/posts"}],"about":[{"href":"https:\/\/eltrabajo.cl\/portal\/wp-json\/wp\/v2\/types\/post"}],"author":[{"embeddable":true,"href":"https:\/\/eltrabajo.cl\/portal\/wp-json\/wp\/v2\/users\/1"}],"replies":[{"embeddable":true,"href":"https:\/\/eltrabajo.cl\/portal\/wp-json\/wp\/v2\/comments?post=74130"}],"version-history":[{"count":0,"href":"https:\/\/eltrabajo.cl\/portal\/wp-json\/wp\/v2\/posts\/74130\/revisions"}],"wp:featuredmedia":[{"embeddable":true,"href":"https:\/\/eltrabajo.cl\/portal\/wp-json\/wp\/v2\/media\/74131"}],"wp:attachment":[{"href":"https:\/\/eltrabajo.cl\/portal\/wp-json\/wp\/v2\/media?parent=74130"}],"wp:term":[{"taxonomy":"category","embeddable":true,"href":"https:\/\/eltrabajo.cl\/portal\/wp-json\/wp\/v2\/categories?post=74130"},{"taxonomy":"post_tag","embeddable":true,"href":"https:\/\/eltrabajo.cl\/portal\/wp-json\/wp\/v2\/tags?post=74130"}],"curies":[{"name":"wp","href":"https:\/\/api.w.org\/{rel}","templated":true}]}}