{"id":74134,"date":"2016-09-28T08:58:11","date_gmt":"2016-09-28T11:58:11","guid":{"rendered":"http:\/\/www.eltrabajo.cl\/portal\/?p=74134"},"modified":"2016-09-28T08:58:11","modified_gmt":"2016-09-28T11:58:11","slug":"avanza-segunda-etapa-del-proyecto-parque-borde-estero-quilpue","status":"publish","type":"post","link":"https:\/\/eltrabajo.cl\/portal\/avanza-segunda-etapa-del-proyecto-parque-borde-estero-quilpue\/","title":{"rendered":"Avanza segunda etapa del proyecto Parque Borde Estero Quilpu\u00e9"},"content":{"rendered":"<ul>\n<li><strong><span style=\"color: #ff0000;\">Con inversi\u00f3n aproximada de 1.800 millones de pesos:<\/span>\u00a0Iniciativa contempla construcci\u00f3n de dos plazas de agua, senderos, \u00e1reas verdes, juegos infantiles, sombreaderos y reforestaci\u00f3n y se extender\u00e1 de calle Abd\u00f3n Cifuentes hasta el Aer\u00f3dromo de San Felipe. <\/strong><\/li>\n<\/ul>\n<p>En la segunda gran etapa del Parque Borde Estero Quilpu\u00e9, que comprende entre la calle Abd\u00f3n Cifuentes y la cabecera norte del Aer\u00f3dromo de San Felipe se encuentra trabajando actualmente junto al Serviu la Municipalidad de San Felipe.<br \/>\nDurante los \u00faltimos seis meses, la corporaci\u00f3n edilicia ha estado trabajando junto al Serviu en el dise\u00f1o de esta segunda etapa, la que se presenta bastante distinta al proyecto que se ejecut\u00f3 a la altura de la Villa Las Acacias.<br \/>\nSeg\u00fan explic\u00f3 Claudio Paredes, secretario de Planificaci\u00f3n del municipio sanfelipe\u00f1o, el sector entre la calle Abd\u00f3n Cifuentes y el aer\u00f3dromo es mucho m\u00e1s amplio que la primera etapa del parque borde estero, por lo que permitir\u00e1 una serie de elementos urban\u00edsticos que no estaban presentes en la primera etapa.<br \/>\n\u201cPor ejemplo el parque va a llevar dos plazas de agua, al final de la avenida Yungay, frente a lo que se conoce como la \u2018plaza de los dinosaurios\u2019, ah\u00ed va a haber un gran espacio de desarrollo para la convivencia de los vecinos, tanto del sector como de la ciudad y de los ni\u00f1os y j\u00f3venes de la comuna. Se plantea una plaza de agua, con senderos y circulaciones, con \u00e1reas verdes y reforestaci\u00f3n, de manera de devolver a esos espacios una imagen de verdor que es propia del borde estero\u201d, se\u00f1al\u00f3 el profesional.<br \/>\nEn tanto en el sector correspondiente entre la sede de la Villa Bernardo Cruz y la cabecera norte del aer\u00f3dromo, se va a desarrollar otro espacio de equipamiento, donde se instalar\u00e1 una segunda plaza de agua, y se incorporar\u00e1n juegos infantiles para los ni\u00f1os y espacios de sombreaderos, lo que permitir\u00e1 que la familia sanfelipe\u00f1a y especialmente los peque\u00f1os puedan disfrutar de este espacio al aire libre.<br \/>\nEsta parte del proyecto, ya cuenta con un cronograma establecido, que contempla la finalizaci\u00f3n del dise\u00f1o en el segundo semestre de este a\u00f1o, contando ya, en esta fecha, con la etapa de ingenier\u00eda, el dise\u00f1o de paisajismo, a la vez que se est\u00e1 terminando el dise\u00f1o del riego tecnificado y el proyecto de agua se encuentra para la aprobaci\u00f3n de Esval.<br \/>\n\u201cPor tanto la postura del Serviu y el ministerio de Vivienda es la ejecuci\u00f3n en el a\u00f1o 2017. Esto involucra para San Felipe una recuperaci\u00f3n de aproximadamente dos kil\u00f3metros lineales de espacio, de cuatro hect\u00e1reas, hablando en metros cuadrados y lo m\u00e1s importante es poder generar un lugar de convivencia y recreaci\u00f3n para la comunidad en su conjunto\u201d, inform\u00f3 el secpla.<br \/>\nRespecto de la inversi\u00f3n, Paredes se\u00f1al\u00f3 que los recursos se aproximan a los mil 800 millones de pesos en esta etapa del parque, los que dar\u00e1n vida a un proyecto que se ha trabajado en una primera etapa junto a los vecinos, especialmente en el proceso de dise\u00f1o.<br \/>\n\u201cEste proyecto ha tenido dos grandes etapas, una la participaci\u00f3n de los vecinos y los dirigentes, donde se generaron talleres y mesas de trabajo, donde se lleg\u00f3 a acuerdos de uso del espacio, en el entendido que son espacios abiertos para toda la comunidad y en segundo lugar una mesa t\u00e9cnica, donde ha estado la Municipalidad, a trav\u00e9s de la mesa territorial, la Direcci\u00f3n de Obras, la Secretar\u00eda de Planificaci\u00f3n y el Serviu a trav\u00e9s de un equipo espec\u00edfico que tienen dentro del \u00e1rea de espacios urbanos y la consultora\u201d.<br \/>\nSeg\u00fan explic\u00f3 Paredes, un proyecto para poder realizarse de manera seria, hasta su ejecuci\u00f3n, debe contar con un dise\u00f1o, planimetr\u00eda, presupuestos y principalmente el dise\u00f1o de especialidades.<br \/>\n\u201cCuando uno tiene todo eso, puede hablar de un proyecto, lo dem\u00e1s, son ideas\u201d, concluy\u00f3 el Secpla de San Felipe.<\/p>\n<figure id=\"attachment_74135\" aria-describedby=\"caption-attachment-74135\" style=\"width: 530px\" class=\"wp-caption alignleft\"><a href=\"http:\/\/www.eltrabajo.cl\/portal\/avanza-segunda-etapa-del-proyecto-parque-borde-estero-quilpue\/parque-borde-estero-quilpue\/\" rel=\"attachment wp-att-74135\"><img data-recalc-dims=\"1\" loading=\"lazy\" decoding=\"async\" class=\"size-full wp-image-74135\" src=\"https:\/\/i0.wp.com\/www.eltrabajo.cl\/portal\/wp-content\/uploads\/2016\/09\/parque-borde-estero-quilpue.jpg?resize=530%2C350\" alt=\"Dos plazas de agua, senderos, \u00e1reas verdes, juegos infantiles, contempla la segunda etapa que se extender\u00e1 desde calle Abd\u00f3n Cifuentes hasta el Aer\u00f3dromo de San Felipe.\" width=\"530\" height=\"350\" srcset=\"https:\/\/i0.wp.com\/eltrabajo.cl\/portal\/wp-content\/uploads\/2016\/09\/parque-borde-estero-quilpue.jpg?w=530&amp;ssl=1 530w, https:\/\/i0.wp.com\/eltrabajo.cl\/portal\/wp-content\/uploads\/2016\/09\/parque-borde-estero-quilpue.jpg?resize=200%2C132&amp;ssl=1 200w, https:\/\/i0.wp.com\/eltrabajo.cl\/portal\/wp-content\/uploads\/2016\/09\/parque-borde-estero-quilpue.jpg?resize=300%2C198&amp;ssl=1 300w, https:\/\/i0.wp.com\/eltrabajo.cl\/portal\/wp-content\/uploads\/2016\/09\/parque-borde-estero-quilpue.jpg?resize=227%2C150&amp;ssl=1 227w, https:\/\/i0.wp.com\/eltrabajo.cl\/portal\/wp-content\/uploads\/2016\/09\/parque-borde-estero-quilpue.jpg?resize=400%2C264&amp;ssl=1 400w\" sizes=\"auto, (max-width: 530px) 100vw, 530px\" \/><\/a><figcaption id=\"caption-attachment-74135\" class=\"wp-caption-text\">Dos plazas de agua, senderos, \u00e1reas verdes, juegos infantiles, contempla la segunda etapa que se extender\u00e1 desde calle Abd\u00f3n Cifuentes hasta el Aer\u00f3dromo de San Felipe.<\/figcaption><\/figure>\n","protected":false},"excerpt":{"rendered":"<p>Con inversi\u00f3n aproximada de 1.800 millones de pesos:\u00a0Iniciativa contempla construcci\u00f3n de dos plazas de agua, senderos, \u00e1reas verdes, juegos infantiles, sombreaderos y reforestaci\u00f3n y se extender\u00e1 de calle Abd\u00f3n Cifuentes hasta el&#8230;<\/p>\n","protected":false},"author":1,"featured_media":74135,"comment_status":"open","ping_status":"open","sticky":false,"template":"","format":"standard","meta":{"advanced_seo_description":"","jetpack_seo_html_title":"","jetpack_seo_noindex":false,"_jetpack_memberships_contains_paid_content":false,"footnotes":""},"categories":[1],"tags":[],"class_list":["post-74134","post","type-post","status-publish","format-standard","has-post-thumbnail","hentry","category-cronica"],"jetpack_featured_media_url":"https:\/\/i0.wp.com\/eltrabajo.cl\/portal\/wp-content\/uploads\/2016\/09\/parque-borde-estero-quilpue.jpg?fit=530%2C350&ssl=1","jetpack_sharing_enabled":true,"jetpack_likes_enabled":true,"jetpack-related-posts":[],"_links":{"self":[{"href":"https:\/\/eltrabajo.cl\/portal\/wp-json\/wp\/v2\/posts\/74134","targetHints":{"allow":["GET"]}}],"collection":[{"href":"https:\/\/eltrabajo.cl\/portal\/wp-json\/wp\/v2\/posts"}],"about":[{"href":"https:\/\/eltrabajo.cl\/portal\/wp-json\/wp\/v2\/types\/post"}],"author":[{"embeddable":true,"href":"https:\/\/eltrabajo.cl\/portal\/wp-json\/wp\/v2\/users\/1"}],"replies":[{"embeddable":true,"href":"https:\/\/eltrabajo.cl\/portal\/wp-json\/wp\/v2\/comments?post=74134"}],"version-history":[{"count":0,"href":"https:\/\/eltrabajo.cl\/portal\/wp-json\/wp\/v2\/posts\/74134\/revisions"}],"wp:featuredmedia":[{"embeddable":true,"href":"https:\/\/eltrabajo.cl\/portal\/wp-json\/wp\/v2\/media\/74135"}],"wp:attachment":[{"href":"https:\/\/eltrabajo.cl\/portal\/wp-json\/wp\/v2\/media?parent=74134"}],"wp:term":[{"taxonomy":"category","embeddable":true,"href":"https:\/\/eltrabajo.cl\/portal\/wp-json\/wp\/v2\/categories?post=74134"},{"taxonomy":"post_tag","embeddable":true,"href":"https:\/\/eltrabajo.cl\/portal\/wp-json\/wp\/v2\/tags?post=74134"}],"curies":[{"name":"wp","href":"https:\/\/api.w.org\/{rel}","templated":true}]}}