{"id":74149,"date":"2016-09-29T09:05:14","date_gmt":"2016-09-29T12:05:14","guid":{"rendered":"http:\/\/www.eltrabajo.cl\/portal\/?p=74149"},"modified":"2016-09-29T09:05:14","modified_gmt":"2016-09-29T12:05:14","slug":"destacado-artista-nacional-patricio-manns-se-presenta-en-calle-larga","status":"publish","type":"post","link":"https:\/\/eltrabajo.cl\/portal\/destacado-artista-nacional-patricio-manns-se-presenta-en-calle-larga\/","title":{"rendered":"Destacado artista nacional Patricio Manns se presenta en Calle Larga"},"content":{"rendered":"<ul>\n<li><strong><span style=\"color: #ff0000;\">Homenaje a los 50 a\u00f1os de la canci\u00f3n \u2018El Arriero\u2019:<\/span>\u00a0Este viernes 30 de septiembre a las 20.00 horas, en el Centro Cultural Presidente Pedro Aguirre Cerda de Calle Larga, se presenta el destacado artista nacional Patricio Manns.<\/strong><\/li>\n<\/ul>\n<p>\u2018Entre mar y cordillera\u2019 es el primer disco de Patricio Manns, producido por Camilo Fern\u00e1ndez y publicado en 1966 por el sello Demon. Incluye una de sus canciones m\u00e1s conocidas \u2018Arriba en la Cordillera\u2019. Todos los temas pertenecen en letra y m\u00fasica a Patricio Manns, excepto \u2018Ya no canto tu nombre\u2019, en que comparte autor\u00eda con Edmundo V\u00e1squez. El tema n\u00b0 8 \u2018Sirilla de la Candelaria\u2019 cuenta con la participaci\u00f3n de Rolando Alarc\u00f3n.<br \/>\nRespecto a su obra literaria, su creaci\u00f3n abarca diversos g\u00e9neros, desde la novela hist\u00f3rica hasta el periodismo (La revoluci\u00f3n de la escuadra, 1971), donde narra los sucesos acaecidos durante la\u00a0Sublevaci\u00f3n de la Escuadra en Chile en 1931, adem\u00e1s de ensayos y una importante cantidad de textos de dramaturgia, ha editado m\u00e1s de una treintena de libros. La estructura excepcional de sus textos, lo han convertido en objeto de estudio en distintas escuelas literarias y universitarias de Europa y Sudam\u00e9rica, sobre todo por el hilo conductor de su t\u00e9cnica literaria y estilo puro y propio. Tanto es as\u00ed, que sus letras lo posicionan entre los grandes literatos latinoamericanos, en cuanto a la ampliaci\u00f3n del idioma, l\u00e9xico y composici\u00f3n.<br \/>\nEl concierto, se enmarca en las actividades organizadas por el Consejo Nacional de la Cultura y las Artes, la I. Municipalidad de Calle Larga, el Plan Nacional de la Lectura y el Centro Cultural Presidente Pedro Aguirre Cerda para celebrar los 50 a\u00f1os del lanzamiento de la canci\u00f3n \u2018Arriba en la cordillera\u2019, una de las obras musicales m\u00e1s importantes de la discograf\u00eda nacional.<br \/>\nEl Homenaje conlleva el concierto del d\u00eda viernes y adem\u00e1s una presentaci\u00f3n literaria de uno de sus libros destacados \u2018M\u00fasica Prohibida\u2019, esta \u00faltima actividad se desarrollar\u00e1 el s\u00e1bado 1 de octubre a las 12.00 horas tambi\u00e9n en el Centro Cultural Pedro Aguirre Cerda.<br \/>\nAmbas actividades son con entrada liberada.<\/p>\n<figure id=\"attachment_74150\" aria-describedby=\"caption-attachment-74150\" style=\"width: 530px\" class=\"wp-caption alignleft\"><a href=\"http:\/\/www.eltrabajo.cl\/portal\/destacado-artista-nacional-patricio-manns-se-presenta-en-calle-larga\/p-manns\/\" rel=\"attachment wp-att-74150\"><img data-recalc-dims=\"1\" loading=\"lazy\" decoding=\"async\" class=\"size-full wp-image-74150\" src=\"https:\/\/i0.wp.com\/www.eltrabajo.cl\/portal\/wp-content\/uploads\/2016\/09\/P-Manns.jpg?resize=530%2C350\" alt=\"Este viernes 30 de septiembre a las 20.00 horas, en el Centro Cultural Presidente Pedro Aguirre Cerda de Calle Larga, se presenta el destacado artista nacional Patricio Manns.\" width=\"530\" height=\"350\" srcset=\"https:\/\/i0.wp.com\/eltrabajo.cl\/portal\/wp-content\/uploads\/2016\/09\/P-Manns.jpg?w=530&amp;ssl=1 530w, https:\/\/i0.wp.com\/eltrabajo.cl\/portal\/wp-content\/uploads\/2016\/09\/P-Manns.jpg?resize=200%2C132&amp;ssl=1 200w, https:\/\/i0.wp.com\/eltrabajo.cl\/portal\/wp-content\/uploads\/2016\/09\/P-Manns.jpg?resize=300%2C198&amp;ssl=1 300w, https:\/\/i0.wp.com\/eltrabajo.cl\/portal\/wp-content\/uploads\/2016\/09\/P-Manns.jpg?resize=227%2C150&amp;ssl=1 227w, https:\/\/i0.wp.com\/eltrabajo.cl\/portal\/wp-content\/uploads\/2016\/09\/P-Manns.jpg?resize=400%2C264&amp;ssl=1 400w\" sizes=\"auto, (max-width: 530px) 100vw, 530px\" \/><\/a><figcaption id=\"caption-attachment-74150\" class=\"wp-caption-text\">Este viernes 30 de septiembre a las 20.00 horas, en el Centro Cultural Presidente Pedro Aguirre Cerda de Calle Larga, se presenta el destacado artista nacional Patricio Manns.<\/figcaption><\/figure>\n","protected":false},"excerpt":{"rendered":"<p>Homenaje a los 50 a\u00f1os de la canci\u00f3n \u2018El Arriero\u2019:\u00a0Este viernes 30 de septiembre a las 20.00 horas, en el Centro Cultural Presidente Pedro Aguirre Cerda de Calle Larga, se presenta el&#8230;<\/p>\n","protected":false},"author":1,"featured_media":74150,"comment_status":"open","ping_status":"open","sticky":false,"template":"","format":"standard","meta":{"advanced_seo_description":"","jetpack_seo_html_title":"","jetpack_seo_noindex":false,"_jetpack_memberships_contains_paid_content":false,"footnotes":""},"categories":[1],"tags":[],"class_list":["post-74149","post","type-post","status-publish","format-standard","has-post-thumbnail","hentry","category-cronica"],"jetpack_featured_media_url":"https:\/\/i0.wp.com\/eltrabajo.cl\/portal\/wp-content\/uploads\/2016\/09\/P-Manns.jpg?fit=530%2C350&ssl=1","jetpack_sharing_enabled":true,"jetpack_likes_enabled":true,"jetpack-related-posts":[],"_links":{"self":[{"href":"https:\/\/eltrabajo.cl\/portal\/wp-json\/wp\/v2\/posts\/74149","targetHints":{"allow":["GET"]}}],"collection":[{"href":"https:\/\/eltrabajo.cl\/portal\/wp-json\/wp\/v2\/posts"}],"about":[{"href":"https:\/\/eltrabajo.cl\/portal\/wp-json\/wp\/v2\/types\/post"}],"author":[{"embeddable":true,"href":"https:\/\/eltrabajo.cl\/portal\/wp-json\/wp\/v2\/users\/1"}],"replies":[{"embeddable":true,"href":"https:\/\/eltrabajo.cl\/portal\/wp-json\/wp\/v2\/comments?post=74149"}],"version-history":[{"count":0,"href":"https:\/\/eltrabajo.cl\/portal\/wp-json\/wp\/v2\/posts\/74149\/revisions"}],"wp:featuredmedia":[{"embeddable":true,"href":"https:\/\/eltrabajo.cl\/portal\/wp-json\/wp\/v2\/media\/74150"}],"wp:attachment":[{"href":"https:\/\/eltrabajo.cl\/portal\/wp-json\/wp\/v2\/media?parent=74149"}],"wp:term":[{"taxonomy":"category","embeddable":true,"href":"https:\/\/eltrabajo.cl\/portal\/wp-json\/wp\/v2\/categories?post=74149"},{"taxonomy":"post_tag","embeddable":true,"href":"https:\/\/eltrabajo.cl\/portal\/wp-json\/wp\/v2\/tags?post=74149"}],"curies":[{"name":"wp","href":"https:\/\/api.w.org\/{rel}","templated":true}]}}