{"id":74161,"date":"2016-09-29T09:11:57","date_gmt":"2016-09-29T12:11:57","guid":{"rendered":"http:\/\/www.eltrabajo.cl\/portal\/?p=74161"},"modified":"2016-09-29T09:11:57","modified_gmt":"2016-09-29T12:11:57","slug":"entregan-tablets-a-cinco-ninos-con-discapacidad-auditiva-en-liceo-cordillera","status":"publish","type":"post","link":"https:\/\/eltrabajo.cl\/portal\/entregan-tablets-a-cinco-ninos-con-discapacidad-auditiva-en-liceo-cordillera\/","title":{"rendered":"Entregan tablets a cinco ni\u00f1os con discapacidad auditiva en Liceo Cordillera"},"content":{"rendered":"<p>El D\u00eda Mundial del Sordo se est\u00e1 celebrando en todo el planeta y en Chile tambi\u00e9n, es por ello que ayer en el Liceo Cordillera, se realiz\u00f3 una peque\u00f1a gala para hacer entrega de cinco Tablet a cada uno de los estudiantes de esa casa de estudios que presentan sordera parcial o total, quienes est\u00e1n vinculados al PIE.<\/p>\n<p><strong>TABLETS NUEVAS<\/strong><br \/>\n\u00abEn nuestro colegio son cinco los estudiantes que est\u00e1n totalmente integrados a nuestro programa para sordos, ellos desde hace a\u00f1os que vienen con nosotros, es por ello que se les est\u00e1 entregando una Tablet nueva, para que la puedan usar aqu\u00ed en la escuela, la idea es que puedan grabar las clases, pasen los v\u00eddeos luego a pendrive y la puedan ver cuando quieran en casa, la Tablet ser\u00e1 guardada aqu\u00ed en el colegio por sus profesores\u00bb, inform\u00f3 a Diario El Trabajo una de las funcionarias a cargo, Sylvia Cornejo.<br \/>\nEs importante se\u00f1alar que entre el equipo que trabaja con estos ni\u00f1os, hay una co-educadora que tambi\u00e9n es sorda, ella es Daniela Cisternas, quien super\u00f3 con creces esta condici\u00f3n y ahora trabaja con otros sordos.<br \/>\n\u00abEste es un trabajo de integraci\u00f3n, ya hemos logrado bastantes avances con ellos, estamos muy contentos y esperamos que este programa sigan siendo reconocidos en la comuna, pues estos ni\u00f1os son tambi\u00e9n muy importantes\u00bb, agreg\u00f3 la profesora Cornejo.<br \/>\nActualmente en edad escolar existen once estudiantes sordos en nuestra comuna, pero a nivel general no existe un catastro oficial de este segmento poblacional.<br \/>\n<strong>Roberto Gonz\u00e1lez Short<\/strong><\/p>\n<figure id=\"attachment_74162\" aria-describedby=\"caption-attachment-74162\" style=\"width: 530px\" class=\"wp-caption alignleft\"><a href=\"http:\/\/www.eltrabajo.cl\/portal\/entregan-tablets-a-cinco-ninos-con-discapacidad-auditiva-en-liceo-cordillera\/equipo33-4\/\" rel=\"attachment wp-att-74162\"><img data-recalc-dims=\"1\" loading=\"lazy\" decoding=\"async\" class=\"size-full wp-image-74162\" src=\"https:\/\/i0.wp.com\/www.eltrabajo.cl\/portal\/wp-content\/uploads\/2016\/09\/Equipo33-1.jpg?resize=530%2C348\" alt=\"TABLETS NUEVAS.- Aqu\u00ed tenemos al equipo docente del PIE y a sus especiales estudiantes, con sus nuevos instrumentos de estudio.\" width=\"530\" height=\"348\" srcset=\"https:\/\/i0.wp.com\/eltrabajo.cl\/portal\/wp-content\/uploads\/2016\/09\/Equipo33-1.jpg?w=530&amp;ssl=1 530w, https:\/\/i0.wp.com\/eltrabajo.cl\/portal\/wp-content\/uploads\/2016\/09\/Equipo33-1.jpg?resize=200%2C131&amp;ssl=1 200w, https:\/\/i0.wp.com\/eltrabajo.cl\/portal\/wp-content\/uploads\/2016\/09\/Equipo33-1.jpg?resize=300%2C197&amp;ssl=1 300w, https:\/\/i0.wp.com\/eltrabajo.cl\/portal\/wp-content\/uploads\/2016\/09\/Equipo33-1.jpg?resize=228%2C150&amp;ssl=1 228w, https:\/\/i0.wp.com\/eltrabajo.cl\/portal\/wp-content\/uploads\/2016\/09\/Equipo33-1.jpg?resize=400%2C263&amp;ssl=1 400w\" sizes=\"auto, (max-width: 530px) 100vw, 530px\" \/><\/a><figcaption id=\"caption-attachment-74162\" class=\"wp-caption-text\">TABLETS NUEVAS.- Aqu\u00ed tenemos al equipo docente del PIE y a sus especiales estudiantes, con sus nuevos instrumentos de estudio.<\/figcaption><\/figure>\n<figure id=\"attachment_74163\" aria-describedby=\"caption-attachment-74163\" style=\"width: 530px\" class=\"wp-caption alignleft\"><a href=\"http:\/\/www.eltrabajo.cl\/portal\/entregan-tablets-a-cinco-ninos-con-discapacidad-auditiva-en-liceo-cordillera\/sordos28\/\" rel=\"attachment wp-att-74163\"><img data-recalc-dims=\"1\" loading=\"lazy\" decoding=\"async\" class=\"size-full wp-image-74163\" src=\"https:\/\/i0.wp.com\/www.eltrabajo.cl\/portal\/wp-content\/uploads\/2016\/09\/Sordos28.jpg?resize=530%2C349\" alt=\"EL QUINTETO.- Ellos son: Lucas Silva de prekinder; Martina Oyaneder de 1\u00ba b\u00e1sico; Danitza Valencia de 2\u00ba medio; Ignacio Salinas de 5\u00ba y Oscar Valencia de 2\u00ba medio.\" width=\"530\" height=\"349\" srcset=\"https:\/\/i0.wp.com\/eltrabajo.cl\/portal\/wp-content\/uploads\/2016\/09\/Sordos28.jpg?w=530&amp;ssl=1 530w, https:\/\/i0.wp.com\/eltrabajo.cl\/portal\/wp-content\/uploads\/2016\/09\/Sordos28.jpg?resize=200%2C132&amp;ssl=1 200w, https:\/\/i0.wp.com\/eltrabajo.cl\/portal\/wp-content\/uploads\/2016\/09\/Sordos28.jpg?resize=300%2C198&amp;ssl=1 300w, https:\/\/i0.wp.com\/eltrabajo.cl\/portal\/wp-content\/uploads\/2016\/09\/Sordos28.jpg?resize=228%2C150&amp;ssl=1 228w, https:\/\/i0.wp.com\/eltrabajo.cl\/portal\/wp-content\/uploads\/2016\/09\/Sordos28.jpg?resize=400%2C263&amp;ssl=1 400w\" sizes=\"auto, (max-width: 530px) 100vw, 530px\" \/><\/a><figcaption id=\"caption-attachment-74163\" class=\"wp-caption-text\">EL QUINTETO.- Ellos son: Lucas Silva de prekinder; Martina Oyaneder de 1\u00ba b\u00e1sico; Danitza Valencia de 2\u00ba medio; Ignacio Salinas de 5\u00ba y Oscar Valencia de 2\u00ba medio.<\/figcaption><\/figure>\n","protected":false},"excerpt":{"rendered":"<p>El D\u00eda Mundial del Sordo se est\u00e1 celebrando en todo el planeta y en Chile tambi\u00e9n, es por ello que ayer en el Liceo Cordillera, se realiz\u00f3 una peque\u00f1a gala para hacer&#8230;<\/p>\n","protected":false},"author":1,"featured_media":74162,"comment_status":"open","ping_status":"open","sticky":false,"template":"","format":"standard","meta":{"advanced_seo_description":"","jetpack_seo_html_title":"","jetpack_seo_noindex":false,"_jetpack_memberships_contains_paid_content":false,"footnotes":""},"categories":[15],"tags":[],"class_list":["post-74161","post","type-post","status-publish","format-standard","has-post-thumbnail","hentry","category-comunidad"],"jetpack_featured_media_url":"https:\/\/i0.wp.com\/eltrabajo.cl\/portal\/wp-content\/uploads\/2016\/09\/Equipo33-1.jpg?fit=530%2C348&ssl=1","jetpack_sharing_enabled":true,"jetpack_likes_enabled":true,"jetpack-related-posts":[],"_links":{"self":[{"href":"https:\/\/eltrabajo.cl\/portal\/wp-json\/wp\/v2\/posts\/74161","targetHints":{"allow":["GET"]}}],"collection":[{"href":"https:\/\/eltrabajo.cl\/portal\/wp-json\/wp\/v2\/posts"}],"about":[{"href":"https:\/\/eltrabajo.cl\/portal\/wp-json\/wp\/v2\/types\/post"}],"author":[{"embeddable":true,"href":"https:\/\/eltrabajo.cl\/portal\/wp-json\/wp\/v2\/users\/1"}],"replies":[{"embeddable":true,"href":"https:\/\/eltrabajo.cl\/portal\/wp-json\/wp\/v2\/comments?post=74161"}],"version-history":[{"count":0,"href":"https:\/\/eltrabajo.cl\/portal\/wp-json\/wp\/v2\/posts\/74161\/revisions"}],"wp:featuredmedia":[{"embeddable":true,"href":"https:\/\/eltrabajo.cl\/portal\/wp-json\/wp\/v2\/media\/74162"}],"wp:attachment":[{"href":"https:\/\/eltrabajo.cl\/portal\/wp-json\/wp\/v2\/media?parent=74161"}],"wp:term":[{"taxonomy":"category","embeddable":true,"href":"https:\/\/eltrabajo.cl\/portal\/wp-json\/wp\/v2\/categories?post=74161"},{"taxonomy":"post_tag","embeddable":true,"href":"https:\/\/eltrabajo.cl\/portal\/wp-json\/wp\/v2\/tags?post=74161"}],"curies":[{"name":"wp","href":"https:\/\/api.w.org\/{rel}","templated":true}]}}