{"id":74166,"date":"2016-09-29T09:13:27","date_gmt":"2016-09-29T12:13:27","guid":{"rendered":"http:\/\/www.eltrabajo.cl\/portal\/?p=74166"},"modified":"2016-09-29T09:13:27","modified_gmt":"2016-09-29T12:13:27","slug":"concejal-pide-mejorar-funcionamiento-de-farmacia-municipal-de-san-felipe","status":"publish","type":"post","link":"https:\/\/eltrabajo.cl\/portal\/concejal-pide-mejorar-funcionamiento-de-farmacia-municipal-de-san-felipe\/","title":{"rendered":"Concejal pide mejorar funcionamiento\u00a0de Farmacia Municipal de San Felipe"},"content":{"rendered":"<p>El concejal Ricardo Covarrubias, manifest\u00f3 en sesi\u00f3n de Concejo del pasado martes, \u00abmejorar el funcionamiento de la farmacia municipal de San Felipe, ya que adolece esta de las competencias para responder a las exigencias de los vecinos que concurren a solicitar los medicamentos para enfrentar sus enfermedades\u00bb.<br \/>\nCabe se\u00f1alar que esta iniciativa fue inaugurada el pasado jueves 19 de mayo, \u00abpero desde entonces hasta el momento ha sido criticada por quienes acuden a solicitar sus servicios, cuando \u00e9ste demora dos o tres semanas en otorgar el beneficio a sus usuarios, como asimismo estos \u00faltimos, deben recurrir a las farmacias tradicionales, al no sentir respuesta de parte de la municipal\u00bb, dijo.<br \/>\nAsimismo, \u00abdebemos recordar -agreg\u00f3 el concejal Covarrubias- la necesidad de apoyarse en la asociaci\u00f3n de municipios que participan en las farmacias municipales, para adquirir medicamentos a trav\u00e9s de Cenabast, como asimismo participar de la importaci\u00f3n de f\u00e1rmacos desde el extranjero\u00bb.<br \/>\nHace algunas semanas lleg\u00f3 hasta San Felipe el encargado de coordinaci\u00f3n de Cenabast, Jaime Espina: \u201cy desde luego que el personero de Cenabast nos mostr\u00f3 todo un esquema con las demandas, como asimismo los clientes para identificar y definir los medicamentos e insumos m\u00e9dicos de acuerdo a sus requerimientos\u00bb. manifest\u00f3 Ricardo Covarrubias.<br \/>\nDe la misma forma, el concejal indic\u00f3 que Cenabast hace de intermediario \u201cdonde se busca gestionar abastecimiento de medicamentos, dispositivos de uso m\u00e9dico, insumos y alimentos, generando ahorro y calidad, para pasar a una tercera fase que indica la oferta mediante la producci\u00f3n y almacenamiento, hasta llegar a los proveedores quienes son los responsables de suministro de los medicamentos mediante almacenamiento y distribuci\u00f3n\u201d, asever\u00f3.<br \/>\nEn la misma l\u00f3gica, dentro del plano local, se mencion\u00f3 que la atenci\u00f3n de la farmacia popular de San Felipe debiera ser todos los d\u00edas h\u00e1biles de la semana, \u201cporque los usuarios no saben de los d\u00edas ni horarios de atenci\u00f3n y falta una mayor promoci\u00f3n de esta pol\u00edtica p\u00fablica, porque los vecinos est\u00e1n desorientados y llegan muchas veces cuando el recinto est\u00e1 cerrado y eso genera decepci\u00f3n\u201d, precis\u00f3.<br \/>\nA su vez, se hizo una propuesta ante el concejo y a los equipos de salud para ayudar a mejorar el funcionamiento de la farmacia popular: \u201cTengo los contactos directos con los equipos t\u00e9cnicos de Recoleta, donde su alcalde Daniel Jadue me manifest\u00f3 que sus asesores los tiene disponibles para ayudar al mejor funcionamiento, donde espero que sea considerado mi propuesta porque se ve d\u00e9bil nuestro programa\u201d, dijo.<br \/>\nFinalmente manifest\u00f3: \u201cdebemos recordar que a nivel nacional se conform\u00f3 una asociaci\u00f3n nacional de farmacias populares municipales, donde dispondr\u00e1n programas de importaci\u00f3n de remedios en alto vol\u00famen para responder a la demanda de f\u00e1rmacos en las diferentes comunas del pa\u00eds, como una forma de salir al paso de la colusi\u00f3n de los laboratorios y cadenas farmac\u00e9uticas que se oponen a esta importante pol\u00edtica p\u00fablica\u201d, concluy\u00f3 Ricardo Covarrubias.<\/p>\n<figure id=\"attachment_74167\" aria-describedby=\"caption-attachment-74167\" style=\"width: 530px\" class=\"wp-caption alignleft\"><a href=\"http:\/\/www.eltrabajo.cl\/portal\/concejal-pide-mejorar-funcionamiento-de-farmacia-municipal-de-san-felipe\/farmacia-municipal-sf\/\" rel=\"attachment wp-att-74167\"><img data-recalc-dims=\"1\" loading=\"lazy\" decoding=\"async\" class=\"size-full wp-image-74167\" src=\"https:\/\/i0.wp.com\/www.eltrabajo.cl\/portal\/wp-content\/uploads\/2016\/09\/FARMACIA-MUNICIPAL-SF.jpg?resize=530%2C350\" alt=\"La Farmacia Municipal, inaugurada el pasado el pasado 19 de mayo, ha sido criticada por quienes acuden a solicitar sus servicios, cuando \u00e9ste demora dos o tres semanas en otorgar el beneficio a sus usuarios, como asimismo estos \u00faltimos, deben recurrir a las farmacias tradicionales, al no sentir respuesta de parte de la municipal. (Foto referencial).\" width=\"530\" height=\"350\" srcset=\"https:\/\/i0.wp.com\/eltrabajo.cl\/portal\/wp-content\/uploads\/2016\/09\/FARMACIA-MUNICIPAL-SF.jpg?w=530&amp;ssl=1 530w, https:\/\/i0.wp.com\/eltrabajo.cl\/portal\/wp-content\/uploads\/2016\/09\/FARMACIA-MUNICIPAL-SF.jpg?resize=200%2C132&amp;ssl=1 200w, https:\/\/i0.wp.com\/eltrabajo.cl\/portal\/wp-content\/uploads\/2016\/09\/FARMACIA-MUNICIPAL-SF.jpg?resize=300%2C198&amp;ssl=1 300w, https:\/\/i0.wp.com\/eltrabajo.cl\/portal\/wp-content\/uploads\/2016\/09\/FARMACIA-MUNICIPAL-SF.jpg?resize=227%2C150&amp;ssl=1 227w, https:\/\/i0.wp.com\/eltrabajo.cl\/portal\/wp-content\/uploads\/2016\/09\/FARMACIA-MUNICIPAL-SF.jpg?resize=400%2C264&amp;ssl=1 400w\" sizes=\"auto, (max-width: 530px) 100vw, 530px\" \/><\/a><figcaption id=\"caption-attachment-74167\" class=\"wp-caption-text\">La Farmacia Municipal, inaugurada el pasado el pasado 19 de mayo, ha sido criticada por quienes acuden a solicitar sus servicios, cuando \u00e9ste demora dos o tres semanas en otorgar el beneficio a sus usuarios, como asimismo estos \u00faltimos, deben recurrir a las farmacias tradicionales, al no sentir respuesta de parte de la municipal. (Foto referencial).<\/figcaption><\/figure>\n","protected":false},"excerpt":{"rendered":"<p>El concejal Ricardo Covarrubias, manifest\u00f3 en sesi\u00f3n de Concejo del pasado martes, \u00abmejorar el funcionamiento de la farmacia municipal de San Felipe, ya que adolece esta de las competencias para responder a&#8230;<\/p>\n","protected":false},"author":1,"featured_media":74167,"comment_status":"open","ping_status":"open","sticky":false,"template":"","format":"standard","meta":{"advanced_seo_description":"","jetpack_seo_html_title":"","jetpack_seo_noindex":false,"_jetpack_memberships_contains_paid_content":false,"footnotes":""},"categories":[1],"tags":[],"class_list":["post-74166","post","type-post","status-publish","format-standard","has-post-thumbnail","hentry","category-cronica"],"jetpack_featured_media_url":"https:\/\/i0.wp.com\/eltrabajo.cl\/portal\/wp-content\/uploads\/2016\/09\/FARMACIA-MUNICIPAL-SF.jpg?fit=530%2C350&ssl=1","jetpack_sharing_enabled":true,"jetpack_likes_enabled":true,"jetpack-related-posts":[],"_links":{"self":[{"href":"https:\/\/eltrabajo.cl\/portal\/wp-json\/wp\/v2\/posts\/74166","targetHints":{"allow":["GET"]}}],"collection":[{"href":"https:\/\/eltrabajo.cl\/portal\/wp-json\/wp\/v2\/posts"}],"about":[{"href":"https:\/\/eltrabajo.cl\/portal\/wp-json\/wp\/v2\/types\/post"}],"author":[{"embeddable":true,"href":"https:\/\/eltrabajo.cl\/portal\/wp-json\/wp\/v2\/users\/1"}],"replies":[{"embeddable":true,"href":"https:\/\/eltrabajo.cl\/portal\/wp-json\/wp\/v2\/comments?post=74166"}],"version-history":[{"count":0,"href":"https:\/\/eltrabajo.cl\/portal\/wp-json\/wp\/v2\/posts\/74166\/revisions"}],"wp:featuredmedia":[{"embeddable":true,"href":"https:\/\/eltrabajo.cl\/portal\/wp-json\/wp\/v2\/media\/74167"}],"wp:attachment":[{"href":"https:\/\/eltrabajo.cl\/portal\/wp-json\/wp\/v2\/media?parent=74166"}],"wp:term":[{"taxonomy":"category","embeddable":true,"href":"https:\/\/eltrabajo.cl\/portal\/wp-json\/wp\/v2\/categories?post=74166"},{"taxonomy":"post_tag","embeddable":true,"href":"https:\/\/eltrabajo.cl\/portal\/wp-json\/wp\/v2\/tags?post=74166"}],"curies":[{"name":"wp","href":"https:\/\/api.w.org\/{rel}","templated":true}]}}