{"id":74174,"date":"2016-09-29T09:18:38","date_gmt":"2016-09-29T12:18:38","guid":{"rendered":"http:\/\/www.eltrabajo.cl\/portal\/?p=74174"},"modified":"2016-09-29T09:18:39","modified_gmt":"2016-09-29T12:18:39","slug":"realizan-grafiti-en-escultura-de-plaza-de-armas-recientemente-restaurada","status":"publish","type":"post","link":"https:\/\/eltrabajo.cl\/portal\/realizan-grafiti-en-escultura-de-plaza-de-armas-recientemente-restaurada\/","title":{"rendered":"Realizan grafiti en escultura de Plaza de Armas recientemente restaurada"},"content":{"rendered":"<ul>\n<li><strong><span style=\"color: #ff0000;\">Se intentar\u00e1 realizar nuevo trabajo de recuperaci\u00f3n:<\/span>\u00a0Encargado de cultura del municipio sanfelipe\u00f1o, Ricardo Ruiz, repudi\u00f3 el acto e hizo un llamado a los vecinos a evitar este tipo de situaciones y denunciar a quienes se atrevan a da\u00f1ar las obras de arte que representan parte importante del patrimonio de la comuna.<\/strong><\/li>\n<\/ul>\n<p>Una lamentable situaci\u00f3n qued\u00f3 en evidencia ayer por la ma\u00f1ana, luego que gran parte de los transe\u00fantes que circulan por la Plaza de Armas de San Felipe, se percataran que la escultura alusiva a la Primavera, apostada en la esquina de Prat con Salinas, ten\u00eda un rayado (grafiti)en el frente de su base.<\/p>\n<figure id=\"attachment_74175\" aria-describedby=\"caption-attachment-74175\" style=\"width: 300px\" class=\"wp-caption alignleft\"><a href=\"http:\/\/www.eltrabajo.cl\/portal\/realizan-grafiti-en-escultura-de-plaza-de-armas-recientemente-restaurada\/foto-1-ricardo-ruiz-2\/\" rel=\"attachment wp-att-74175\"><img data-recalc-dims=\"1\" loading=\"lazy\" decoding=\"async\" class=\"size-medium wp-image-74175\" src=\"https:\/\/i0.wp.com\/www.eltrabajo.cl\/portal\/wp-content\/uploads\/2016\/09\/FOTO-1-Ricardo-Ruiz-300x197.jpg?resize=300%2C197\" alt=\"Ricardo Ruiz, coordinador del Departamento de Cultura de la Municipalidad de San Felipe.\" width=\"300\" height=\"197\" srcset=\"https:\/\/i0.wp.com\/eltrabajo.cl\/portal\/wp-content\/uploads\/2016\/09\/FOTO-1-Ricardo-Ruiz.jpg?resize=300%2C197&amp;ssl=1 300w, https:\/\/i0.wp.com\/eltrabajo.cl\/portal\/wp-content\/uploads\/2016\/09\/FOTO-1-Ricardo-Ruiz.jpg?resize=200%2C131&amp;ssl=1 200w, https:\/\/i0.wp.com\/eltrabajo.cl\/portal\/wp-content\/uploads\/2016\/09\/FOTO-1-Ricardo-Ruiz.jpg?resize=228%2C150&amp;ssl=1 228w, https:\/\/i0.wp.com\/eltrabajo.cl\/portal\/wp-content\/uploads\/2016\/09\/FOTO-1-Ricardo-Ruiz.jpg?resize=400%2C263&amp;ssl=1 400w, https:\/\/i0.wp.com\/eltrabajo.cl\/portal\/wp-content\/uploads\/2016\/09\/FOTO-1-Ricardo-Ruiz.jpg?w=530&amp;ssl=1 530w\" sizes=\"auto, (max-width: 300px) 100vw, 300px\" \/><\/a><figcaption id=\"caption-attachment-74175\" class=\"wp-caption-text\">Ricardo Ruiz, coordinador del Departamento de Cultura de la Municipalidad de San Felipe.<\/figcaption><\/figure>\n<p>El coordinador del Departamento de Cultura de la Municipalidad de San Felipe, Ricardo Ruiz, junto con repudiar el acto, record\u00f3 que las figuras del principal centro c\u00edvico de la comuna, durante el \u00faltimo tiempo fueron sometidas a un trabajo de restauraci\u00f3n, con una inversi\u00f3n cercana a los 20 millones de pesos.<br \/>\n\u201cLamentamos mucho que nos hayan rayado una de las esculturas, \u00e9sta hab\u00eda sido restaurada gracias a un proyecto Fondart, en una primera etapa de la intervenci\u00f3n que estamos haciendo de la Plaza de Armas y es muy triste ver esto, hay un compromiso muy fuerte del alcalde Patricio Freire con la Plaza, se han desarrollado dos proyectos para recuperar esculturas y jarrones, se han realizado charlas informativas respecto al valor que tienen, en fin, es lamentable\u201d, sostuvo Ruiz.<br \/>\nEn este contexto, el profesional hizo un llamado para que la comunidad denuncie a las personas que se encuentren rayando las Obras de Arte que enriquecen el patrimonio de la comuna, as\u00ed como tambi\u00e9n, invit\u00f3 a las personas que realizan este tipo de grafitis, a que busquen los espacios adecuados para realizarlo.<br \/>\n\u201c(\u2026) que se consigan murallas, muchos vecinos facilitan las murallas de sus casas para que hagan este tipo de rayados, pero hacerlo en una escultura de m\u00e1rmol, de un valor incalculable, que adem\u00e1s ha sido recuperada, realmente es triste y estamos muy preocupados por esto\u201d, a\u00f1adi\u00f3 Ruiz.<br \/>\nRespecto a la posibilidad de realizar alg\u00fan trabajo que permita eliminar el grafiti, Ruiz a\u00f1adi\u00f3 que \u201cestamos viendo con la gente de talleres municipales viendo de qu\u00e9 forma vamos a recuperar esto, tenemos que consultar eso s\u00ed, con la empresa que restaur\u00f3 las esculturas, porque el trabajo que realizaron fue muy minucioso, muy met\u00f3dico y la idea es no da\u00f1ar estas piezas y de ah\u00ed el alto costo que tiene restaurarlas\u201d, expres\u00f3.<br \/>\nSeg\u00fan Ru\u00edz, se espera que la c\u00e1mara de tele vigilancia de la esquina de Prat con Salinas, pueda haber captado a \u00e9l o los responsables de este acto vand\u00e1lico y asegur\u00f3 que \u201clo m\u00e1s probable es que esto se haya hecho durante la noche y vamos a tratar de averiguar qui\u00e9nes est\u00e1n detr\u00e1s de esto, lo importante es que la comunidad tenga conciencia y valore estas obras de arte que tenemos y que las cuiden\u201d, concluy\u00f3.<\/p>\n<figure id=\"attachment_74176\" aria-describedby=\"caption-attachment-74176\" style=\"width: 530px\" class=\"wp-caption alignleft\"><a href=\"http:\/\/www.eltrabajo.cl\/portal\/realizan-grafiti-en-escultura-de-plaza-de-armas-recientemente-restaurada\/foto-2-escultura-de-plaza-de-armas-de-san-felipe\/\" rel=\"attachment wp-att-74176\"><img data-recalc-dims=\"1\" loading=\"lazy\" decoding=\"async\" class=\"size-full wp-image-74176\" src=\"https:\/\/i0.wp.com\/www.eltrabajo.cl\/portal\/wp-content\/uploads\/2016\/09\/FOTO-2-Escultura-de-Plaza-de-Armas-de-San-Felipe.jpg?resize=530%2C348\" alt=\"Escultura de Plaza de Armas de San Felipe, recientemente restaurada, sufri\u00f3 vistoso y vand\u00e1lico rayado.\" width=\"530\" height=\"348\" srcset=\"https:\/\/i0.wp.com\/eltrabajo.cl\/portal\/wp-content\/uploads\/2016\/09\/FOTO-2-Escultura-de-Plaza-de-Armas-de-San-Felipe.jpg?w=530&amp;ssl=1 530w, https:\/\/i0.wp.com\/eltrabajo.cl\/portal\/wp-content\/uploads\/2016\/09\/FOTO-2-Escultura-de-Plaza-de-Armas-de-San-Felipe.jpg?resize=200%2C131&amp;ssl=1 200w, https:\/\/i0.wp.com\/eltrabajo.cl\/portal\/wp-content\/uploads\/2016\/09\/FOTO-2-Escultura-de-Plaza-de-Armas-de-San-Felipe.jpg?resize=300%2C197&amp;ssl=1 300w, https:\/\/i0.wp.com\/eltrabajo.cl\/portal\/wp-content\/uploads\/2016\/09\/FOTO-2-Escultura-de-Plaza-de-Armas-de-San-Felipe.jpg?resize=228%2C150&amp;ssl=1 228w, https:\/\/i0.wp.com\/eltrabajo.cl\/portal\/wp-content\/uploads\/2016\/09\/FOTO-2-Escultura-de-Plaza-de-Armas-de-San-Felipe.jpg?resize=400%2C263&amp;ssl=1 400w\" sizes=\"auto, (max-width: 530px) 100vw, 530px\" \/><\/a><figcaption id=\"caption-attachment-74176\" class=\"wp-caption-text\">Escultura de Plaza de Armas de San Felipe, recientemente restaurada, sufri\u00f3 vistoso y vand\u00e1lico rayado.<\/figcaption><\/figure>\n","protected":false},"excerpt":{"rendered":"<p>Se intentar\u00e1 realizar nuevo trabajo de recuperaci\u00f3n:\u00a0Encargado de cultura del municipio sanfelipe\u00f1o, Ricardo Ruiz, repudi\u00f3 el acto e hizo un llamado a los vecinos a evitar este tipo de situaciones y denunciar&#8230;<\/p>\n","protected":false},"author":1,"featured_media":74176,"comment_status":"open","ping_status":"open","sticky":false,"template":"","format":"standard","meta":{"advanced_seo_description":"","jetpack_seo_html_title":"","jetpack_seo_noindex":false,"_jetpack_memberships_contains_paid_content":false,"footnotes":""},"categories":[1],"tags":[],"class_list":["post-74174","post","type-post","status-publish","format-standard","has-post-thumbnail","hentry","category-cronica"],"jetpack_featured_media_url":"https:\/\/i0.wp.com\/eltrabajo.cl\/portal\/wp-content\/uploads\/2016\/09\/FOTO-2-Escultura-de-Plaza-de-Armas-de-San-Felipe.jpg?fit=530%2C348&ssl=1","jetpack_sharing_enabled":true,"jetpack_likes_enabled":true,"jetpack-related-posts":[],"_links":{"self":[{"href":"https:\/\/eltrabajo.cl\/portal\/wp-json\/wp\/v2\/posts\/74174","targetHints":{"allow":["GET"]}}],"collection":[{"href":"https:\/\/eltrabajo.cl\/portal\/wp-json\/wp\/v2\/posts"}],"about":[{"href":"https:\/\/eltrabajo.cl\/portal\/wp-json\/wp\/v2\/types\/post"}],"author":[{"embeddable":true,"href":"https:\/\/eltrabajo.cl\/portal\/wp-json\/wp\/v2\/users\/1"}],"replies":[{"embeddable":true,"href":"https:\/\/eltrabajo.cl\/portal\/wp-json\/wp\/v2\/comments?post=74174"}],"version-history":[{"count":0,"href":"https:\/\/eltrabajo.cl\/portal\/wp-json\/wp\/v2\/posts\/74174\/revisions"}],"wp:featuredmedia":[{"embeddable":true,"href":"https:\/\/eltrabajo.cl\/portal\/wp-json\/wp\/v2\/media\/74176"}],"wp:attachment":[{"href":"https:\/\/eltrabajo.cl\/portal\/wp-json\/wp\/v2\/media?parent=74174"}],"wp:term":[{"taxonomy":"category","embeddable":true,"href":"https:\/\/eltrabajo.cl\/portal\/wp-json\/wp\/v2\/categories?post=74174"},{"taxonomy":"post_tag","embeddable":true,"href":"https:\/\/eltrabajo.cl\/portal\/wp-json\/wp\/v2\/tags?post=74174"}],"curies":[{"name":"wp","href":"https:\/\/api.w.org\/{rel}","templated":true}]}}