{"id":74179,"date":"2016-09-29T09:22:54","date_gmt":"2016-09-29T12:22:54","guid":{"rendered":"http:\/\/www.eltrabajo.cl\/portal\/?p=74179"},"modified":"2016-09-29T09:22:55","modified_gmt":"2016-09-29T12:22:55","slug":"perdieron-su-trabajo-y-ahora-viven-con-sus-dos-hijas-con-cartones-en-la-calle","status":"publish","type":"post","link":"https:\/\/eltrabajo.cl\/portal\/perdieron-su-trabajo-y-ahora-viven-con-sus-dos-hijas-con-cartones-en-la-calle\/","title":{"rendered":"Perdieron su trabajo y ahora viven con sus dos hijas con cartones en la calle"},"content":{"rendered":"<ul>\n<li><strong><span style=\"color: #ff0000;\">Profundo drama enfrenta una humilde familia sanfelipe\u00f1a:<\/span>\u00a0S\u00f3lo piden trabajo y una vivienda para que sus ni\u00f1as no dejen de asistir a la escuela. Ofrecen trabajar en labores agr\u00edcolas en el valle.<\/strong><\/li>\n<\/ul>\n<figure id=\"attachment_74182\" aria-describedby=\"caption-attachment-74182\" style=\"width: 300px\" class=\"wp-caption alignleft\"><a href=\"http:\/\/www.eltrabajo.cl\/portal\/perdieron-su-trabajo-y-ahora-viven-con-sus-dos-hijas-con-cartones-en-la-calle\/humberto-cortes\/\" rel=\"attachment wp-att-74182\"><img data-recalc-dims=\"1\" loading=\"lazy\" decoding=\"async\" class=\"size-medium wp-image-74182\" src=\"https:\/\/i0.wp.com\/www.eltrabajo.cl\/portal\/wp-content\/uploads\/2016\/09\/Humberto-Cortes-300x197.jpg?resize=300%2C197\" alt=\"Humberto Cort\u00e9s Verdejo, sanfelipe\u00f1o que pide ayuda humanitaria y una fuente de trabajo honrada.\" width=\"300\" height=\"197\" srcset=\"https:\/\/i0.wp.com\/eltrabajo.cl\/portal\/wp-content\/uploads\/2016\/09\/Humberto-Cortes.jpg?resize=300%2C197&amp;ssl=1 300w, https:\/\/i0.wp.com\/eltrabajo.cl\/portal\/wp-content\/uploads\/2016\/09\/Humberto-Cortes.jpg?resize=200%2C131&amp;ssl=1 200w, https:\/\/i0.wp.com\/eltrabajo.cl\/portal\/wp-content\/uploads\/2016\/09\/Humberto-Cortes.jpg?resize=228%2C150&amp;ssl=1 228w, https:\/\/i0.wp.com\/eltrabajo.cl\/portal\/wp-content\/uploads\/2016\/09\/Humberto-Cortes.jpg?resize=400%2C263&amp;ssl=1 400w, https:\/\/i0.wp.com\/eltrabajo.cl\/portal\/wp-content\/uploads\/2016\/09\/Humberto-Cortes.jpg?w=530&amp;ssl=1 530w\" sizes=\"auto, (max-width: 300px) 100vw, 300px\" \/><\/a><figcaption id=\"caption-attachment-74182\" class=\"wp-caption-text\">Humberto Cort\u00e9s Verdejo, sanfelipe\u00f1o que pide ayuda humanitaria y una fuente de trabajo honrada.<\/figcaption><\/figure>\n<p>Un grito de auxilio es el que toda una familia est\u00e1 haciendo p\u00fablico, desde hace una semana en calle Abraham Ahumada, antes de llegar al puente de Hacienda Casas de Quilpu\u00e9, pues dos agricultores, don Humberto Cort\u00e9s Verdejo, su esposa Ver\u00f3nica Norambuena Riffo y sus dos hijas, Yamileth de 16 a\u00f1os y Estefan\u00eda de 11, est\u00e1n viviendo en la calle, s\u00f3lo protegidos por unos pocos cartones y mantas, luego que el pap\u00e1 perdiera su trabajo en un fundo.<\/p>\n<p><strong>PROFUNDO DRAMA<\/strong><br \/>\nDiario El Trabajo visit\u00f3 ayer temprano este hogar improvisado, son una familia sanfelipe\u00f1a que ha ca\u00eddo en desgracia y que s\u00f3lo est\u00e1n pidiendo trabajo en alg\u00fan fundo. As\u00ed habl\u00f3 don Humberto.<br \/>\n<strong>&#8211; \u00bfQu\u00e9 les ocurri\u00f3, c\u00f3mo llegaron a estas condiciones?<\/strong><br \/>\n&#8211; \u201cNosotros trabaj\u00e1bamos y viv\u00edamos con nuestras hijas, mi esposa y yo, porque ambos somos agricultores, en Fundo Los Gioia, en El Tambo, el tema es que un d\u00eda apareci\u00f3 un due\u00f1o de fundo de Los Andes, nos ofreci\u00f3 un contrato por cuatro a\u00f1os, el que s\u00f3lo fue de tres meses\u201d.<br \/>\n<strong>&#8211; \u00bfY c\u00f3mo les fue con este due\u00f1o de fundo?<\/strong><br \/>\n&#8211; \u201cBueno, al primer mes de trabajar este se\u00f1or nos pag\u00f3 el mes y nos ech\u00f3 de la casa, pues nos dijo que \u00e9l necesitaba a alguien que se encargara de todo el fundo, y que ya hab\u00eda contratado a ingenieros, que ocupaba la casa, as\u00ed que debimos salir de inmediato\u201d.<br \/>\n<strong>&#8211; \u00bfY sus hijas est\u00e1n estudiando a pesar de esta pobreza?<\/strong><br \/>\n&#8211; \u201cS\u00ed. Nuestras hijas est\u00e1n estudiando, la mayor estudia en el polit\u00e9cnico, y la ni\u00f1a chica en la Escuela Jos\u00e9 Manso de Velasco, aunque estamos pasando esta crisis a ellas no las sacaremos de sus escuelas, las dos son muy inteligentes\u201d.<br \/>\n<strong>&#8211; \u00bfC\u00f3mo hacen para alimentarse ustedes y sus ni\u00f1as?<\/strong><br \/>\n&#8211; \u201cEstamos comiendo lastimosamente, de lo que la gente nos est\u00e1 regalando, aqu\u00ed hervimos agua y preparamos fideos, caf\u00e9 y pan, no tenemos m\u00e1s que lo que aqu\u00ed hay, estamos pasando fr\u00edo, pero s\u00e9 que alguien nos tender\u00e1 una mano, no estamos pidiendo nada regalado, queremos y podemos trabajar, tambi\u00e9n una casita para no seguir en la calle, no tiene que ser gratis, con trabajo podremos pagar el arriendo\u201d.<br \/>\n<strong>&#8211; \u00bfHas solicitado ayuda a alguna instituci\u00f3n?<\/strong><br \/>\n&#8211; \u201cS\u00ed, pedimos ayuda a un pastor evang\u00e9lico aqu\u00ed mismo del sector, pero nada, se neg\u00f3 a brindarnos alguna ayuda\u201d.<\/p>\n<p><strong>URGENTE LLAMADO<\/strong><br \/>\nAyer en Diario El Trabajo publicamos la historia de el \u00cdcono de la Misericordia que la iglesia cat\u00f3lica est\u00e1 haciendo circular por las escuelas del valle, quiz\u00e1 esta sea la gran oportunidad para tener misericordia de una familia sanfelipe\u00f1a que la necesita, llamado que hacemos extensivo a todos nuestros lectores y autoridades de Aconcagua.<br \/>\nPor ser ellas menores de edad, omitimos en este reportaje fotograf\u00edas de las ni\u00f1as. Los sanfelipe\u00f1os somos solidarios, lo hemos demostrado cuando hay incendios en Valpara\u00edso y otras cat\u00e1strofes del pa\u00eds, \u00bfayudaremos en esta oportunidad a estas personas? Los interesados en ayudar a esta familia pueden llamar al 967789189.<br \/>\n<strong>Roberto Gonz\u00e1lez Short<\/strong><\/p>\n<figure id=\"attachment_74180\" aria-describedby=\"caption-attachment-74180\" style=\"width: 530px\" class=\"wp-caption alignleft\"><a href=\"http:\/\/www.eltrabajo.cl\/portal\/perdieron-su-trabajo-y-ahora-viven-con-sus-dos-hijas-con-cartones-en-la-calle\/cafe1\/\" rel=\"attachment wp-att-74180\"><img data-recalc-dims=\"1\" loading=\"lazy\" decoding=\"async\" class=\"size-full wp-image-74180\" src=\"https:\/\/i0.wp.com\/www.eltrabajo.cl\/portal\/wp-content\/uploads\/2016\/09\/Cafe1.jpg?resize=530%2C350\" alt=\"AYUDAR ES POSIBLE.- Ella, do\u00f1a Ver\u00f3nica Norambuena, preparaba ayer un cafecito a la intemperie.\" width=\"530\" height=\"350\" srcset=\"https:\/\/i0.wp.com\/eltrabajo.cl\/portal\/wp-content\/uploads\/2016\/09\/Cafe1.jpg?w=530&amp;ssl=1 530w, https:\/\/i0.wp.com\/eltrabajo.cl\/portal\/wp-content\/uploads\/2016\/09\/Cafe1.jpg?resize=200%2C132&amp;ssl=1 200w, https:\/\/i0.wp.com\/eltrabajo.cl\/portal\/wp-content\/uploads\/2016\/09\/Cafe1.jpg?resize=300%2C198&amp;ssl=1 300w, https:\/\/i0.wp.com\/eltrabajo.cl\/portal\/wp-content\/uploads\/2016\/09\/Cafe1.jpg?resize=227%2C150&amp;ssl=1 227w, https:\/\/i0.wp.com\/eltrabajo.cl\/portal\/wp-content\/uploads\/2016\/09\/Cafe1.jpg?resize=400%2C264&amp;ssl=1 400w\" sizes=\"auto, (max-width: 530px) 100vw, 530px\" \/><\/a><figcaption id=\"caption-attachment-74180\" class=\"wp-caption-text\">AYUDAR ES POSIBLE.- Ella, do\u00f1a Ver\u00f3nica Norambuena, preparaba ayer un cafecito a la intemperie.<\/figcaption><\/figure>\n<figure id=\"attachment_74181\" aria-describedby=\"caption-attachment-74181\" style=\"width: 530px\" class=\"wp-caption alignleft\"><a href=\"http:\/\/www.eltrabajo.cl\/portal\/perdieron-su-trabajo-y-ahora-viven-con-sus-dos-hijas-con-cartones-en-la-calle\/familia-en-la-calle\/\" rel=\"attachment wp-att-74181\"><img data-recalc-dims=\"1\" loading=\"lazy\" decoding=\"async\" class=\"size-full wp-image-74181\" src=\"https:\/\/i0.wp.com\/www.eltrabajo.cl\/portal\/wp-content\/uploads\/2016\/09\/familia-en-la-calle.jpg?resize=530%2C350\" alt=\"DRAMA FAMILIAR.- As\u00ed de indefensa est\u00e1 esta familia sanfelipe\u00f1a, durmiendo en la calle con sus hijas, aparentemente cuentan s\u00f3lo con la indiferencia de la comunidad.\" width=\"530\" height=\"350\" srcset=\"https:\/\/i0.wp.com\/eltrabajo.cl\/portal\/wp-content\/uploads\/2016\/09\/familia-en-la-calle.jpg?w=530&amp;ssl=1 530w, https:\/\/i0.wp.com\/eltrabajo.cl\/portal\/wp-content\/uploads\/2016\/09\/familia-en-la-calle.jpg?resize=200%2C132&amp;ssl=1 200w, https:\/\/i0.wp.com\/eltrabajo.cl\/portal\/wp-content\/uploads\/2016\/09\/familia-en-la-calle.jpg?resize=300%2C198&amp;ssl=1 300w, https:\/\/i0.wp.com\/eltrabajo.cl\/portal\/wp-content\/uploads\/2016\/09\/familia-en-la-calle.jpg?resize=227%2C150&amp;ssl=1 227w, https:\/\/i0.wp.com\/eltrabajo.cl\/portal\/wp-content\/uploads\/2016\/09\/familia-en-la-calle.jpg?resize=400%2C264&amp;ssl=1 400w\" sizes=\"auto, (max-width: 530px) 100vw, 530px\" \/><\/a><figcaption id=\"caption-attachment-74181\" class=\"wp-caption-text\">DRAMA FAMILIAR.- As\u00ed de indefensa est\u00e1 esta familia sanfelipe\u00f1a, durmiendo en la calle con sus hijas, aparentemente cuentan s\u00f3lo con la indiferencia de la comunidad.<\/figcaption><\/figure>\n<figure id=\"attachment_74183\" aria-describedby=\"caption-attachment-74183\" style=\"width: 530px\" class=\"wp-caption alignleft\"><a href=\"http:\/\/www.eltrabajo.cl\/portal\/perdieron-su-trabajo-y-ahora-viven-con-sus-dos-hijas-con-cartones-en-la-calle\/perritos33\/\" rel=\"attachment wp-att-74183\"><img data-recalc-dims=\"1\" loading=\"lazy\" decoding=\"async\" class=\"size-full wp-image-74183\" src=\"https:\/\/i0.wp.com\/www.eltrabajo.cl\/portal\/wp-content\/uploads\/2016\/09\/Perritos33.jpg?resize=530%2C350\" alt=\"SIEMPRE FIELES.- Estas son las mascotas de esta humilde familia, \u2018Toni\u2019 y \u2018Princesa\u2019, perritos que a\u00fan en esta pobreza no abandonan a sus amos.\" width=\"530\" height=\"350\" srcset=\"https:\/\/i0.wp.com\/eltrabajo.cl\/portal\/wp-content\/uploads\/2016\/09\/Perritos33.jpg?w=530&amp;ssl=1 530w, https:\/\/i0.wp.com\/eltrabajo.cl\/portal\/wp-content\/uploads\/2016\/09\/Perritos33.jpg?resize=200%2C132&amp;ssl=1 200w, https:\/\/i0.wp.com\/eltrabajo.cl\/portal\/wp-content\/uploads\/2016\/09\/Perritos33.jpg?resize=300%2C198&amp;ssl=1 300w, https:\/\/i0.wp.com\/eltrabajo.cl\/portal\/wp-content\/uploads\/2016\/09\/Perritos33.jpg?resize=227%2C150&amp;ssl=1 227w, https:\/\/i0.wp.com\/eltrabajo.cl\/portal\/wp-content\/uploads\/2016\/09\/Perritos33.jpg?resize=400%2C264&amp;ssl=1 400w\" sizes=\"auto, (max-width: 530px) 100vw, 530px\" \/><\/a><figcaption id=\"caption-attachment-74183\" class=\"wp-caption-text\">SIEMPRE FIELES.- Estas son las mascotas de esta humilde familia, \u2018Toni\u2019 y \u2018Princesa\u2019, perritos que a\u00fan en esta pobreza no abandonan a sus amos.<\/figcaption><\/figure>\n","protected":false},"excerpt":{"rendered":"<p>Profundo drama enfrenta una humilde familia sanfelipe\u00f1a:\u00a0S\u00f3lo piden trabajo y una vivienda para que sus ni\u00f1as no dejen de asistir a la escuela. Ofrecen trabajar en labores agr\u00edcolas en el valle. Un&#8230;<\/p>\n","protected":false},"author":1,"featured_media":74181,"comment_status":"open","ping_status":"open","sticky":false,"template":"","format":"standard","meta":{"advanced_seo_description":"","jetpack_seo_html_title":"","jetpack_seo_noindex":false,"_jetpack_memberships_contains_paid_content":false,"footnotes":""},"categories":[15],"tags":[],"class_list":["post-74179","post","type-post","status-publish","format-standard","has-post-thumbnail","hentry","category-comunidad"],"jetpack_featured_media_url":"https:\/\/i0.wp.com\/eltrabajo.cl\/portal\/wp-content\/uploads\/2016\/09\/familia-en-la-calle.jpg?fit=530%2C350&ssl=1","jetpack_sharing_enabled":true,"jetpack_likes_enabled":true,"jetpack-related-posts":[],"_links":{"self":[{"href":"https:\/\/eltrabajo.cl\/portal\/wp-json\/wp\/v2\/posts\/74179","targetHints":{"allow":["GET"]}}],"collection":[{"href":"https:\/\/eltrabajo.cl\/portal\/wp-json\/wp\/v2\/posts"}],"about":[{"href":"https:\/\/eltrabajo.cl\/portal\/wp-json\/wp\/v2\/types\/post"}],"author":[{"embeddable":true,"href":"https:\/\/eltrabajo.cl\/portal\/wp-json\/wp\/v2\/users\/1"}],"replies":[{"embeddable":true,"href":"https:\/\/eltrabajo.cl\/portal\/wp-json\/wp\/v2\/comments?post=74179"}],"version-history":[{"count":0,"href":"https:\/\/eltrabajo.cl\/portal\/wp-json\/wp\/v2\/posts\/74179\/revisions"}],"wp:featuredmedia":[{"embeddable":true,"href":"https:\/\/eltrabajo.cl\/portal\/wp-json\/wp\/v2\/media\/74181"}],"wp:attachment":[{"href":"https:\/\/eltrabajo.cl\/portal\/wp-json\/wp\/v2\/media?parent=74179"}],"wp:term":[{"taxonomy":"category","embeddable":true,"href":"https:\/\/eltrabajo.cl\/portal\/wp-json\/wp\/v2\/categories?post=74179"},{"taxonomy":"post_tag","embeddable":true,"href":"https:\/\/eltrabajo.cl\/portal\/wp-json\/wp\/v2\/tags?post=74179"}],"curies":[{"name":"wp","href":"https:\/\/api.w.org\/{rel}","templated":true}]}}