{"id":74190,"date":"2016-09-30T09:12:00","date_gmt":"2016-09-30T12:12:00","guid":{"rendered":"http:\/\/www.eltrabajo.cl\/portal\/?p=74190"},"modified":"2016-09-30T09:12:00","modified_gmt":"2016-09-30T12:12:00","slug":"la-carreta-esta-prestada-para-intervencion-cultural-pero-volvera-a-putaendo","status":"publish","type":"post","link":"https:\/\/eltrabajo.cl\/portal\/la-carreta-esta-prestada-para-intervencion-cultural-pero-volvera-a-putaendo\/","title":{"rendered":"La carreta est\u00e1 prestada  para intervenci\u00f3n cultural  pero volver\u00e1 a Putaendo"},"content":{"rendered":"<ul>\n<li><strong>Patricio Gonz\u00e1lez, administrador Municipal de San Felipe, sali\u00f3 al paso de algunos trascendidos respecto a la actual ubicaci\u00f3n de la primera carreta del Parque Escult\u00f3rico Cementerio de Carretas, que apareci\u00f3 ubicada en la Esquina Colorada de esa ciudad.<\/strong><\/li>\n<\/ul>\n<p>Para muchos putaendinos caus\u00f3 curiosidad ver la tradicional carreta met\u00e1lica, que durante muchos a\u00f1os estuvo en el Parque Escult\u00f3rico Cementerio de Carretas del Cerro El Llano, y que luego permaneci\u00f3 durante alg\u00fan tiempo en el Parque Municipal de Putaendo, en la tradicional Esquina Colorada de San Felipe. Incluso se habl\u00f3 de que este ic\u00f3nico s\u00edmbolo de la identidad campesina de la comuna quedar\u00eda de manera permanente en la capital de la provincia.<br \/>\nPara indagar respecto a este tema y precisar fehacientemente las razones por las cuales esta carreta fue ubicada en la Alameda Chacabuco de San Felipe, nuestro medio, convers\u00f3 con Patricio Gonz\u00e1lez, administrador Municipal de San Felipe, quien aclar\u00f3 que se gener\u00f3 un pr\u00e9stamo temporal entre el municipio y el Parque Escult\u00f3rico Cementerio de Carretas de Putaendo, con el objetivo de realizar una intervenci\u00f3n cultural, pero que finalmente la carreta regresar\u00e1 a Putaendo.<br \/>\n\u201cSin duda que esta carreta representa un aspecto importante de la comuna de Putaendo, pero como ciudad quisimos hacer esta intervenci\u00f3n cultural justamente para que la gente se preguntara qu\u00e9 hac\u00eda ah\u00ed esa carreta, de donde es y que representa. La idea era que los ni\u00f1os preguntaran y las personas se empaparan de esta parte de nuestra cultura. Como municipio creemos que en uno de los principales accesos a nuestro ciudad hace falta una escultura que represente la historia de San Felipe\u201d agreg\u00f3 Gonz\u00e1lez, quien reiter\u00f3 que una vez finalizada esta intervenci\u00f3n cultural y una vez que avancen los trabajos de remodelaci\u00f3n de la p\u00e9rgola y recuperaci\u00f3n de la pileta, la carreta volver\u00e1 a su lugar en el Parque Escult\u00f3rico Cementerio de Carretas de Putaendo.<br \/>\n<strong>Patricio Gallardo<\/strong><\/p>\n<figure id=\"attachment_74191\" aria-describedby=\"caption-attachment-74191\" style=\"width: 528px\" class=\"wp-caption alignleft\"><a href=\"http:\/\/www.eltrabajo.cl\/portal\/la-carreta-esta-prestada-para-intervencion-cultural-pero-volvera-a-putaendo\/carreta\/\" rel=\"attachment wp-att-74191\"><img data-recalc-dims=\"1\" loading=\"lazy\" decoding=\"async\" class=\"size-full wp-image-74191\" src=\"https:\/\/i0.wp.com\/www.eltrabajo.cl\/portal\/wp-content\/uploads\/2016\/09\/carreta.jpg?resize=528%2C350\" alt=\"La carreta met\u00e1lica, es un pr\u00e9stamo temporal entre el municipio y el Parque Escult\u00f3rico Cementerio de Carretas de Putaendo, con el objetivo de realizar una intervenci\u00f3n cultural, pero que finalmente la carreta regresar\u00e1 a Putaendo.\" width=\"528\" height=\"350\" srcset=\"https:\/\/i0.wp.com\/eltrabajo.cl\/portal\/wp-content\/uploads\/2016\/09\/carreta.jpg?w=528&amp;ssl=1 528w, https:\/\/i0.wp.com\/eltrabajo.cl\/portal\/wp-content\/uploads\/2016\/09\/carreta.jpg?resize=200%2C133&amp;ssl=1 200w, https:\/\/i0.wp.com\/eltrabajo.cl\/portal\/wp-content\/uploads\/2016\/09\/carreta.jpg?resize=300%2C199&amp;ssl=1 300w, https:\/\/i0.wp.com\/eltrabajo.cl\/portal\/wp-content\/uploads\/2016\/09\/carreta.jpg?resize=226%2C150&amp;ssl=1 226w, https:\/\/i0.wp.com\/eltrabajo.cl\/portal\/wp-content\/uploads\/2016\/09\/carreta.jpg?resize=400%2C265&amp;ssl=1 400w\" sizes=\"auto, (max-width: 528px) 100vw, 528px\" \/><\/a><figcaption id=\"caption-attachment-74191\" class=\"wp-caption-text\">La carreta met\u00e1lica, es un pr\u00e9stamo temporal entre el municipio y el Parque Escult\u00f3rico Cementerio de Carretas de Putaendo, con el objetivo de realizar una intervenci\u00f3n cultural, pero que finalmente la carreta regresar\u00e1 a Putaendo.<\/figcaption><\/figure>\n","protected":false},"excerpt":{"rendered":"<p>Patricio Gonz\u00e1lez, administrador Municipal de San Felipe, sali\u00f3 al paso de algunos trascendidos respecto a la actual ubicaci\u00f3n de la primera carreta del Parque Escult\u00f3rico Cementerio de Carretas, que apareci\u00f3 ubicada en&#8230;<\/p>\n","protected":false},"author":1,"featured_media":74191,"comment_status":"open","ping_status":"open","sticky":false,"template":"","format":"standard","meta":{"advanced_seo_description":"","jetpack_seo_html_title":"","jetpack_seo_noindex":false,"_jetpack_memberships_contains_paid_content":false,"footnotes":""},"categories":[1],"tags":[],"class_list":["post-74190","post","type-post","status-publish","format-standard","has-post-thumbnail","hentry","category-cronica"],"jetpack_featured_media_url":"https:\/\/i0.wp.com\/eltrabajo.cl\/portal\/wp-content\/uploads\/2016\/09\/carreta.jpg?fit=528%2C350&ssl=1","jetpack_sharing_enabled":true,"jetpack_likes_enabled":true,"jetpack-related-posts":[],"_links":{"self":[{"href":"https:\/\/eltrabajo.cl\/portal\/wp-json\/wp\/v2\/posts\/74190","targetHints":{"allow":["GET"]}}],"collection":[{"href":"https:\/\/eltrabajo.cl\/portal\/wp-json\/wp\/v2\/posts"}],"about":[{"href":"https:\/\/eltrabajo.cl\/portal\/wp-json\/wp\/v2\/types\/post"}],"author":[{"embeddable":true,"href":"https:\/\/eltrabajo.cl\/portal\/wp-json\/wp\/v2\/users\/1"}],"replies":[{"embeddable":true,"href":"https:\/\/eltrabajo.cl\/portal\/wp-json\/wp\/v2\/comments?post=74190"}],"version-history":[{"count":0,"href":"https:\/\/eltrabajo.cl\/portal\/wp-json\/wp\/v2\/posts\/74190\/revisions"}],"wp:featuredmedia":[{"embeddable":true,"href":"https:\/\/eltrabajo.cl\/portal\/wp-json\/wp\/v2\/media\/74191"}],"wp:attachment":[{"href":"https:\/\/eltrabajo.cl\/portal\/wp-json\/wp\/v2\/media?parent=74190"}],"wp:term":[{"taxonomy":"category","embeddable":true,"href":"https:\/\/eltrabajo.cl\/portal\/wp-json\/wp\/v2\/categories?post=74190"},{"taxonomy":"post_tag","embeddable":true,"href":"https:\/\/eltrabajo.cl\/portal\/wp-json\/wp\/v2\/tags?post=74190"}],"curies":[{"name":"wp","href":"https:\/\/api.w.org\/{rel}","templated":true}]}}