{"id":74198,"date":"2016-09-30T09:17:20","date_gmt":"2016-09-30T12:17:20","guid":{"rendered":"http:\/\/www.eltrabajo.cl\/portal\/?p=74198"},"modified":"2016-09-30T09:17:20","modified_gmt":"2016-09-30T12:17:20","slug":"modernisima-aula-movil-de-sna-educa-llegara-a-san-felipe-este-6-de-octubre","status":"publish","type":"post","link":"https:\/\/eltrabajo.cl\/portal\/modernisima-aula-movil-de-sna-educa-llegara-a-san-felipe-este-6-de-octubre\/","title":{"rendered":"Modern\u00edsima Aula M\u00f3vil de SNA Educa llegar\u00e1 a San Felipe este 6 de octubre"},"content":{"rendered":"<ul>\n<li><strong>Recorrer\u00e1 Chile para regresar y ser instalada en la Escuela Industrial:<\/strong><\/li>\n<\/ul>\n<p>La instauraci\u00f3n de un importante proyecto es la que tendr\u00e1 lugar el pr\u00f3ximo jueves 6 de octubre a las 12:00 horas, en la Plaza de Armas de San Felipe, cuando la Escuela Industrial Guillermo Richards Cuevas presentar\u00e1 a la comunidad el Aula m\u00f3vil que SNA Educa acaba de mandar a hacer, con la m\u00e1s moderna tecnolog\u00eda en procesos de automatizaci\u00f3n, la que fue creada gracias tambi\u00e9n al aporte de Fundaci\u00f3n Arturo Irarrazaval Correa.<br \/>\n\u00abQueremos invitar a todos los aconcag\u00fcinos a la inauguraci\u00f3n del Aula M\u00f3vil m\u00e1s moderna de Chile, fabricada en el pa\u00eds por Bertonati y Festo, a pedido de Corporaci\u00f3n Educacional SNA Educa, con el auspicio de Fundaci\u00f3n Irarr\u00e1zabal, y equipada con la \u00faltima tecnolog\u00eda en automatizaci\u00f3n y mecatr\u00f3nica. El aula es un cami\u00f3n de 12 metros de largo, que se extiende y queda de 4 mts. de ancho, para acoger grupos de 25 personas que podr\u00e1n aprender en la pr\u00e1ctica las materias mencionadas\u00bb, anunci\u00f3 Andr\u00e9s Vargas Munita, director de la Industrial.<br \/>\n\u00abLo que buscamos con este proyecto, es poder entregar a los estudiantes las mejores herramientas para su desarrollo como personas en el mundo actual. Debo explicar que el objetivo general de este proyecto, es mejorar de manera significativa el proceso de ense\u00f1anza-aprendizaje de tecnolog\u00edas b\u00e1sicas de la automatizaci\u00f3n industrial, liderado por profesionales calificados mediante instrumentos pedag\u00f3gicos eficaces, pertinentes, con equipamiento tecnol\u00f3gico de punta, en un formato de aula m\u00f3vil itinerante, dirigidos a estudiantes de SNA Educa y comunidades locales\u00bb, coment\u00f3 Vargas Munita.<\/p>\n<p><strong>TODOS GANAN<\/strong><br \/>\nEsta actividad, se gestiona en el marco de las celebraciones propias del 75\u00ba aniversario de esta importante casa de estudios industriales. Seg\u00fan explic\u00f3 Munita a nuestro medio, \u00ablos m\u00e1s importantes logros con la implementaci\u00f3n de esta aula m\u00f3vil en nuestra comuna tienen que ver con lo que el estudiante obtiene, mayor motivaci\u00f3n por el aprendizaje; acceso a recursos tecnol\u00f3gicos de punta presentes en la industria; un entrenamiento basados en est\u00e1ndares internacionales y la ampliaci\u00f3n de las posibilidades para el emprendimiento\u00bb, dijo el profesional.<br \/>\nTambi\u00e9n para los profesores, hay beneficios, \u00ablos profesores obtienen tambi\u00e9n un perfeccionamiento profesional continuo y significativo; el acceso a metodolog\u00edas y est\u00e1ndares que facilitan su trabajo; un logro de las competencias t\u00e9cnicas de sus estudiantes y trabajo colaborativo con otros profesores de la red, mientras que nuestra escuela obtiene el ser un importante referente en nuestra comunidad y el sector productivo; un valioso intercambio de habilidades y experiencias con la Industria; la optimizaci\u00f3n en la utilizaci\u00f3n de laboratorios; el acceso a recursos TIC\u2019s y tecnolog\u00edas de punta\u00bb, detall\u00f3 el director industrialino.<br \/>\nEntre las tecnolog\u00edas que trae esta aula m\u00f3vil, tenemos a Robotino, uno de los complementos de primer nivel para trabajar en rob\u00f3tica y otras \u00e1reas, este complemento fue creado por la empresa Festo. El objetivo inmediato de esta aula m\u00f3vil es tambi\u00e9n responder a la demanda de formaci\u00f3n en tecnolog\u00edas b\u00e1sicas de la automatizaci\u00f3n industrial aplicables a las especialidades de mec\u00e1nica automotriz, electricidad\/electr\u00f3nica, instalaciones sanitarias y mec\u00e1nica industrial de estudiantes de la red SNA Educa.<br \/>\n<strong>Roberto Gonz\u00e1lez Short<\/strong><\/p>\n<figure id=\"attachment_74199\" aria-describedby=\"caption-attachment-74199\" style=\"width: 530px\" class=\"wp-caption alignleft\"><a href=\"http:\/\/www.eltrabajo.cl\/portal\/modernisima-aula-movil-de-sna-educa-llegara-a-san-felipe-este-6-de-octubre\/aula28\/\" rel=\"attachment wp-att-74199\"><img data-recalc-dims=\"1\" loading=\"lazy\" decoding=\"async\" class=\"size-full wp-image-74199\" src=\"https:\/\/i0.wp.com\/www.eltrabajo.cl\/portal\/wp-content\/uploads\/2016\/09\/Aula28.jpg?resize=530%2C350\" alt=\"IMPRESIONANTE.- As\u00ed luce esta imponente aula m\u00f3vil de SNA Educa, gigante del aprendizaje que viajar\u00e1 a varias comunas y pronto estar\u00e1 instalada durante cuatro meses en nuestra Escuela Industrial de San Felipe.\" width=\"530\" height=\"350\" srcset=\"https:\/\/i0.wp.com\/eltrabajo.cl\/portal\/wp-content\/uploads\/2016\/09\/Aula28.jpg?w=530&amp;ssl=1 530w, https:\/\/i0.wp.com\/eltrabajo.cl\/portal\/wp-content\/uploads\/2016\/09\/Aula28.jpg?resize=200%2C132&amp;ssl=1 200w, https:\/\/i0.wp.com\/eltrabajo.cl\/portal\/wp-content\/uploads\/2016\/09\/Aula28.jpg?resize=300%2C198&amp;ssl=1 300w, https:\/\/i0.wp.com\/eltrabajo.cl\/portal\/wp-content\/uploads\/2016\/09\/Aula28.jpg?resize=227%2C150&amp;ssl=1 227w, https:\/\/i0.wp.com\/eltrabajo.cl\/portal\/wp-content\/uploads\/2016\/09\/Aula28.jpg?resize=400%2C264&amp;ssl=1 400w\" sizes=\"auto, (max-width: 530px) 100vw, 530px\" \/><\/a><figcaption id=\"caption-attachment-74199\" class=\"wp-caption-text\">IMPRESIONANTE.- As\u00ed luce esta imponente aula m\u00f3vil de SNA Educa, gigante del aprendizaje que viajar\u00e1 a varias comunas y pronto estar\u00e1 instalada durante cuatro meses en nuestra Escuela Industrial de San Felipe.<\/figcaption><\/figure>\n<figure id=\"attachment_74200\" aria-describedby=\"caption-attachment-74200\" style=\"width: 530px\" class=\"wp-caption alignleft\"><a href=\"http:\/\/www.eltrabajo.cl\/portal\/modernisima-aula-movil-de-sna-educa-llegara-a-san-felipe-este-6-de-octubre\/aula33\/\" rel=\"attachment wp-att-74200\"><img data-recalc-dims=\"1\" loading=\"lazy\" decoding=\"async\" class=\"size-full wp-image-74200\" src=\"https:\/\/i0.wp.com\/www.eltrabajo.cl\/portal\/wp-content\/uploads\/2016\/09\/Aula33.jpg?resize=530%2C350\" alt=\"M\u00d3VIL VIAJERA.- Esta unidad recorrer\u00e1 todo Chile, luego que sea presentada al pa\u00eds, regresar\u00e1 a San Felipe para ser usada por nuestros j\u00f3venes industrialitos.\" width=\"530\" height=\"350\" srcset=\"https:\/\/i0.wp.com\/eltrabajo.cl\/portal\/wp-content\/uploads\/2016\/09\/Aula33.jpg?w=530&amp;ssl=1 530w, https:\/\/i0.wp.com\/eltrabajo.cl\/portal\/wp-content\/uploads\/2016\/09\/Aula33.jpg?resize=200%2C132&amp;ssl=1 200w, https:\/\/i0.wp.com\/eltrabajo.cl\/portal\/wp-content\/uploads\/2016\/09\/Aula33.jpg?resize=300%2C198&amp;ssl=1 300w, https:\/\/i0.wp.com\/eltrabajo.cl\/portal\/wp-content\/uploads\/2016\/09\/Aula33.jpg?resize=227%2C150&amp;ssl=1 227w, https:\/\/i0.wp.com\/eltrabajo.cl\/portal\/wp-content\/uploads\/2016\/09\/Aula33.jpg?resize=400%2C264&amp;ssl=1 400w\" sizes=\"auto, (max-width: 530px) 100vw, 530px\" \/><\/a><figcaption id=\"caption-attachment-74200\" class=\"wp-caption-text\">M\u00d3VIL VIAJERA.- Esta unidad recorrer\u00e1 todo Chile, luego que sea presentada al pa\u00eds, regresar\u00e1 a San Felipe para ser usada por nuestros j\u00f3venes industrialitos.<\/figcaption><\/figure>\n<figure id=\"attachment_74201\" aria-describedby=\"caption-attachment-74201\" style=\"width: 530px\" class=\"wp-caption alignleft\"><a href=\"http:\/\/www.eltrabajo.cl\/portal\/modernisima-aula-movil-de-sna-educa-llegara-a-san-felipe-este-6-de-octubre\/robotino1\/\" rel=\"attachment wp-att-74201\"><img data-recalc-dims=\"1\" loading=\"lazy\" decoding=\"async\" class=\"size-full wp-image-74201\" src=\"https:\/\/i0.wp.com\/www.eltrabajo.cl\/portal\/wp-content\/uploads\/2016\/09\/Robotino1.jpg?resize=530%2C348\" alt=\"ROBOTINO.- Adem\u00e1s de drones para trabajar en este complejo sistema, este otro robot tambi\u00e9n ser\u00e1 aplicado al taller m\u00f3vil de SNA Educa.\" width=\"530\" height=\"348\" srcset=\"https:\/\/i0.wp.com\/eltrabajo.cl\/portal\/wp-content\/uploads\/2016\/09\/Robotino1.jpg?w=530&amp;ssl=1 530w, https:\/\/i0.wp.com\/eltrabajo.cl\/portal\/wp-content\/uploads\/2016\/09\/Robotino1.jpg?resize=200%2C131&amp;ssl=1 200w, https:\/\/i0.wp.com\/eltrabajo.cl\/portal\/wp-content\/uploads\/2016\/09\/Robotino1.jpg?resize=300%2C197&amp;ssl=1 300w, https:\/\/i0.wp.com\/eltrabajo.cl\/portal\/wp-content\/uploads\/2016\/09\/Robotino1.jpg?resize=228%2C150&amp;ssl=1 228w, https:\/\/i0.wp.com\/eltrabajo.cl\/portal\/wp-content\/uploads\/2016\/09\/Robotino1.jpg?resize=400%2C263&amp;ssl=1 400w\" sizes=\"auto, (max-width: 530px) 100vw, 530px\" \/><\/a><figcaption id=\"caption-attachment-74201\" class=\"wp-caption-text\">ROBOTINO.- Adem\u00e1s de drones para trabajar en este complejo sistema, este otro robot tambi\u00e9n ser\u00e1 aplicado al taller m\u00f3vil de SNA Educa.<\/figcaption><\/figure>\n","protected":false},"excerpt":{"rendered":"<p>Recorrer\u00e1 Chile para regresar y ser instalada en la Escuela Industrial: La instauraci\u00f3n de un importante proyecto es la que tendr\u00e1 lugar el pr\u00f3ximo jueves 6 de octubre a las 12:00 horas,&#8230;<\/p>\n","protected":false},"author":1,"featured_media":74199,"comment_status":"open","ping_status":"open","sticky":false,"template":"","format":"standard","meta":{"advanced_seo_description":"","jetpack_seo_html_title":"","jetpack_seo_noindex":false,"_jetpack_memberships_contains_paid_content":false,"footnotes":""},"categories":[15],"tags":[],"class_list":["post-74198","post","type-post","status-publish","format-standard","has-post-thumbnail","hentry","category-comunidad"],"jetpack_featured_media_url":"https:\/\/i0.wp.com\/eltrabajo.cl\/portal\/wp-content\/uploads\/2016\/09\/Aula28.jpg?fit=530%2C350&ssl=1","jetpack_sharing_enabled":true,"jetpack_likes_enabled":true,"jetpack-related-posts":[],"_links":{"self":[{"href":"https:\/\/eltrabajo.cl\/portal\/wp-json\/wp\/v2\/posts\/74198","targetHints":{"allow":["GET"]}}],"collection":[{"href":"https:\/\/eltrabajo.cl\/portal\/wp-json\/wp\/v2\/posts"}],"about":[{"href":"https:\/\/eltrabajo.cl\/portal\/wp-json\/wp\/v2\/types\/post"}],"author":[{"embeddable":true,"href":"https:\/\/eltrabajo.cl\/portal\/wp-json\/wp\/v2\/users\/1"}],"replies":[{"embeddable":true,"href":"https:\/\/eltrabajo.cl\/portal\/wp-json\/wp\/v2\/comments?post=74198"}],"version-history":[{"count":0,"href":"https:\/\/eltrabajo.cl\/portal\/wp-json\/wp\/v2\/posts\/74198\/revisions"}],"wp:featuredmedia":[{"embeddable":true,"href":"https:\/\/eltrabajo.cl\/portal\/wp-json\/wp\/v2\/media\/74199"}],"wp:attachment":[{"href":"https:\/\/eltrabajo.cl\/portal\/wp-json\/wp\/v2\/media?parent=74198"}],"wp:term":[{"taxonomy":"category","embeddable":true,"href":"https:\/\/eltrabajo.cl\/portal\/wp-json\/wp\/v2\/categories?post=74198"},{"taxonomy":"post_tag","embeddable":true,"href":"https:\/\/eltrabajo.cl\/portal\/wp-json\/wp\/v2\/tags?post=74198"}],"curies":[{"name":"wp","href":"https:\/\/api.w.org\/{rel}","templated":true}]}}