{"id":74204,"date":"2016-09-30T09:19:20","date_gmt":"2016-09-30T12:19:20","guid":{"rendered":"http:\/\/www.eltrabajo.cl\/portal\/?p=74204"},"modified":"2016-09-30T09:19:20","modified_gmt":"2016-09-30T12:19:20","slug":"rechazan-instalacion-de-planta-de-revision-tecnica-en-camino-encon","status":"publish","type":"post","link":"https:\/\/eltrabajo.cl\/portal\/rechazan-instalacion-de-planta-de-revision-tecnica-en-camino-encon\/","title":{"rendered":"Rechazan instalaci\u00f3n de planta de revisi\u00f3n t\u00e9cnica en camino Enc\u00f3n"},"content":{"rendered":"<p>En la sesi\u00f3n de concejo municipal del martes pasado, el concejal Basilio Muena, pidi\u00f3 al concejo en pleno, recibir a vecinos del sector Enc\u00f3n, quienes manifestaron en la sesi\u00f3n su preocupaci\u00f3n y rechazo por la eventual instalaci\u00f3n de una planta de revisi\u00f3n t\u00e9cnica.<br \/>\nLuego de escuchar lo manifestado por los vecinos, el concejal Basilio Muena en la misma ocasi\u00f3n, argumento su rechazo a un proyecto de esas caracter\u00edsticas \u00abtodos sabemos los problemas que presenta Av. Enc\u00f3n. En reiteradas ocasiones se ha solicitado a vialidad que mejore sustantivamente las condiciones de esa arteria y ahora mas encima se pretende desarrollar un proyecto de una planta de revisi\u00f3n t\u00e9cnica que sabemos que generara m\u00e1s de alguna incomodidad a los vecinos del sector y m\u00e1s de alg\u00fan inconveniente para los usuarios de dicha arteria vehicular\u00bb.<br \/>\nFinalmente a petici\u00f3n del concejal, se desarrollaran por parte del municipio todas las gestiones con los organismos de pertinentes, con objeto de analizar la situaci\u00f3n y buscar una soluci\u00f3n a todas las inquietudes expuestas por los vecinos en concejo municipal.<\/p>\n<figure id=\"attachment_74205\" aria-describedby=\"caption-attachment-74205\" style=\"width: 530px\" class=\"wp-caption alignleft\"><a href=\"http:\/\/www.eltrabajo.cl\/portal\/rechazan-instalacion-de-planta-de-revision-tecnica-en-camino-encon\/encon-3\/\" rel=\"attachment wp-att-74205\"><img data-recalc-dims=\"1\" loading=\"lazy\" decoding=\"async\" class=\"size-full wp-image-74205\" src=\"https:\/\/i0.wp.com\/www.eltrabajo.cl\/portal\/wp-content\/uploads\/2016\/09\/encon.jpg?resize=530%2C350\" alt=\"VISTA DE ENCON.- Vecinos del sector Enc\u00f3n, quienes manifestaron en la sesi\u00f3n su preocupaci\u00f3n y rechazo por la eventual instalaci\u00f3n de una planta de revisi\u00f3n t\u00e9cnica. (Foto referencial).\" width=\"530\" height=\"350\" srcset=\"https:\/\/i0.wp.com\/eltrabajo.cl\/portal\/wp-content\/uploads\/2016\/09\/encon.jpg?w=530&amp;ssl=1 530w, https:\/\/i0.wp.com\/eltrabajo.cl\/portal\/wp-content\/uploads\/2016\/09\/encon.jpg?resize=200%2C132&amp;ssl=1 200w, https:\/\/i0.wp.com\/eltrabajo.cl\/portal\/wp-content\/uploads\/2016\/09\/encon.jpg?resize=300%2C198&amp;ssl=1 300w, https:\/\/i0.wp.com\/eltrabajo.cl\/portal\/wp-content\/uploads\/2016\/09\/encon.jpg?resize=227%2C150&amp;ssl=1 227w, https:\/\/i0.wp.com\/eltrabajo.cl\/portal\/wp-content\/uploads\/2016\/09\/encon.jpg?resize=400%2C264&amp;ssl=1 400w\" sizes=\"auto, (max-width: 530px) 100vw, 530px\" \/><\/a><figcaption id=\"caption-attachment-74205\" class=\"wp-caption-text\">VISTA DE ENCON.- Vecinos del sector Enc\u00f3n, quienes manifestaron en la sesi\u00f3n su preocupaci\u00f3n y rechazo por la eventual instalaci\u00f3n de una planta de revisi\u00f3n t\u00e9cnica. (Foto referencial).<\/figcaption><\/figure>\n","protected":false},"excerpt":{"rendered":"<p>En la sesi\u00f3n de concejo municipal del martes pasado, el concejal Basilio Muena, pidi\u00f3 al concejo en pleno, recibir a vecinos del sector Enc\u00f3n, quienes manifestaron en la sesi\u00f3n su preocupaci\u00f3n y&#8230;<\/p>\n","protected":false},"author":1,"featured_media":74205,"comment_status":"open","ping_status":"open","sticky":false,"template":"","format":"standard","meta":{"advanced_seo_description":"","jetpack_seo_html_title":"","jetpack_seo_noindex":false,"_jetpack_memberships_contains_paid_content":false,"footnotes":""},"categories":[1],"tags":[],"class_list":["post-74204","post","type-post","status-publish","format-standard","has-post-thumbnail","hentry","category-cronica"],"jetpack_featured_media_url":"https:\/\/i0.wp.com\/eltrabajo.cl\/portal\/wp-content\/uploads\/2016\/09\/encon.jpg?fit=530%2C350&ssl=1","jetpack_sharing_enabled":true,"jetpack_likes_enabled":true,"jetpack-related-posts":[],"_links":{"self":[{"href":"https:\/\/eltrabajo.cl\/portal\/wp-json\/wp\/v2\/posts\/74204","targetHints":{"allow":["GET"]}}],"collection":[{"href":"https:\/\/eltrabajo.cl\/portal\/wp-json\/wp\/v2\/posts"}],"about":[{"href":"https:\/\/eltrabajo.cl\/portal\/wp-json\/wp\/v2\/types\/post"}],"author":[{"embeddable":true,"href":"https:\/\/eltrabajo.cl\/portal\/wp-json\/wp\/v2\/users\/1"}],"replies":[{"embeddable":true,"href":"https:\/\/eltrabajo.cl\/portal\/wp-json\/wp\/v2\/comments?post=74204"}],"version-history":[{"count":0,"href":"https:\/\/eltrabajo.cl\/portal\/wp-json\/wp\/v2\/posts\/74204\/revisions"}],"wp:featuredmedia":[{"embeddable":true,"href":"https:\/\/eltrabajo.cl\/portal\/wp-json\/wp\/v2\/media\/74205"}],"wp:attachment":[{"href":"https:\/\/eltrabajo.cl\/portal\/wp-json\/wp\/v2\/media?parent=74204"}],"wp:term":[{"taxonomy":"category","embeddable":true,"href":"https:\/\/eltrabajo.cl\/portal\/wp-json\/wp\/v2\/categories?post=74204"},{"taxonomy":"post_tag","embeddable":true,"href":"https:\/\/eltrabajo.cl\/portal\/wp-json\/wp\/v2\/tags?post=74204"}],"curies":[{"name":"wp","href":"https:\/\/api.w.org\/{rel}","templated":true}]}}