{"id":74208,"date":"2016-09-30T09:23:22","date_gmt":"2016-09-30T12:23:22","guid":{"rendered":"http:\/\/www.eltrabajo.cl\/portal\/?p=74208"},"modified":"2016-09-30T09:23:23","modified_gmt":"2016-09-30T12:23:23","slug":"un-90-de-los-municipales-se-plegaron-al-paro-de-los-servicios-publicos","status":"publish","type":"post","link":"https:\/\/eltrabajo.cl\/portal\/un-90-de-los-municipales-se-plegaron-al-paro-de-los-servicios-publicos\/","title":{"rendered":"Un 90% de los municipales se plegaron al paro de los servicios p\u00fablicos"},"content":{"rendered":"<ul>\n<li><strong><span style=\"color: #ff0000;\">Al considerar otros servicios se lleg\u00f3 solo al 55%:<\/span> De acuerdo a lo informado por el presidente de Asemuch San Felipe, Wladimir Tapia, la movilizaci\u00f3n busca que el Gobierno mejore la oferta realizada por el reajuste salarial 2017.<\/strong><\/li>\n<\/ul>\n<p>Una alta adhesi\u00f3n en apoyo al paro de los servicios p\u00fablicos desarrollado durante la jornada de ayer, lograron los trabajadores municipales, quienes junto a otros estamentos p\u00fablicos marcharon durante el medio d\u00eda por el centro de San Felipe, en busca de un reajuste salarial \u2018justo\u2019, para el a\u00f1o 2017.<\/p>\n<figure id=\"attachment_74209\" aria-describedby=\"caption-attachment-74209\" style=\"width: 300px\" class=\"wp-caption alignleft\"><a href=\"http:\/\/www.eltrabajo.cl\/portal\/un-90-de-los-municipales-se-plegaron-al-paro-de-los-servicios-publicos\/foto-1-vladimir-tapia\/\" rel=\"attachment wp-att-74209\"><img data-recalc-dims=\"1\" loading=\"lazy\" decoding=\"async\" class=\"size-medium wp-image-74209\" src=\"https:\/\/i0.wp.com\/www.eltrabajo.cl\/portal\/wp-content\/uploads\/2016\/09\/FOTO-1-Vladimir-Tapia-300x198.jpg?resize=300%2C198\" alt=\"Vladimir Tapia, presidente de Asemuch San Felipe.\" width=\"300\" height=\"198\" srcset=\"https:\/\/i0.wp.com\/eltrabajo.cl\/portal\/wp-content\/uploads\/2016\/09\/FOTO-1-Vladimir-Tapia.jpg?resize=300%2C198&amp;ssl=1 300w, https:\/\/i0.wp.com\/eltrabajo.cl\/portal\/wp-content\/uploads\/2016\/09\/FOTO-1-Vladimir-Tapia.jpg?resize=200%2C132&amp;ssl=1 200w, https:\/\/i0.wp.com\/eltrabajo.cl\/portal\/wp-content\/uploads\/2016\/09\/FOTO-1-Vladimir-Tapia.jpg?resize=228%2C150&amp;ssl=1 228w, https:\/\/i0.wp.com\/eltrabajo.cl\/portal\/wp-content\/uploads\/2016\/09\/FOTO-1-Vladimir-Tapia.jpg?resize=400%2C263&amp;ssl=1 400w, https:\/\/i0.wp.com\/eltrabajo.cl\/portal\/wp-content\/uploads\/2016\/09\/FOTO-1-Vladimir-Tapia.jpg?w=530&amp;ssl=1 530w\" sizes=\"auto, (max-width: 300px) 100vw, 300px\" \/><\/a><figcaption id=\"caption-attachment-74209\" class=\"wp-caption-text\">Vladimir Tapia, presidente de Asemuch San Felipe.<\/figcaption><\/figure>\n<p>Vladimir Tapia, director Nacional de Asemuch, Confederaci\u00f3n Nacional de Funcionarios Municipales de Chile y presidente del gremio en San Felipe, asegur\u00f3 estar muy conforme con la convocatoria, pues cerca de un 90% de los trabajadores municipales de la Provincia de San Felipe, acogieron el llamado a paralizaci\u00f3n.<br \/>\nDe acuerdo a lo manifestado por Tapia, la movilizaci\u00f3n surge a partir de las negociaciones efectuadas en torno al reajuste salarial 2017, discusi\u00f3n en la que el sector p\u00fablico propuso una cifra nominal de un 7.5%, en contra del ofrecimiento gubernamental que llega al 2.9%.<br \/>\nRespecto a la brecha existente entre ambas propuestas, el dirigente anunci\u00f3 que \u201cese es un guarismo insuficiente a las pretensiones del sector p\u00fablico, toda vez que el mismo Ministro de Econom\u00eda (Luis C\u00e9spedes) ha se\u00f1alado que la inflaci\u00f3n pronosticada para este a\u00f1o bordear\u00eda entre el 3 y 3.5 % y eso significa un detrimento en los salarios de los trabajadores y una p\u00e9rdida absoluta de su poder adquisitivo, y en ese sentido nos hemos puesto firmes en t\u00e9rminos de no aceptar esa cifra\u201d, declar\u00f3.<br \/>\nA partir de lo anterior, Tapia afirm\u00f3 que est\u00e1n a la espera de que el Gobierno recapacite y vuelva a convocar a los dirigentes para poner sobre la mesa una nueva propuesta, fijando como plazo fatal el mes de octubre luego que hoy se ingrese el proyecto de Presupuesto para la Naci\u00f3n del a\u00f1o 2017.<br \/>\n\u201cNosotros quedamos en estado de alerta, esperando que se retomen las negociaciones dentro de la pr\u00f3xima semana y en ese contexto, va a depender c\u00f3mo se vayan manejando las negociaciones, esperamos que la propuesta suba a niveles que nos permitan aceptarla y si el Gobierno insiste en su postura no descartamos seguir en movilizaciones\u201d, sentenci\u00f3 Tapia.<br \/>\nCifras oficiales entregadas en torno al resto de los Servicios P\u00fablicos adheridos al paro, distan de la cantidad de trabajadores que se sumaron desde el \u00e1mbito municipal. Seg\u00fan este dato, 96 empleados p\u00fablicos -de un total de 173-, paralizaron funciones en Serviu, Fonasa y Fosis, entidades en las que no se atendi\u00f3 p\u00fablico; mientras que IPS, Indap e ISL, recibieron p\u00fablico mediante la modalidad de los turnos \u00e9ticos.<br \/>\nEn la oficina Aconcagua de la Seremi de Salud s\u00f3lo atendi\u00f3 Compin, el Registro Civil apoy\u00f3 la movilizaci\u00f3n con pancartas y, finalmente, Junaeb, Sercotec, Junji, Inspecci\u00f3n del Trabajo, Sence, Vialidad y el Departamento de Fiscalizaci\u00f3n de la Seremi de Transportes, no se plegaron a la paralizaci\u00f3n, de tal modo que se consider\u00f3 cerca de un 55% de adhesi\u00f3n al paro.<\/p>\n<figure id=\"attachment_74210\" aria-describedby=\"caption-attachment-74210\" style=\"width: 530px\" class=\"wp-caption alignleft\"><a href=\"http:\/\/www.eltrabajo.cl\/portal\/un-90-de-los-municipales-se-plegaron-al-paro-de-los-servicios-publicos\/portada-paro-publicos\/\" rel=\"attachment wp-att-74210\"><img data-recalc-dims=\"1\" loading=\"lazy\" decoding=\"async\" class=\"size-full wp-image-74210\" src=\"https:\/\/i0.wp.com\/www.eltrabajo.cl\/portal\/wp-content\/uploads\/2016\/09\/portada-paro-publicos.jpg?resize=530%2C350\" alt=\"Servicios P\u00fablicos marcharon por Plaza de Armas de San Felipe, exigiendo un reajuste salarial digno para el a\u00f1o 2017.\" width=\"530\" height=\"350\" srcset=\"https:\/\/i0.wp.com\/eltrabajo.cl\/portal\/wp-content\/uploads\/2016\/09\/portada-paro-publicos.jpg?w=530&amp;ssl=1 530w, https:\/\/i0.wp.com\/eltrabajo.cl\/portal\/wp-content\/uploads\/2016\/09\/portada-paro-publicos.jpg?resize=200%2C132&amp;ssl=1 200w, https:\/\/i0.wp.com\/eltrabajo.cl\/portal\/wp-content\/uploads\/2016\/09\/portada-paro-publicos.jpg?resize=300%2C198&amp;ssl=1 300w, https:\/\/i0.wp.com\/eltrabajo.cl\/portal\/wp-content\/uploads\/2016\/09\/portada-paro-publicos.jpg?resize=227%2C150&amp;ssl=1 227w, https:\/\/i0.wp.com\/eltrabajo.cl\/portal\/wp-content\/uploads\/2016\/09\/portada-paro-publicos.jpg?resize=400%2C264&amp;ssl=1 400w\" sizes=\"auto, (max-width: 530px) 100vw, 530px\" \/><\/a><figcaption id=\"caption-attachment-74210\" class=\"wp-caption-text\">Servicios P\u00fablicos marcharon por Plaza de Armas de San Felipe, exigiendo un reajuste salarial digno para el a\u00f1o 2017.<\/figcaption><\/figure>\n","protected":false},"excerpt":{"rendered":"<p>Al considerar otros servicios se lleg\u00f3 solo al 55%: De acuerdo a lo informado por el presidente de Asemuch San Felipe, Wladimir Tapia, la movilizaci\u00f3n busca que el Gobierno mejore la oferta&#8230;<\/p>\n","protected":false},"author":1,"featured_media":74210,"comment_status":"open","ping_status":"open","sticky":false,"template":"","format":"standard","meta":{"advanced_seo_description":"","jetpack_seo_html_title":"","jetpack_seo_noindex":false,"_jetpack_memberships_contains_paid_content":false,"footnotes":""},"categories":[1],"tags":[],"class_list":["post-74208","post","type-post","status-publish","format-standard","has-post-thumbnail","hentry","category-cronica"],"jetpack_featured_media_url":"https:\/\/i0.wp.com\/eltrabajo.cl\/portal\/wp-content\/uploads\/2016\/09\/portada-paro-publicos.jpg?fit=530%2C350&ssl=1","jetpack_sharing_enabled":true,"jetpack_likes_enabled":true,"jetpack-related-posts":[],"_links":{"self":[{"href":"https:\/\/eltrabajo.cl\/portal\/wp-json\/wp\/v2\/posts\/74208","targetHints":{"allow":["GET"]}}],"collection":[{"href":"https:\/\/eltrabajo.cl\/portal\/wp-json\/wp\/v2\/posts"}],"about":[{"href":"https:\/\/eltrabajo.cl\/portal\/wp-json\/wp\/v2\/types\/post"}],"author":[{"embeddable":true,"href":"https:\/\/eltrabajo.cl\/portal\/wp-json\/wp\/v2\/users\/1"}],"replies":[{"embeddable":true,"href":"https:\/\/eltrabajo.cl\/portal\/wp-json\/wp\/v2\/comments?post=74208"}],"version-history":[{"count":0,"href":"https:\/\/eltrabajo.cl\/portal\/wp-json\/wp\/v2\/posts\/74208\/revisions"}],"wp:featuredmedia":[{"embeddable":true,"href":"https:\/\/eltrabajo.cl\/portal\/wp-json\/wp\/v2\/media\/74210"}],"wp:attachment":[{"href":"https:\/\/eltrabajo.cl\/portal\/wp-json\/wp\/v2\/media?parent=74208"}],"wp:term":[{"taxonomy":"category","embeddable":true,"href":"https:\/\/eltrabajo.cl\/portal\/wp-json\/wp\/v2\/categories?post=74208"},{"taxonomy":"post_tag","embeddable":true,"href":"https:\/\/eltrabajo.cl\/portal\/wp-json\/wp\/v2\/tags?post=74208"}],"curies":[{"name":"wp","href":"https:\/\/api.w.org\/{rel}","templated":true}]}}