{"id":74213,"date":"2016-09-30T09:25:58","date_gmt":"2016-09-30T12:25:58","guid":{"rendered":"http:\/\/www.eltrabajo.cl\/portal\/?p=74213"},"modified":"2016-09-30T09:25:58","modified_gmt":"2016-09-30T12:25:58","slug":"pareja-a-la-intemperie-se-niega-a-recibir-la-ayuda-que-dideco-les-ofrecio","status":"publish","type":"post","link":"https:\/\/eltrabajo.cl\/portal\/pareja-a-la-intemperie-se-niega-a-recibir-la-ayuda-que-dideco-les-ofrecio\/","title":{"rendered":"Pareja a la intemperie se niega a recibir la ayuda que Dideco les ofreci\u00f3"},"content":{"rendered":"<ul>\n<li><strong><span style=\"color: #ff0000;\">Municipio y abuela de ni\u00f1as revelan drama familiar a\u00fan m\u00e1s complejo:<\/span>\u00a0La historia de la familia pernoctando en la calle tiene otros ribetes que la autoridad municipal y la familia de la joven madre se encargaron de aclarar.<\/strong><\/li>\n<\/ul>\n<p>Ayer publicamos en Diario El Trabajo la historia de una pareja que permanece hasta el d\u00eda de hoy pernoctando en calle Abraham Ahumada, antes de llegar al puente de Hacienda Casas de Quilpu\u00e9, historia que si bien es cierto ha conmovido a nuestros lectores, tambi\u00e9n ha desatado un c\u00famulo de reacciones en el deteriorado c\u00edrculo familiar de los protagonistas y tambi\u00e9n en el sector municipal, entidad que desminti\u00f3 las declaraciones del ayer entrevistado Humberto Cort\u00e9s Verdejo.<\/p>\n<p><strong>DESMIENTEN HISTORIA<\/strong><\/p>\n<figure id=\"attachment_74215\" aria-describedby=\"caption-attachment-74215\" style=\"width: 300px\" class=\"wp-caption alignleft\"><a href=\"http:\/\/www.eltrabajo.cl\/portal\/pareja-a-la-intemperie-se-niega-a-recibir-la-ayuda-que-dideco-les-ofrecio\/maria-riffo\/\" rel=\"attachment wp-att-74215\"><img data-recalc-dims=\"1\" loading=\"lazy\" decoding=\"async\" class=\"size-medium wp-image-74215\" src=\"https:\/\/i0.wp.com\/www.eltrabajo.cl\/portal\/wp-content\/uploads\/2016\/09\/Maria-Riffo-300x197.jpg?resize=300%2C197\" alt=\"Do\u00f1a Mar\u00eda Riffo, abuela de las ni\u00f1as, aport\u00f3 nuevos antecedentes al caso de su hija y su pareja.\" width=\"300\" height=\"197\" srcset=\"https:\/\/i0.wp.com\/eltrabajo.cl\/portal\/wp-content\/uploads\/2016\/09\/Maria-Riffo.jpg?resize=300%2C197&amp;ssl=1 300w, https:\/\/i0.wp.com\/eltrabajo.cl\/portal\/wp-content\/uploads\/2016\/09\/Maria-Riffo.jpg?resize=200%2C131&amp;ssl=1 200w, https:\/\/i0.wp.com\/eltrabajo.cl\/portal\/wp-content\/uploads\/2016\/09\/Maria-Riffo.jpg?resize=228%2C150&amp;ssl=1 228w, https:\/\/i0.wp.com\/eltrabajo.cl\/portal\/wp-content\/uploads\/2016\/09\/Maria-Riffo.jpg?resize=400%2C263&amp;ssl=1 400w, https:\/\/i0.wp.com\/eltrabajo.cl\/portal\/wp-content\/uploads\/2016\/09\/Maria-Riffo.jpg?w=530&amp;ssl=1 530w\" sizes=\"auto, (max-width: 300px) 100vw, 300px\" \/><\/a><figcaption id=\"caption-attachment-74215\" class=\"wp-caption-text\">Do\u00f1a Mar\u00eda Riffo, abuela de las ni\u00f1as, aport\u00f3 nuevos antecedentes al caso de su hija y su pareja.<\/figcaption><\/figure>\n<p>Fue primeramente la madre de Ver\u00f3nica Norambuena Riffo (supuesta esposa de Humberto), do\u00f1a Mar\u00eda Riffo, abuela de las ni\u00f1as involucradas en esta historia.<br \/>\n<strong>&#8211; \u00bfPor qu\u00e9 dice usted que Humberto y Ver\u00f3nica han mentido a la prensa?<\/strong><br \/>\n&#8211; \u201cPorque esas ni\u00f1as est\u00e1n bajo mi tutela legal otorgada por el Juzgado de Familia desde 2014. Las ni\u00f1as no viven con mi hija, ellas viven conmigo. Yo las mando al colegio, no como Ver\u00f3nica dijo, que ella las ten\u00eda estudiando, yo soy quien les pago la matr\u00edcula\u201d.<br \/>\n<strong>&#8211; \u00bfQu\u00e9 es lo que busca su hija y su pareja entonces?<\/strong><br \/>\n&#8211; \u201cElla, Ver\u00f3nica, quiere que yo la admita de nuevo en mi casa, ella est\u00e1 &#8216;engrupiendo&#8217; a la gente con estas mentiras\u201d.<br \/>\n<strong>&#8211; \u00bfY Humberto no es entonces el pap\u00e1 de las ni\u00f1as como \u00e9l asegur\u00f3?<\/strong><br \/>\n&#8211; \u201cEse hombre (Humberto) no es nada de las ni\u00f1as, s\u00f3lo es la pareja de mi hija, ambos han vivido en varias partes. (&#8230;) Yo la ech\u00e9 de mi casa porque me golpeaba y me humillaba todo el tiempo. Mi caso est\u00e1 documentado, mucha gente sabe esta historia, las cosas no son como ellos lo mencionan en Diario El Trabajo\u201d.<\/p>\n<p><strong>DESPRECIAN AYUDA<\/strong><br \/>\nNuestro medio tambi\u00e9n atendi\u00f3 las declaraciones del Dideco Pablo Silva, quien explic\u00f3 c\u00f3mo el municipio ha intentado de varias formas ayudar a esta pareja, la que aparentemente sufre de alguna adicci\u00f3n al alcohol y otras sustancias.<br \/>\n\u00abNosotros (el municipio) venimos trabajando este caso desde el mismo jueves pasado cuando estas personas se instalaron frente a la casa de do\u00f1a Mar\u00eda, para presionar a la se\u00f1ora a que les entregue a las ni\u00f1as, pues la tutela la tiene ella y no les abrir\u00e1 la puerta. Activamos operativos del Estado y Municipal como Quiero mi barrio Villa Argelia La Escuadra; Albergue Municipal y Asistencia Social, ninguno de ellos pudo ser de utilidad. (&#8230;) Adem\u00e1s entendiendo que este proceso est\u00e1 ya judicializado, por lo que no podemos dar m\u00e1s detalles, pero s\u00ed queremos aclarar a la comunidad que este caso es muy complicado\u00bb, asegur\u00f3 Silva a Diario El Trabajo.<br \/>\n<strong>&#8211; \u00bfEl municipio intent\u00f3 proponer alguna soluci\u00f3n a esta pareja?<\/strong><br \/>\n&#8211; \u201cExacto. Ellos no han aceptado ninguna de nuestras intervenciones, dado que ellos han montado un show como forma de presi\u00f3n para recuperar las ni\u00f1as, pero do\u00f1a Mar\u00eda no los dejar\u00e1 entrar\u201d.<br \/>\nFinalmente nuestro medio volvi\u00f3 a retomar los dichos de don Humberto Cort\u00e9s, quien s\u00ed reconoci\u00f3 haber sido abordado por el Dideco Pablo Silva y su equipo, pero que \u00abno aceptamos irnos a vivir a ning\u00fan albergue, pues ah\u00ed llega gente de toda clase\u2026\u00bb.<br \/>\n<strong>Roberto Gonz\u00e1lez Short<\/strong><\/p>\n<figure id=\"attachment_74214\" aria-describedby=\"caption-attachment-74214\" style=\"width: 530px\" class=\"wp-caption alignleft\"><a href=\"http:\/\/www.eltrabajo.cl\/portal\/pareja-a-la-intemperie-se-niega-a-recibir-la-ayuda-que-dideco-les-ofrecio\/entrevista33\/\" rel=\"attachment wp-att-74214\"><img data-recalc-dims=\"1\" loading=\"lazy\" decoding=\"async\" class=\"size-full wp-image-74214\" src=\"https:\/\/i0.wp.com\/www.eltrabajo.cl\/portal\/wp-content\/uploads\/2016\/09\/Entrevista33.jpg?resize=530%2C349\" alt=\"DESMIENTEN HISTORIA.- Diario El Trabajo habl\u00f3 con la abuela de las ni\u00f1as y con el Dideco Pablo Silva, quienes explicaron c\u00f3mo esta pareja se ha negado a recibir ayuda habitacional.\" width=\"530\" height=\"349\" srcset=\"https:\/\/i0.wp.com\/eltrabajo.cl\/portal\/wp-content\/uploads\/2016\/09\/Entrevista33.jpg?w=530&amp;ssl=1 530w, https:\/\/i0.wp.com\/eltrabajo.cl\/portal\/wp-content\/uploads\/2016\/09\/Entrevista33.jpg?resize=200%2C132&amp;ssl=1 200w, https:\/\/i0.wp.com\/eltrabajo.cl\/portal\/wp-content\/uploads\/2016\/09\/Entrevista33.jpg?resize=300%2C198&amp;ssl=1 300w, https:\/\/i0.wp.com\/eltrabajo.cl\/portal\/wp-content\/uploads\/2016\/09\/Entrevista33.jpg?resize=228%2C150&amp;ssl=1 228w, https:\/\/i0.wp.com\/eltrabajo.cl\/portal\/wp-content\/uploads\/2016\/09\/Entrevista33.jpg?resize=400%2C263&amp;ssl=1 400w\" sizes=\"auto, (max-width: 530px) 100vw, 530px\" \/><\/a><figcaption id=\"caption-attachment-74214\" class=\"wp-caption-text\">DESMIENTEN HISTORIA.- Diario El Trabajo habl\u00f3 con la abuela de las ni\u00f1as y con el Dideco Pablo Silva, quienes explicaron c\u00f3mo esta pareja se ha negado a recibir ayuda habitacional.<\/figcaption><\/figure>\n<figure id=\"attachment_74216\" aria-describedby=\"caption-attachment-74216\" style=\"width: 530px\" class=\"wp-caption alignleft\"><a href=\"http:\/\/www.eltrabajo.cl\/portal\/pareja-a-la-intemperie-se-niega-a-recibir-la-ayuda-que-dideco-les-ofrecio\/pareja28\/\" rel=\"attachment wp-att-74216\"><img data-recalc-dims=\"1\" loading=\"lazy\" decoding=\"async\" class=\"size-full wp-image-74216\" src=\"https:\/\/i0.wp.com\/www.eltrabajo.cl\/portal\/wp-content\/uploads\/2016\/09\/Pareja28.jpg?resize=530%2C349\" alt=\"SIGUEN AH\u00cd.- Ellos son Humberto Cort\u00e9s y su pareja Ver\u00f3nica Norambuena, quienes a\u00fan ayer en la tarde permanec\u00edan pernoctando frente a la casa de su madre.\" width=\"530\" height=\"349\" srcset=\"https:\/\/i0.wp.com\/eltrabajo.cl\/portal\/wp-content\/uploads\/2016\/09\/Pareja28.jpg?w=530&amp;ssl=1 530w, https:\/\/i0.wp.com\/eltrabajo.cl\/portal\/wp-content\/uploads\/2016\/09\/Pareja28.jpg?resize=200%2C132&amp;ssl=1 200w, https:\/\/i0.wp.com\/eltrabajo.cl\/portal\/wp-content\/uploads\/2016\/09\/Pareja28.jpg?resize=300%2C198&amp;ssl=1 300w, https:\/\/i0.wp.com\/eltrabajo.cl\/portal\/wp-content\/uploads\/2016\/09\/Pareja28.jpg?resize=228%2C150&amp;ssl=1 228w, https:\/\/i0.wp.com\/eltrabajo.cl\/portal\/wp-content\/uploads\/2016\/09\/Pareja28.jpg?resize=400%2C263&amp;ssl=1 400w\" sizes=\"auto, (max-width: 530px) 100vw, 530px\" \/><\/a><figcaption id=\"caption-attachment-74216\" class=\"wp-caption-text\">SIGUEN AH\u00cd.- Ellos son Humberto Cort\u00e9s y su pareja Ver\u00f3nica Norambuena, quienes a\u00fan ayer en la tarde permanec\u00edan pernoctando frente a la casa de su madre.<\/figcaption><\/figure>\n","protected":false},"excerpt":{"rendered":"<p>Municipio y abuela de ni\u00f1as revelan drama familiar a\u00fan m\u00e1s complejo:\u00a0La historia de la familia pernoctando en la calle tiene otros ribetes que la autoridad municipal y la familia de la joven&#8230;<\/p>\n","protected":false},"author":1,"featured_media":74214,"comment_status":"open","ping_status":"open","sticky":false,"template":"","format":"standard","meta":{"advanced_seo_description":"","jetpack_seo_html_title":"","jetpack_seo_noindex":false,"_jetpack_memberships_contains_paid_content":false,"footnotes":""},"categories":[15],"tags":[],"class_list":["post-74213","post","type-post","status-publish","format-standard","has-post-thumbnail","hentry","category-comunidad"],"jetpack_featured_media_url":"https:\/\/i0.wp.com\/eltrabajo.cl\/portal\/wp-content\/uploads\/2016\/09\/Entrevista33.jpg?fit=530%2C349&ssl=1","jetpack_sharing_enabled":true,"jetpack_likes_enabled":true,"jetpack-related-posts":[],"_links":{"self":[{"href":"https:\/\/eltrabajo.cl\/portal\/wp-json\/wp\/v2\/posts\/74213","targetHints":{"allow":["GET"]}}],"collection":[{"href":"https:\/\/eltrabajo.cl\/portal\/wp-json\/wp\/v2\/posts"}],"about":[{"href":"https:\/\/eltrabajo.cl\/portal\/wp-json\/wp\/v2\/types\/post"}],"author":[{"embeddable":true,"href":"https:\/\/eltrabajo.cl\/portal\/wp-json\/wp\/v2\/users\/1"}],"replies":[{"embeddable":true,"href":"https:\/\/eltrabajo.cl\/portal\/wp-json\/wp\/v2\/comments?post=74213"}],"version-history":[{"count":0,"href":"https:\/\/eltrabajo.cl\/portal\/wp-json\/wp\/v2\/posts\/74213\/revisions"}],"wp:featuredmedia":[{"embeddable":true,"href":"https:\/\/eltrabajo.cl\/portal\/wp-json\/wp\/v2\/media\/74214"}],"wp:attachment":[{"href":"https:\/\/eltrabajo.cl\/portal\/wp-json\/wp\/v2\/media?parent=74213"}],"wp:term":[{"taxonomy":"category","embeddable":true,"href":"https:\/\/eltrabajo.cl\/portal\/wp-json\/wp\/v2\/categories?post=74213"},{"taxonomy":"post_tag","embeddable":true,"href":"https:\/\/eltrabajo.cl\/portal\/wp-json\/wp\/v2\/tags?post=74213"}],"curies":[{"name":"wp","href":"https:\/\/api.w.org\/{rel}","templated":true}]}}