{"id":74220,"date":"2016-10-03T08:46:52","date_gmt":"2016-10-03T11:46:52","guid":{"rendered":"http:\/\/www.eltrabajo.cl\/portal\/?p=74220"},"modified":"2016-10-03T08:46:53","modified_gmt":"2016-10-03T11:46:53","slug":"resistencia-jahuel-se-reune-en-jahuelito-por-problema-con-mineras","status":"publish","type":"post","link":"https:\/\/eltrabajo.cl\/portal\/resistencia-jahuel-se-reune-en-jahuelito-por-problema-con-mineras\/","title":{"rendered":"&#8216;Resistencia Jahuel&#8217; se re\u00fane en Jahuelito por problema con mineras"},"content":{"rendered":"<p>Una importante reuni\u00f3n se llev\u00f3 a cabo el d\u00eda s\u00e1bado en la sede de la junta de vecinos de Jahuelito, por el movimiento llamado \u2018Resistencia Valle Jahuel\u2019. En dicha reuni\u00f3n y con la participaci\u00f3n de destacados l\u00edderes de la comunidad, se resalt\u00f3 que el mayor problema que se teme con la actividad minera, es la destrucci\u00f3n de las fuentes de agua, especialmente con la Mina Aguas Claras, cuyo nombre indica su proximidad a menos de 100 metros de los acopios de Agua Potable y regad\u00edo de todo el Valle de Jahuel.<br \/>\nPara la Elisa Ibaceta, prontamente soci\u00f3loga y una de las voceras de la agrupaci\u00f3n; la situaci\u00f3n est\u00e1 m\u00e1s que candente e inaguantable y apela a que las autoridades usen el buen sentido y pongan fin a esta disputa, que ya entera 11 a\u00f1os de lucha. La causa ya exist\u00eda, solo que ahora la nombraron, \u2018Resistencia Valle Jahuel\u2019, y pretenden crear conciencia, oponerse a las mineras, impedirles el paso para que sobreexploten la tierra. El motivo es preservar, generar un legado, crear conciencia ambiental y cultural de lo que ya se posee y ocupar el capital humano y natural que ya tienen y por sobre todo, no alimentar fuerzas externas econ\u00f3micas y autogenerar desde el desarrollo local, las actividades que hist\u00f3ricamente se han llevado a cabo.<br \/>\nCabe destacar, que la gente reunida sac\u00f3 en conclusi\u00f3n, que si de alguna manera se llega a contaminar aguas o perder vertientes y napas, la \u00fanica alternativa del gobierno ser\u00eda indemnizarlos y cambiarlos a una poblaci\u00f3n, donde el vital elemento tenga disponibilidad y en la pr\u00e1ctica, nadie estar\u00eda de acuerdo con jugar a los dados con su futuro, ya que las mineras afirman que nada de eso suceder\u00e1, pero no lo garantizan, al igual como cuando promet\u00edan que sus desechos en ladera de cerro no provocar\u00edan un aluvi\u00f3n, siendo que al contrario, provoc\u00f3 uno tan grande que fueron sobre los 10 millones de pesos en p\u00e9rdida para regantes y comit\u00e9s de agua potable, hechos que est\u00e1n registrados en un video subido a Youtube con t\u00edtulo, \u2018Aluvi\u00f3n en Jahuel\u2019.<br \/>\n<strong>Roberto Mercado Aced<\/strong><\/p>\n<figure id=\"attachment_74221\" aria-describedby=\"caption-attachment-74221\" style=\"width: 530px\" class=\"wp-caption alignleft\"><a href=\"http:\/\/www.eltrabajo.cl\/portal\/resistencia-jahuel-se-reune-en-jahuelito-por-problema-con-mineras\/elisa-ibaceta\/\" rel=\"attachment wp-att-74221\"><img data-recalc-dims=\"1\" loading=\"lazy\" decoding=\"async\" class=\"size-full wp-image-74221\" src=\"https:\/\/i0.wp.com\/www.eltrabajo.cl\/portal\/wp-content\/uploads\/2016\/10\/Elisa-ibaceta.jpg?resize=530%2C350\" alt=\"Elisa Ibaceta, prontamente soci\u00f3loga y una de las voceras de la agrupaci\u00f3n 'Resistencia Valle Jahuel'.\" width=\"530\" height=\"350\" srcset=\"https:\/\/i0.wp.com\/eltrabajo.cl\/portal\/wp-content\/uploads\/2016\/10\/Elisa-ibaceta.jpg?w=530&amp;ssl=1 530w, https:\/\/i0.wp.com\/eltrabajo.cl\/portal\/wp-content\/uploads\/2016\/10\/Elisa-ibaceta.jpg?resize=200%2C132&amp;ssl=1 200w, https:\/\/i0.wp.com\/eltrabajo.cl\/portal\/wp-content\/uploads\/2016\/10\/Elisa-ibaceta.jpg?resize=300%2C198&amp;ssl=1 300w, https:\/\/i0.wp.com\/eltrabajo.cl\/portal\/wp-content\/uploads\/2016\/10\/Elisa-ibaceta.jpg?resize=227%2C150&amp;ssl=1 227w, https:\/\/i0.wp.com\/eltrabajo.cl\/portal\/wp-content\/uploads\/2016\/10\/Elisa-ibaceta.jpg?resize=400%2C264&amp;ssl=1 400w\" sizes=\"auto, (max-width: 530px) 100vw, 530px\" \/><\/a><figcaption id=\"caption-attachment-74221\" class=\"wp-caption-text\">Elisa Ibaceta, prontamente soci\u00f3loga y una de las voceras de la agrupaci\u00f3n &#8216;Resistencia Valle Jahuel&#8217;.<\/figcaption><\/figure>\n","protected":false},"excerpt":{"rendered":"<p>Una importante reuni\u00f3n se llev\u00f3 a cabo el d\u00eda s\u00e1bado en la sede de la junta de vecinos de Jahuelito, por el movimiento llamado \u2018Resistencia Valle Jahuel\u2019. En dicha reuni\u00f3n y con&#8230;<\/p>\n","protected":false},"author":1,"featured_media":74221,"comment_status":"open","ping_status":"open","sticky":false,"template":"","format":"standard","meta":{"advanced_seo_description":"","jetpack_seo_html_title":"","jetpack_seo_noindex":false,"_jetpack_memberships_contains_paid_content":false,"footnotes":""},"categories":[15],"tags":[],"class_list":["post-74220","post","type-post","status-publish","format-standard","has-post-thumbnail","hentry","category-comunidad"],"jetpack_featured_media_url":"https:\/\/i0.wp.com\/eltrabajo.cl\/portal\/wp-content\/uploads\/2016\/10\/Elisa-ibaceta.jpg?fit=530%2C350&ssl=1","jetpack_sharing_enabled":true,"jetpack_likes_enabled":true,"jetpack-related-posts":[],"_links":{"self":[{"href":"https:\/\/eltrabajo.cl\/portal\/wp-json\/wp\/v2\/posts\/74220","targetHints":{"allow":["GET"]}}],"collection":[{"href":"https:\/\/eltrabajo.cl\/portal\/wp-json\/wp\/v2\/posts"}],"about":[{"href":"https:\/\/eltrabajo.cl\/portal\/wp-json\/wp\/v2\/types\/post"}],"author":[{"embeddable":true,"href":"https:\/\/eltrabajo.cl\/portal\/wp-json\/wp\/v2\/users\/1"}],"replies":[{"embeddable":true,"href":"https:\/\/eltrabajo.cl\/portal\/wp-json\/wp\/v2\/comments?post=74220"}],"version-history":[{"count":0,"href":"https:\/\/eltrabajo.cl\/portal\/wp-json\/wp\/v2\/posts\/74220\/revisions"}],"wp:featuredmedia":[{"embeddable":true,"href":"https:\/\/eltrabajo.cl\/portal\/wp-json\/wp\/v2\/media\/74221"}],"wp:attachment":[{"href":"https:\/\/eltrabajo.cl\/portal\/wp-json\/wp\/v2\/media?parent=74220"}],"wp:term":[{"taxonomy":"category","embeddable":true,"href":"https:\/\/eltrabajo.cl\/portal\/wp-json\/wp\/v2\/categories?post=74220"},{"taxonomy":"post_tag","embeddable":true,"href":"https:\/\/eltrabajo.cl\/portal\/wp-json\/wp\/v2\/tags?post=74220"}],"curies":[{"name":"wp","href":"https:\/\/api.w.org\/{rel}","templated":true}]}}