{"id":74228,"date":"2016-10-03T08:51:15","date_gmt":"2016-10-03T11:51:15","guid":{"rendered":"http:\/\/www.eltrabajo.cl\/portal\/?p=74228"},"modified":"2016-10-03T08:51:15","modified_gmt":"2016-10-03T11:51:15","slug":"celebran-centesimo-quinto-aniversario-de-la-2a-cia-bomberos-de-llay-llay","status":"publish","type":"post","link":"https:\/\/eltrabajo.cl\/portal\/celebran-centesimo-quinto-aniversario-de-la-2a-cia-bomberos-de-llay-llay\/","title":{"rendered":"Celebran Cent\u00e9simo Quinto aniversario de la 2\u00aa C\u00eda. Bomberos de Llay Llay"},"content":{"rendered":"<p><strong>LLAY LLAY.-<\/strong> La Segunda Compa\u00f1\u00eda \u2018Sargento Aldea\u2019 del Cuerpo de Bomberos de de Llay Llay cumpli\u00f3 105 a\u00f1os, una celebraci\u00f3n que encuentra a la instituci\u00f3n con un moderno edificio, un carro bomba americano de \u00faltima generaci\u00f3n y un equipo humano motivado y con ganas de seguir creciendo y sirviendo a la comunidad.<br \/>\nLa ceremonia central, se realiz\u00f3 con la presencia de autoridades regionales, locales y del Cuerpo de Bomberos. Compartieron con voluntarios la importante ocasi\u00f3n, el alcalde Mario Marillanca, el alcalde protocolar Miguel Cisterna; los concejales: Margarita Puebla, Edgardo Gonz\u00e1lez, Patricio Dur\u00e1n, M\u00e9sala Gonz\u00e1lez, y Hugo Mu\u00f1oz, los consejeros regionales, Sandra Miranda, Rolando Stevenson y Mario Sottolichio; el superintendente del Cuerpo de Bomberos, Hern\u00e1n Montenegro; el secretario general, Francisco Salazar; el cura p\u00e1rroco, Gustavo Adolfo Morales, y representantes de la Subcomisar\u00eda de Carabineros de Llay Llay.<br \/>\nLa ocasi\u00f3n fue protocolar, pero tambi\u00e9n emotiva, donde el director Nelson Palma dedic\u00f3 palabras de agradecimiento a las autoridades presentes, quienes fueron reconocidos con un \u201cpor el apoyo desinteresado y veces an\u00f3nimo a la instituci\u00f3n\u201d, entregando diplomas al alcalde, concejales y consejeros regionales. Tambi\u00e9n hubo premios especiales para los Bomberos Insignes: Mario Hern\u00e1ndez, Sergio Bernal y Luis Brice\u00f1o.<br \/>\n<strong>Marianela Quevedo<\/strong><\/p>\n<figure id=\"attachment_74229\" aria-describedby=\"caption-attachment-74229\" style=\"width: 530px\" class=\"wp-caption alignleft\"><a href=\"http:\/\/www.eltrabajo.cl\/portal\/celebran-centesimo-quinto-aniversario-de-la-2a-cia-bomberos-de-llay-llay\/foto-grupal-bomberos-2da-cia\/\" rel=\"attachment wp-att-74229\"><img data-recalc-dims=\"1\" loading=\"lazy\" decoding=\"async\" class=\"size-full wp-image-74229\" src=\"https:\/\/i0.wp.com\/www.eltrabajo.cl\/portal\/wp-content\/uploads\/2016\/10\/FOTO-GRUPAL-BOMBEROS-2DA-CIA.jpg?resize=530%2C349\" alt=\"La Segunda Compa\u00f1\u00eda del Cuerpo de Bomberos naci\u00f3 formalmente como instituci\u00f3n el  27 de septiembre de 1911, con el lema \u2018Abnegaci\u00f3n y disciplina\u2019.\" width=\"530\" height=\"349\" srcset=\"https:\/\/i0.wp.com\/eltrabajo.cl\/portal\/wp-content\/uploads\/2016\/10\/FOTO-GRUPAL-BOMBEROS-2DA-CIA.jpg?w=530&amp;ssl=1 530w, https:\/\/i0.wp.com\/eltrabajo.cl\/portal\/wp-content\/uploads\/2016\/10\/FOTO-GRUPAL-BOMBEROS-2DA-CIA.jpg?resize=200%2C132&amp;ssl=1 200w, https:\/\/i0.wp.com\/eltrabajo.cl\/portal\/wp-content\/uploads\/2016\/10\/FOTO-GRUPAL-BOMBEROS-2DA-CIA.jpg?resize=300%2C198&amp;ssl=1 300w, https:\/\/i0.wp.com\/eltrabajo.cl\/portal\/wp-content\/uploads\/2016\/10\/FOTO-GRUPAL-BOMBEROS-2DA-CIA.jpg?resize=228%2C150&amp;ssl=1 228w, https:\/\/i0.wp.com\/eltrabajo.cl\/portal\/wp-content\/uploads\/2016\/10\/FOTO-GRUPAL-BOMBEROS-2DA-CIA.jpg?resize=400%2C263&amp;ssl=1 400w\" sizes=\"auto, (max-width: 530px) 100vw, 530px\" \/><\/a><figcaption id=\"caption-attachment-74229\" class=\"wp-caption-text\">La Segunda Compa\u00f1\u00eda del Cuerpo de Bomberos naci\u00f3 formalmente como instituci\u00f3n el 27 de septiembre de 1911, con el lema \u2018Abnegaci\u00f3n y disciplina\u2019.<\/figcaption><\/figure>\n","protected":false},"excerpt":{"rendered":"<p>LLAY LLAY.- La Segunda Compa\u00f1\u00eda \u2018Sargento Aldea\u2019 del Cuerpo de Bomberos de de Llay Llay cumpli\u00f3 105 a\u00f1os, una celebraci\u00f3n que encuentra a la instituci\u00f3n con un moderno edificio, un carro bomba&#8230;<\/p>\n","protected":false},"author":1,"featured_media":74229,"comment_status":"open","ping_status":"open","sticky":false,"template":"","format":"standard","meta":{"advanced_seo_description":"","jetpack_seo_html_title":"","jetpack_seo_noindex":false,"_jetpack_memberships_contains_paid_content":false,"footnotes":""},"categories":[15],"tags":[],"class_list":["post-74228","post","type-post","status-publish","format-standard","has-post-thumbnail","hentry","category-comunidad"],"jetpack_featured_media_url":"https:\/\/i0.wp.com\/eltrabajo.cl\/portal\/wp-content\/uploads\/2016\/10\/FOTO-GRUPAL-BOMBEROS-2DA-CIA.jpg?fit=530%2C349&ssl=1","jetpack_sharing_enabled":true,"jetpack_likes_enabled":true,"jetpack-related-posts":[],"_links":{"self":[{"href":"https:\/\/eltrabajo.cl\/portal\/wp-json\/wp\/v2\/posts\/74228","targetHints":{"allow":["GET"]}}],"collection":[{"href":"https:\/\/eltrabajo.cl\/portal\/wp-json\/wp\/v2\/posts"}],"about":[{"href":"https:\/\/eltrabajo.cl\/portal\/wp-json\/wp\/v2\/types\/post"}],"author":[{"embeddable":true,"href":"https:\/\/eltrabajo.cl\/portal\/wp-json\/wp\/v2\/users\/1"}],"replies":[{"embeddable":true,"href":"https:\/\/eltrabajo.cl\/portal\/wp-json\/wp\/v2\/comments?post=74228"}],"version-history":[{"count":0,"href":"https:\/\/eltrabajo.cl\/portal\/wp-json\/wp\/v2\/posts\/74228\/revisions"}],"wp:featuredmedia":[{"embeddable":true,"href":"https:\/\/eltrabajo.cl\/portal\/wp-json\/wp\/v2\/media\/74229"}],"wp:attachment":[{"href":"https:\/\/eltrabajo.cl\/portal\/wp-json\/wp\/v2\/media?parent=74228"}],"wp:term":[{"taxonomy":"category","embeddable":true,"href":"https:\/\/eltrabajo.cl\/portal\/wp-json\/wp\/v2\/categories?post=74228"},{"taxonomy":"post_tag","embeddable":true,"href":"https:\/\/eltrabajo.cl\/portal\/wp-json\/wp\/v2\/tags?post=74228"}],"curies":[{"name":"wp","href":"https:\/\/api.w.org\/{rel}","templated":true}]}}