{"id":74232,"date":"2016-10-03T08:54:42","date_gmt":"2016-10-03T11:54:42","guid":{"rendered":"http:\/\/www.eltrabajo.cl\/portal\/?p=74232"},"modified":"2016-10-03T08:54:42","modified_gmt":"2016-10-03T11:54:42","slug":"habilitan-primer-grifo-de-apr-de-la-region-para-emergencias-en-santa-maria","status":"publish","type":"post","link":"https:\/\/eltrabajo.cl\/portal\/habilitan-primer-grifo-de-apr-de-la-region-para-emergencias-en-santa-maria\/","title":{"rendered":"Habilitan primer grifo de APR de la regi\u00f3n para emergencias en Santa Mar\u00eda"},"content":{"rendered":"<ul>\n<li><strong>Cooperativa de Agua Potable de Santa Filomena en Jahuel:<\/strong><\/li>\n<\/ul>\n<p><strong>SANTA MAR\u00cdA.-<\/strong> Lo que parece una noticia trivial, realmente no lo es. En primer lugar por la importancia que contempla contar con este sistema de abastecimiento de agua para los carros bomba, debido a que antiguamente, el grifo m\u00e1s cercano quedaba a aproximadamente 45 minutos de distancia de este poblado. En segundo lugar, porque instalar o habilitar el grifo, sobrellev\u00f3 un trabajo muy dif\u00edcil, debido a las trabas legales y t\u00e9cnicas que, irrisoriamente se crean ante estas necesidades de una APR. Sin embargo, en un trabajo de ingenier\u00eda y en un planteamiento lleno de argumentos, se logr\u00f3 contornear todo impedimento y finalmente se inaugur\u00f3 lo que es el primer grifo de una APR a nivel regional, y se encuentra instalado muy cercano a la entrada del Hotel Termas de Jahuel. Otra de las caracter\u00edsticas que se debieran tomar en cuenta y podr\u00eda considerarse alarmante, es que el grifo de la APR de Santa Filomena, cumple exactamente la misma funci\u00f3n y con mejor velocidad de llenado que los que normalmente se ven de fierro fundido en el centro de la ciudad de Santa Mar\u00eda, sin embargo, el costo es un tercio que el que instala Esval.<br \/>\nAriel Gonz\u00e1lez, expres\u00f3 su satisfacci\u00f3n ante este logro que los hace pioneros en este emprendimiento: \u201cNo somos uno de los primeros, sino los primeros en contar con grifos en el sistema de APR rural. Trabajamos con equipos de ingenier\u00eda para solventar los obst\u00e1culos t\u00e9cnicos y conseguimos un producto, un sistema, que tiene un tercio del valor de los que hay en el mercado y cumple exactamente la misma funci\u00f3n\u201d.<br \/>\nA su vez, el alcalde Claudio Zurita, quien presenci\u00f3 un simulacro hecho por el Cuerpo de Bomberos de Santa Mar\u00eda, ratific\u00f3 la necesidad de crear la Cuarta Compa\u00f1\u00eda de Bomberos para Santa Filomena y Jahuel: \u201cEs un hito muy importante que la Cooperativa de Agua Potable de Santa Filomena haya instalado este grifo en el sector. Y es el primer grifo que instala, seg\u00fan antecedentes de la Gobernaci\u00f3n; una APR a nivel regional. Y tenemos el desaf\u00edo y una necesidad de crear en un tiempo cercano a la 4\u00ba Compa\u00f1\u00eda de Bomberos, ya que nos damos cuenta que el tiempo de respuesta para un carro que venga cargado desde Santa Mar\u00eda es muy demorado y puede llegar a 30 minutos, lo cual es lento. As\u00ed es que estamos de acuerdo con las autoridades m\u00e1ximas de bomberos presente en esta ceremonia, en que ese ser\u00e1 un trabajo a realizar\u201d.<br \/>\n<strong>Roberto Mercado Aced<\/strong><\/p>\n<figure id=\"attachment_74233\" aria-describedby=\"caption-attachment-74233\" style=\"width: 530px\" class=\"wp-caption alignleft\"><a href=\"http:\/\/www.eltrabajo.cl\/portal\/habilitan-primer-grifo-de-apr-de-la-region-para-emergencias-en-santa-maria\/grifos-1\/\" rel=\"attachment wp-att-74233\"><img data-recalc-dims=\"1\" loading=\"lazy\" decoding=\"async\" class=\"size-full wp-image-74233\" src=\"https:\/\/i0.wp.com\/www.eltrabajo.cl\/portal\/wp-content\/uploads\/2016\/10\/GRIFOS-1.jpg?resize=530%2C349\" alt=\"Bomberos de Santa Mar\u00eda, junto a representantes del APR de Santa Filomena.\" width=\"530\" height=\"349\" srcset=\"https:\/\/i0.wp.com\/eltrabajo.cl\/portal\/wp-content\/uploads\/2016\/10\/GRIFOS-1.jpg?w=530&amp;ssl=1 530w, https:\/\/i0.wp.com\/eltrabajo.cl\/portal\/wp-content\/uploads\/2016\/10\/GRIFOS-1.jpg?resize=200%2C132&amp;ssl=1 200w, https:\/\/i0.wp.com\/eltrabajo.cl\/portal\/wp-content\/uploads\/2016\/10\/GRIFOS-1.jpg?resize=300%2C198&amp;ssl=1 300w, https:\/\/i0.wp.com\/eltrabajo.cl\/portal\/wp-content\/uploads\/2016\/10\/GRIFOS-1.jpg?resize=228%2C150&amp;ssl=1 228w, https:\/\/i0.wp.com\/eltrabajo.cl\/portal\/wp-content\/uploads\/2016\/10\/GRIFOS-1.jpg?resize=400%2C263&amp;ssl=1 400w\" sizes=\"auto, (max-width: 530px) 100vw, 530px\" \/><\/a><figcaption id=\"caption-attachment-74233\" class=\"wp-caption-text\">Bomberos de Santa Mar\u00eda, junto a representantes del APR de Santa Filomena.<\/figcaption><\/figure>\n","protected":false},"excerpt":{"rendered":"<p>Cooperativa de Agua Potable de Santa Filomena en Jahuel: SANTA MAR\u00cdA.- Lo que parece una noticia trivial, realmente no lo es. En primer lugar por la importancia que contempla contar con este&#8230;<\/p>\n","protected":false},"author":1,"featured_media":74233,"comment_status":"open","ping_status":"open","sticky":false,"template":"","format":"standard","meta":{"advanced_seo_description":"","jetpack_seo_html_title":"","jetpack_seo_noindex":false,"_jetpack_memberships_contains_paid_content":false,"footnotes":""},"categories":[15],"tags":[],"class_list":["post-74232","post","type-post","status-publish","format-standard","has-post-thumbnail","hentry","category-comunidad"],"jetpack_featured_media_url":"https:\/\/i0.wp.com\/eltrabajo.cl\/portal\/wp-content\/uploads\/2016\/10\/GRIFOS-1.jpg?fit=530%2C349&ssl=1","jetpack_sharing_enabled":true,"jetpack_likes_enabled":true,"jetpack-related-posts":[],"_links":{"self":[{"href":"https:\/\/eltrabajo.cl\/portal\/wp-json\/wp\/v2\/posts\/74232","targetHints":{"allow":["GET"]}}],"collection":[{"href":"https:\/\/eltrabajo.cl\/portal\/wp-json\/wp\/v2\/posts"}],"about":[{"href":"https:\/\/eltrabajo.cl\/portal\/wp-json\/wp\/v2\/types\/post"}],"author":[{"embeddable":true,"href":"https:\/\/eltrabajo.cl\/portal\/wp-json\/wp\/v2\/users\/1"}],"replies":[{"embeddable":true,"href":"https:\/\/eltrabajo.cl\/portal\/wp-json\/wp\/v2\/comments?post=74232"}],"version-history":[{"count":0,"href":"https:\/\/eltrabajo.cl\/portal\/wp-json\/wp\/v2\/posts\/74232\/revisions"}],"wp:featuredmedia":[{"embeddable":true,"href":"https:\/\/eltrabajo.cl\/portal\/wp-json\/wp\/v2\/media\/74233"}],"wp:attachment":[{"href":"https:\/\/eltrabajo.cl\/portal\/wp-json\/wp\/v2\/media?parent=74232"}],"wp:term":[{"taxonomy":"category","embeddable":true,"href":"https:\/\/eltrabajo.cl\/portal\/wp-json\/wp\/v2\/categories?post=74232"},{"taxonomy":"post_tag","embeddable":true,"href":"https:\/\/eltrabajo.cl\/portal\/wp-json\/wp\/v2\/tags?post=74232"}],"curies":[{"name":"wp","href":"https:\/\/api.w.org\/{rel}","templated":true}]}}