{"id":74236,"date":"2016-10-03T08:57:56","date_gmt":"2016-10-03T11:57:56","guid":{"rendered":"http:\/\/www.eltrabajo.cl\/portal\/?p=74236"},"modified":"2016-10-03T08:57:56","modified_gmt":"2016-10-03T11:57:56","slug":"por-deudas-salio-hoy-del-aire-radio-comunitaria-poblacion-aconcagua","status":"publish","type":"post","link":"https:\/\/eltrabajo.cl\/portal\/por-deudas-salio-hoy-del-aire-radio-comunitaria-poblacion-aconcagua\/","title":{"rendered":"Por deudas sali\u00f3 hoy del Aire Radio Comunitaria Poblaci\u00f3n Aconcagua"},"content":{"rendered":"<ul>\n<li><strong>Carencia de socios comprometidos hunde proyecto:<\/strong><\/li>\n<\/ul>\n<p>A las 24:00 horas de este domingo (hoy en la madrugada) sali\u00f3 del Aire la se\u00f1al que Radio Comunitaria Poblaci\u00f3n Aconcagua, ubicada en la poblaci\u00f3n con el mismo nombre. Este proyecto comunitario, hab\u00eda iniciado el domingo 8 de febrero de 2016, a partir de las 18:00 horas. La iniciativa en su momento la tom\u00f3 el director de esta radio, Jos\u00e9 Claudio Fern\u00e1ndez, pero luego de algunas semanas la junta vecinal se desvincul\u00f3 del proyecto y pas\u00f3 a ser un anteproyecto de corporaci\u00f3n.<br \/>\nAs\u00ed las cosas, esta radio deb\u00eda sostenerse operativa gracias al aporte de los socios del proyecto, condiciones que no se lograron concretar y que por el contrario, hoy d\u00eda esta radio est\u00e1 hundi\u00e9ndose en deudas, las que pr\u00e1cticamente nadie quiere honrar.<br \/>\n\u00abDecid\u00ed bajar la se\u00f1al de esta radio, porque ya estamos debiendo casi medio mill\u00f3n de pesos en electricidad a Chilquinta; pagos atrasados de Internet, lo que simplemente no es viable para un proyecto que no podemos vender publicidad ni generar dinero por pago de espacio radial, de los 24 socios que logramos comprometer para un aporte de $5.000 mensuales, s\u00f3lo ocho de ellos pagaron, el resto nada\u00bb, inform\u00f3 a Diario El Trabajo el director radial, Jos\u00e9 Claudio Fern\u00e1ndez.<br \/>\nFue gracias a esta emisora, que se plantearon otros proyectos importantes para la poblaci\u00f3n de discapacitados en Aconcagua, pues se han proyectado pel\u00edculas de Cine Inclusivo en el teatro municipal, iniciativa apoyada por el Municipio, Club de Leones y Senadi, pel\u00edculas que han disfrutado ciegos, sordos y el p\u00fablico en general.<br \/>\n\u00abAqu\u00ed lo que queda es pedir a los sanfelipe\u00f1os que rescaten este proyecto, necesitamos socios, necesitamos que nos ayuden a pagar este recibo de Chilquinta y que establezcamos un directorio que quiera seguir adelante, pronto estaremos recibiendo los permisos para transmitir a 28 kil\u00f3metros a la redonda, o sea, que es una gran oportunidad que no podemos perder\u00bb, dijo don Jos\u00e9 Claudio. Los interesados en acercarse a esta emisora, pueden llamar al 990094721.<br \/>\n<strong>Roberto Gonz\u00e1lez Short<\/strong><\/p>\n<figure id=\"attachment_74237\" aria-describedby=\"caption-attachment-74237\" style=\"width: 530px\" class=\"wp-caption alignleft\"><a href=\"http:\/\/www.eltrabajo.cl\/portal\/por-deudas-salio-hoy-del-aire-radio-comunitaria-poblacion-aconcagua\/deuda\/\" rel=\"attachment wp-att-74237\"><img data-recalc-dims=\"1\" loading=\"lazy\" decoding=\"async\" class=\"size-full wp-image-74237\" src=\"https:\/\/i0.wp.com\/www.eltrabajo.cl\/portal\/wp-content\/uploads\/2016\/10\/Deuda.jpg?resize=530%2C350\" alt=\"DEUDA PENDIENTE.- \u00c9ste Es el recibo que arrastra la emisora, el llamado es para todos quienes quieran y puedan ayudar a que este proyecto radial no muera. El Cine Inclusivo seguir\u00e1 en pie.\" width=\"530\" height=\"350\" srcset=\"https:\/\/i0.wp.com\/eltrabajo.cl\/portal\/wp-content\/uploads\/2016\/10\/Deuda.jpg?w=530&amp;ssl=1 530w, https:\/\/i0.wp.com\/eltrabajo.cl\/portal\/wp-content\/uploads\/2016\/10\/Deuda.jpg?resize=200%2C132&amp;ssl=1 200w, https:\/\/i0.wp.com\/eltrabajo.cl\/portal\/wp-content\/uploads\/2016\/10\/Deuda.jpg?resize=300%2C198&amp;ssl=1 300w, https:\/\/i0.wp.com\/eltrabajo.cl\/portal\/wp-content\/uploads\/2016\/10\/Deuda.jpg?resize=227%2C150&amp;ssl=1 227w, https:\/\/i0.wp.com\/eltrabajo.cl\/portal\/wp-content\/uploads\/2016\/10\/Deuda.jpg?resize=400%2C264&amp;ssl=1 400w\" sizes=\"auto, (max-width: 530px) 100vw, 530px\" \/><\/a><figcaption id=\"caption-attachment-74237\" class=\"wp-caption-text\">DEUDA PENDIENTE.- \u00c9ste Es el recibo que arrastra la emisora, el llamado es para todos quienes quieran y puedan ayudar a que este proyecto radial no muera. El Cine Inclusivo seguir\u00e1 en pie.<\/figcaption><\/figure>\n<figure id=\"attachment_74238\" aria-describedby=\"caption-attachment-74238\" style=\"width: 530px\" class=\"wp-caption alignleft\"><a href=\"http:\/\/www.eltrabajo.cl\/portal\/por-deudas-salio-hoy-del-aire-radio-comunitaria-poblacion-aconcagua\/radio1-8\/\" rel=\"attachment wp-att-74238\"><img data-recalc-dims=\"1\" loading=\"lazy\" decoding=\"async\" class=\"size-full wp-image-74238\" src=\"https:\/\/i0.wp.com\/www.eltrabajo.cl\/portal\/wp-content\/uploads\/2016\/10\/Radio1.jpg?resize=530%2C349\" alt=\"PROYECTO HUNDIDO.- Don Jos\u00e9 Claudio Fern\u00e1ndez sac\u00f3 del Aire la se\u00f1al de Radio Comunitaria Poblaci\u00f3n Aconcagua, que a partir de hoy lunes ya no transmite.\" width=\"530\" height=\"349\" srcset=\"https:\/\/i0.wp.com\/eltrabajo.cl\/portal\/wp-content\/uploads\/2016\/10\/Radio1.jpg?w=530&amp;ssl=1 530w, https:\/\/i0.wp.com\/eltrabajo.cl\/portal\/wp-content\/uploads\/2016\/10\/Radio1.jpg?resize=200%2C132&amp;ssl=1 200w, https:\/\/i0.wp.com\/eltrabajo.cl\/portal\/wp-content\/uploads\/2016\/10\/Radio1.jpg?resize=300%2C198&amp;ssl=1 300w, https:\/\/i0.wp.com\/eltrabajo.cl\/portal\/wp-content\/uploads\/2016\/10\/Radio1.jpg?resize=228%2C150&amp;ssl=1 228w, https:\/\/i0.wp.com\/eltrabajo.cl\/portal\/wp-content\/uploads\/2016\/10\/Radio1.jpg?resize=400%2C263&amp;ssl=1 400w\" sizes=\"auto, (max-width: 530px) 100vw, 530px\" \/><\/a><figcaption id=\"caption-attachment-74238\" class=\"wp-caption-text\">PROYECTO HUNDIDO.- Don Jos\u00e9 Claudio Fern\u00e1ndez sac\u00f3 del Aire la se\u00f1al de Radio Comunitaria Poblaci\u00f3n Aconcagua, que a partir de hoy lunes ya no transmite.<\/figcaption><\/figure>\n","protected":false},"excerpt":{"rendered":"<p>Carencia de socios comprometidos hunde proyecto: A las 24:00 horas de este domingo (hoy en la madrugada) sali\u00f3 del Aire la se\u00f1al que Radio Comunitaria Poblaci\u00f3n Aconcagua, ubicada en la poblaci\u00f3n con&#8230;<\/p>\n","protected":false},"author":1,"featured_media":74238,"comment_status":"open","ping_status":"open","sticky":false,"template":"","format":"standard","meta":{"advanced_seo_description":"","jetpack_seo_html_title":"","jetpack_seo_noindex":false,"_jetpack_memberships_contains_paid_content":false,"footnotes":""},"categories":[15],"tags":[],"class_list":["post-74236","post","type-post","status-publish","format-standard","has-post-thumbnail","hentry","category-comunidad"],"jetpack_featured_media_url":"https:\/\/i0.wp.com\/eltrabajo.cl\/portal\/wp-content\/uploads\/2016\/10\/Radio1.jpg?fit=530%2C349&ssl=1","jetpack_sharing_enabled":true,"jetpack_likes_enabled":true,"jetpack-related-posts":[],"_links":{"self":[{"href":"https:\/\/eltrabajo.cl\/portal\/wp-json\/wp\/v2\/posts\/74236","targetHints":{"allow":["GET"]}}],"collection":[{"href":"https:\/\/eltrabajo.cl\/portal\/wp-json\/wp\/v2\/posts"}],"about":[{"href":"https:\/\/eltrabajo.cl\/portal\/wp-json\/wp\/v2\/types\/post"}],"author":[{"embeddable":true,"href":"https:\/\/eltrabajo.cl\/portal\/wp-json\/wp\/v2\/users\/1"}],"replies":[{"embeddable":true,"href":"https:\/\/eltrabajo.cl\/portal\/wp-json\/wp\/v2\/comments?post=74236"}],"version-history":[{"count":0,"href":"https:\/\/eltrabajo.cl\/portal\/wp-json\/wp\/v2\/posts\/74236\/revisions"}],"wp:featuredmedia":[{"embeddable":true,"href":"https:\/\/eltrabajo.cl\/portal\/wp-json\/wp\/v2\/media\/74238"}],"wp:attachment":[{"href":"https:\/\/eltrabajo.cl\/portal\/wp-json\/wp\/v2\/media?parent=74236"}],"wp:term":[{"taxonomy":"category","embeddable":true,"href":"https:\/\/eltrabajo.cl\/portal\/wp-json\/wp\/v2\/categories?post=74236"},{"taxonomy":"post_tag","embeddable":true,"href":"https:\/\/eltrabajo.cl\/portal\/wp-json\/wp\/v2\/tags?post=74236"}],"curies":[{"name":"wp","href":"https:\/\/api.w.org\/{rel}","templated":true}]}}