{"id":74241,"date":"2016-10-03T09:01:46","date_gmt":"2016-10-03T12:01:46","guid":{"rendered":"http:\/\/www.eltrabajo.cl\/portal\/?p=74241"},"modified":"2016-10-03T09:01:46","modified_gmt":"2016-10-03T12:01:46","slug":"locura-juvenil-en-concierto-que-denver-ofrecio-en-san-felipe","status":"publish","type":"post","link":"https:\/\/eltrabajo.cl\/portal\/locura-juvenil-en-concierto-que-denver-ofrecio-en-san-felipe\/","title":{"rendered":"Locura juvenil en concierto que D\u00ebnver ofreci\u00f3 en San Felipe"},"content":{"rendered":"<p>Una electrizante locura juvenil, es la que se desat\u00f3 en el teatro municipal de San Felipe este viernes, luego que la ahora afamada banda musical sanfelipe\u00f1a D\u00ebnver, ofreciera un conciertazo gratuito para todos sus fans. Esta iniciativa tambi\u00e9n represent\u00f3 el cierre del Mes Patrio, jornada que desarroll\u00f3 el Departamento de Cultura a Cargo de Ricardo Ruiz.<br \/>\n\u00abD\u00ebnver tiene una carrera de much\u00edsimos a\u00f1os, estamos contentos de tenerlos ac\u00e1, pues en marzo ellos fueron nombrados por el Municipio como Embajadores Culturales. Esta banda ofreci\u00f3 este fin de semana este concierto gratuito, su prestigio y calidad de su talento se ve reflejados en la cantidad de p\u00fablico que estuvo en esta cita musical\u00bb, dijo Ruiz a Diario El Trabajo.<\/p>\n<p><strong>REGRESA D\u00cbNVER<\/strong><br \/>\nNuestro medio habl\u00f3 unos momentos con la bella y talentosa de D\u00ebnver, Mariana Montenegro (29), quien nos dio datos de lo que har\u00e1n en lo que falta del a\u00f1o, \u00abpara m\u00ed, regresar a San Felipe a dar este concierto significa un reencuentro con los chicos del valle, tocamos m\u00fasica Pop, son varias tem\u00e1ticas las que manejamos entorno al amor y la amistad, en lo que resta del a\u00f1o tenemos programada una nueva gira a M\u00e9xico, luego en diciembre estaremos en Festival Frontera para cerrar el a\u00f1o, en Santiago\u00bb, coment\u00f3 la despampanante artista.<br \/>\nDiario El Trabajo tambi\u00e9n habl\u00f3 con Milton James Mahan (30), el chico de la banda, \u00abmuy contento por volver a casa, siento mucha presi\u00f3n ahora que se nos exige m\u00e1s, hace cuatro a\u00f1os que no tocamos en San Felipe, estamos agradecidos por el cargo de Embajadores, a cada ciudad y pa\u00eds que viajamos nosotros mencionamos a San Felipe\u00bb, coment\u00f3 \u2018Jimy\u2019, como \u00e9l mismo recuerda que le llamaban cuando era chico.<br \/>\nEste concierto fue abierto con la participaci\u00f3n de la desequilibrante banda santiaguina Substancia Marina, una propuesta de corte Rock-Pop-Fusi\u00f3n. El p\u00fablico premi\u00f3 a ambas bandas con sus aplausos y m\u00e1s aplausos. De momento son decenas las ciudades del mundo que esperan ya las pr\u00f3ximas presentaciones de D\u00ebnver, mientras que los sanfelipe\u00f1os la disfrutaron este viernes de manera completamente gratuita.<br \/>\n<strong>Roberto Gonz\u00e1lez Short<\/strong><\/p>\n<figure id=\"attachment_74242\" aria-describedby=\"caption-attachment-74242\" style=\"width: 530px\" class=\"wp-caption alignleft\"><a href=\"http:\/\/www.eltrabajo.cl\/portal\/locura-juvenil-en-concierto-que-denver-ofrecio-en-san-felipe\/denver\/\" rel=\"attachment wp-att-74242\"><img data-recalc-dims=\"1\" loading=\"lazy\" decoding=\"async\" class=\"size-full wp-image-74242\" src=\"https:\/\/i0.wp.com\/www.eltrabajo.cl\/portal\/wp-content\/uploads\/2016\/10\/Denver.jpg?resize=530%2C349\" alt=\"SIEMPRE D\u00cbNVER.- Delirantes momentos vivieron los fans de D\u00ebnver con su banda favorita, Mariana y Milton hicieron de las suyas durante su concierto.\" width=\"530\" height=\"349\" srcset=\"https:\/\/i0.wp.com\/eltrabajo.cl\/portal\/wp-content\/uploads\/2016\/10\/Denver.jpg?w=530&amp;ssl=1 530w, https:\/\/i0.wp.com\/eltrabajo.cl\/portal\/wp-content\/uploads\/2016\/10\/Denver.jpg?resize=200%2C132&amp;ssl=1 200w, https:\/\/i0.wp.com\/eltrabajo.cl\/portal\/wp-content\/uploads\/2016\/10\/Denver.jpg?resize=300%2C198&amp;ssl=1 300w, https:\/\/i0.wp.com\/eltrabajo.cl\/portal\/wp-content\/uploads\/2016\/10\/Denver.jpg?resize=228%2C150&amp;ssl=1 228w, https:\/\/i0.wp.com\/eltrabajo.cl\/portal\/wp-content\/uploads\/2016\/10\/Denver.jpg?resize=400%2C263&amp;ssl=1 400w\" sizes=\"auto, (max-width: 530px) 100vw, 530px\" \/><\/a><figcaption id=\"caption-attachment-74242\" class=\"wp-caption-text\">SIEMPRE D\u00cbNVER.- Delirantes momentos vivieron los fans de D\u00ebnver con su banda favorita, Mariana y Milton hicieron de las suyas durante su concierto.<\/figcaption><\/figure>\n<figure id=\"attachment_74243\" aria-describedby=\"caption-attachment-74243\" style=\"width: 530px\" class=\"wp-caption alignleft\"><a href=\"http:\/\/www.eltrabajo.cl\/portal\/locura-juvenil-en-concierto-que-denver-ofrecio-en-san-felipe\/fans-denver\/\" rel=\"attachment wp-att-74243\"><img data-recalc-dims=\"1\" loading=\"lazy\" decoding=\"async\" class=\"size-full wp-image-74243\" src=\"https:\/\/i0.wp.com\/www.eltrabajo.cl\/portal\/wp-content\/uploads\/2016\/10\/Fans-denver.jpg?resize=530%2C350\" alt=\"LOCOS POR D\u00cbNVER.- Aunque fue de noche el concierto, desde horas de la tarde los fans de D\u00ebnver hac\u00edan fila para poder ingresar al teatro.\" width=\"530\" height=\"350\" srcset=\"https:\/\/i0.wp.com\/eltrabajo.cl\/portal\/wp-content\/uploads\/2016\/10\/Fans-denver.jpg?w=530&amp;ssl=1 530w, https:\/\/i0.wp.com\/eltrabajo.cl\/portal\/wp-content\/uploads\/2016\/10\/Fans-denver.jpg?resize=200%2C132&amp;ssl=1 200w, https:\/\/i0.wp.com\/eltrabajo.cl\/portal\/wp-content\/uploads\/2016\/10\/Fans-denver.jpg?resize=300%2C198&amp;ssl=1 300w, https:\/\/i0.wp.com\/eltrabajo.cl\/portal\/wp-content\/uploads\/2016\/10\/Fans-denver.jpg?resize=227%2C150&amp;ssl=1 227w, https:\/\/i0.wp.com\/eltrabajo.cl\/portal\/wp-content\/uploads\/2016\/10\/Fans-denver.jpg?resize=400%2C264&amp;ssl=1 400w\" sizes=\"auto, (max-width: 530px) 100vw, 530px\" \/><\/a><figcaption id=\"caption-attachment-74243\" class=\"wp-caption-text\">LOCOS POR D\u00cbNVER.- Aunque fue de noche el concierto, desde horas de la tarde los fans de D\u00ebnver hac\u00edan fila para poder ingresar al teatro.<\/figcaption><\/figure>\n<figure id=\"attachment_74244\" aria-describedby=\"caption-attachment-74244\" style=\"width: 530px\" class=\"wp-caption alignleft\"><a href=\"http:\/\/www.eltrabajo.cl\/portal\/locura-juvenil-en-concierto-que-denver-ofrecio-en-san-felipe\/portada-publico-denver\/\" rel=\"attachment wp-att-74244\"><img data-recalc-dims=\"1\" loading=\"lazy\" decoding=\"async\" class=\"size-full wp-image-74244\" src=\"https:\/\/i0.wp.com\/www.eltrabajo.cl\/portal\/wp-content\/uploads\/2016\/10\/portada-publico-denver.jpg?resize=530%2C349\" alt=\"FIEBRE MUSICAL.- Cientos de aconcag\u00fcinos se dieron cita este viernes en el teatro municipal para ver a su banda regalona.\" width=\"530\" height=\"349\" srcset=\"https:\/\/i0.wp.com\/eltrabajo.cl\/portal\/wp-content\/uploads\/2016\/10\/portada-publico-denver.jpg?w=530&amp;ssl=1 530w, https:\/\/i0.wp.com\/eltrabajo.cl\/portal\/wp-content\/uploads\/2016\/10\/portada-publico-denver.jpg?resize=200%2C132&amp;ssl=1 200w, https:\/\/i0.wp.com\/eltrabajo.cl\/portal\/wp-content\/uploads\/2016\/10\/portada-publico-denver.jpg?resize=300%2C198&amp;ssl=1 300w, https:\/\/i0.wp.com\/eltrabajo.cl\/portal\/wp-content\/uploads\/2016\/10\/portada-publico-denver.jpg?resize=228%2C150&amp;ssl=1 228w, https:\/\/i0.wp.com\/eltrabajo.cl\/portal\/wp-content\/uploads\/2016\/10\/portada-publico-denver.jpg?resize=400%2C263&amp;ssl=1 400w\" sizes=\"auto, (max-width: 530px) 100vw, 530px\" \/><\/a><figcaption id=\"caption-attachment-74244\" class=\"wp-caption-text\">FIEBRE MUSICAL.- Cientos de aconcag\u00fcinos se dieron cita este viernes en el teatro municipal para ver a su banda regalona.<\/figcaption><\/figure>\n<figure id=\"attachment_74245\" aria-describedby=\"caption-attachment-74245\" style=\"width: 530px\" class=\"wp-caption alignleft\"><a href=\"http:\/\/www.eltrabajo.cl\/portal\/locura-juvenil-en-concierto-que-denver-ofrecio-en-san-felipe\/substancia-marina\/\" rel=\"attachment wp-att-74245\"><img data-recalc-dims=\"1\" loading=\"lazy\" decoding=\"async\" class=\"size-full wp-image-74245\" src=\"https:\/\/i0.wp.com\/www.eltrabajo.cl\/portal\/wp-content\/uploads\/2016\/10\/substancia-marina.jpg?resize=530%2C349\" alt=\"SUBSTANCIA MARINA.- Ellos son la Banda Substancia Marina, de Santiago, agrupaci\u00f3n que calent\u00f3 el ambiente para la entrada de D\u00ebnver.\" width=\"530\" height=\"349\" srcset=\"https:\/\/i0.wp.com\/eltrabajo.cl\/portal\/wp-content\/uploads\/2016\/10\/substancia-marina.jpg?w=530&amp;ssl=1 530w, https:\/\/i0.wp.com\/eltrabajo.cl\/portal\/wp-content\/uploads\/2016\/10\/substancia-marina.jpg?resize=200%2C132&amp;ssl=1 200w, https:\/\/i0.wp.com\/eltrabajo.cl\/portal\/wp-content\/uploads\/2016\/10\/substancia-marina.jpg?resize=300%2C198&amp;ssl=1 300w, https:\/\/i0.wp.com\/eltrabajo.cl\/portal\/wp-content\/uploads\/2016\/10\/substancia-marina.jpg?resize=228%2C150&amp;ssl=1 228w, https:\/\/i0.wp.com\/eltrabajo.cl\/portal\/wp-content\/uploads\/2016\/10\/substancia-marina.jpg?resize=400%2C263&amp;ssl=1 400w\" sizes=\"auto, (max-width: 530px) 100vw, 530px\" \/><\/a><figcaption id=\"caption-attachment-74245\" class=\"wp-caption-text\">SUBSTANCIA MARINA.- Ellos son la Banda Substancia Marina, de Santiago, agrupaci\u00f3n que calent\u00f3 el ambiente para la entrada de D\u00ebnver.<\/figcaption><\/figure>\n","protected":false},"excerpt":{"rendered":"<p>Una electrizante locura juvenil, es la que se desat\u00f3 en el teatro municipal de San Felipe este viernes, luego que la ahora afamada banda musical sanfelipe\u00f1a D\u00ebnver, ofreciera un conciertazo gratuito para&#8230;<\/p>\n","protected":false},"author":1,"featured_media":74242,"comment_status":"open","ping_status":"open","sticky":false,"template":"","format":"standard","meta":{"advanced_seo_description":"","jetpack_seo_html_title":"","jetpack_seo_noindex":false,"_jetpack_memberships_contains_paid_content":false,"footnotes":""},"categories":[15],"tags":[],"class_list":["post-74241","post","type-post","status-publish","format-standard","has-post-thumbnail","hentry","category-comunidad"],"jetpack_featured_media_url":"https:\/\/i0.wp.com\/eltrabajo.cl\/portal\/wp-content\/uploads\/2016\/10\/Denver.jpg?fit=530%2C349&ssl=1","jetpack_sharing_enabled":true,"jetpack_likes_enabled":true,"jetpack-related-posts":[],"_links":{"self":[{"href":"https:\/\/eltrabajo.cl\/portal\/wp-json\/wp\/v2\/posts\/74241","targetHints":{"allow":["GET"]}}],"collection":[{"href":"https:\/\/eltrabajo.cl\/portal\/wp-json\/wp\/v2\/posts"}],"about":[{"href":"https:\/\/eltrabajo.cl\/portal\/wp-json\/wp\/v2\/types\/post"}],"author":[{"embeddable":true,"href":"https:\/\/eltrabajo.cl\/portal\/wp-json\/wp\/v2\/users\/1"}],"replies":[{"embeddable":true,"href":"https:\/\/eltrabajo.cl\/portal\/wp-json\/wp\/v2\/comments?post=74241"}],"version-history":[{"count":0,"href":"https:\/\/eltrabajo.cl\/portal\/wp-json\/wp\/v2\/posts\/74241\/revisions"}],"wp:featuredmedia":[{"embeddable":true,"href":"https:\/\/eltrabajo.cl\/portal\/wp-json\/wp\/v2\/media\/74242"}],"wp:attachment":[{"href":"https:\/\/eltrabajo.cl\/portal\/wp-json\/wp\/v2\/media?parent=74241"}],"wp:term":[{"taxonomy":"category","embeddable":true,"href":"https:\/\/eltrabajo.cl\/portal\/wp-json\/wp\/v2\/categories?post=74241"},{"taxonomy":"post_tag","embeddable":true,"href":"https:\/\/eltrabajo.cl\/portal\/wp-json\/wp\/v2\/tags?post=74241"}],"curies":[{"name":"wp","href":"https:\/\/api.w.org\/{rel}","templated":true}]}}