{"id":74256,"date":"2016-10-04T08:53:18","date_gmt":"2016-10-04T11:53:18","guid":{"rendered":"http:\/\/www.eltrabajo.cl\/portal\/?p=74256"},"modified":"2016-10-04T08:53:18","modified_gmt":"2016-10-04T11:53:18","slug":"instalan-equipo-de-salud-mental-que-beneficiara-a-mas-de-300-llayllainos","status":"publish","type":"post","link":"https:\/\/eltrabajo.cl\/portal\/instalan-equipo-de-salud-mental-que-beneficiara-a-mas-de-300-llayllainos\/","title":{"rendered":"Instalan equipo de salud mental que beneficiar\u00e1 a m\u00e1s de 300 llaylla\u00ednos"},"content":{"rendered":"<p>Un equipo de salud mental para dar atenci\u00f3n a pacientes de Llay Llay y otras comunas y zonas cercanas, se instala en el hospital de esa comuna, cumpli\u00e9ndose de este forma un anhelo esperado por la comunidad que en diversas ocasiones hab\u00eda planteado los problemas que surgen por el consumo y tr\u00e1fico de drogas.<br \/>\nAs\u00ed lo inform\u00f3 la Directora del Servicio de Salud Aconcagua, Dra. Vilma Olave, quien realiz\u00f3 el anuncio junto a la comunidad, al Jefe del Centro de Salud Mental, Cesam, Dr. Alvaro Aravena; al Director del Hospital Psiqui\u00e1trico de Putaendo, Dr. Jaime Retamal; al Director (S) del Hospital San Francisco de Llay Llay, Dr. Javier D\u00edaz de Vald\u00e9s, y a funcionarios de la red de salud mental.<br \/>\nJunto con expresar su satisfacci\u00f3n, el Dr. \u00c1lvaro Aravena, Jefe del Cesam, dijo que \u00abes una alegr\u00eda para nosotros poder acercarnos a la comunidad de Llay Llay y Catemu por la participaci\u00f3n e intervenci\u00f3n del equipo de salud mental en esta comuna. Son m\u00e1s de 300 personas las que recibir\u00e1n este beneficio. Ellas se ver\u00e1n favorecidas pues tendr\u00e1n una atenci\u00f3n pr\u00e1cticamente integral y con una especialidad que antes no exist\u00eda en este hospital. Simult\u00e1neamente trabajaremos coordinados con los equipos de atenci\u00f3n primaria para mejorar la salud mental de toda la comunidad, de modo de evitar que estas enfermedades aparezcan antes de tratarlas\u00bb.<br \/>\nPor su parte, el Dr. D\u00edaz de Vald\u00e9s, Director (S) del Hospital San Francisco de Llay Llay, se\u00f1al\u00f3 que \u00abes un motivo de felicidad y orgullo para nuestro hospital poder desarrollar esta \u00e1rea de salud mental para mejorar la calidad y capacidad de nuestros equipos y para poder entregar una mejor prestaci\u00f3n a nuestros usuarios. Nos damos por satisfechos y felices de que el Servicio de Salud haya tenido la iniciativa de fijarse en nosotros para poder ampliar la red asistencial de salud mental\u00bb.<br \/>\nA su vez, y en representaci\u00f3n de la comunidad, Mar\u00eda Pizarro dijo tambi\u00e9n que \u00abestamos muy feliz de haber obtenido este logro, que para las familias de Llay Llay era muy importante por la econom\u00eda que ello significa, tanto en el tiempo de traslado como tambi\u00e9n el ahorro de dinero que significaban estas prestaciones, adem\u00e1s que estos pacientes siempre deben ir acompa\u00f1ados. Para nosotros como comunidad es un gran logro que agradecemos al Servicio de Salud\u00bb.<br \/>\nFinalmente, la Directora del Servicio de Salud Aconcagua, Dra. Vilma Olave, expres\u00f3 que \u00abhoy es un d\u00eda importante. Estamos iniciando la Conmemoraci\u00f3n del D\u00eda de la Salud Mental, que es el 10 de octubre, y la iniciamos en Llay Llay porque estamos cumpliendo un compromiso con los llaylla\u00ednos y llaylla\u00ednas como es tener una mejor cartera de servicios en la comuna con la implementaci\u00f3n de atenciones de salud mental a cargo de un equipo del Centro de Salud Mental, Cesam. Prestaciones que se entregaban en San Felipe, pero que desde ahora tambi\u00e9n se extender\u00e1n sus atenciones a esta comuna. De esta forma, las 350 personas que aproximadamente necesitan esta prestaci\u00f3n no tendr\u00e1n necesidad de trasladarse hasta San Felipe para tener sus medicamentos u otro servicio, sino que se les resolver\u00e1 directamente ac\u00e1 en Llay Llay. Ese fue lo que pidi\u00f3 la comunidad. Los escuchamos, lo implementamos y seguiremos trabajando en toda la red para seguir mejorando nuestro modelo de atenci\u00f3n de salud mental en todo el valle de Aconcagua\u00bb.<\/p>\n<figure id=\"attachment_74257\" aria-describedby=\"caption-attachment-74257\" style=\"width: 530px\" class=\"wp-caption alignleft\"><a href=\"http:\/\/www.eltrabajo.cl\/portal\/instalan-equipo-de-salud-mental-que-beneficiara-a-mas-de-300-llayllainos\/salud-mental-llayllay1\/\" rel=\"attachment wp-att-74257\"><img data-recalc-dims=\"1\" loading=\"lazy\" decoding=\"async\" class=\"size-full wp-image-74257\" src=\"https:\/\/i0.wp.com\/www.eltrabajo.cl\/portal\/wp-content\/uploads\/2016\/10\/salud-mental-llayllay1.jpg?resize=530%2C349\" alt=\"El anuncio fue hecho por la Directora del Servicio de Salud, Dra Vilma Olave, en presencia de la comunidad, funcionarios del establecimiento y diversas autoridades.\" width=\"530\" height=\"349\" srcset=\"https:\/\/i0.wp.com\/eltrabajo.cl\/portal\/wp-content\/uploads\/2016\/10\/salud-mental-llayllay1.jpg?w=530&amp;ssl=1 530w, https:\/\/i0.wp.com\/eltrabajo.cl\/portal\/wp-content\/uploads\/2016\/10\/salud-mental-llayllay1.jpg?resize=200%2C132&amp;ssl=1 200w, https:\/\/i0.wp.com\/eltrabajo.cl\/portal\/wp-content\/uploads\/2016\/10\/salud-mental-llayllay1.jpg?resize=300%2C198&amp;ssl=1 300w, https:\/\/i0.wp.com\/eltrabajo.cl\/portal\/wp-content\/uploads\/2016\/10\/salud-mental-llayllay1.jpg?resize=228%2C150&amp;ssl=1 228w, https:\/\/i0.wp.com\/eltrabajo.cl\/portal\/wp-content\/uploads\/2016\/10\/salud-mental-llayllay1.jpg?resize=400%2C263&amp;ssl=1 400w\" sizes=\"auto, (max-width: 530px) 100vw, 530px\" \/><\/a><figcaption id=\"caption-attachment-74257\" class=\"wp-caption-text\">El anuncio fue hecho por la Directora del Servicio de Salud, Dra Vilma Olave, en presencia de la comunidad, funcionarios del establecimiento y diversas autoridades.<\/figcaption><\/figure>\n<figure id=\"attachment_74258\" aria-describedby=\"caption-attachment-74258\" style=\"width: 530px\" class=\"wp-caption alignleft\"><a href=\"http:\/\/www.eltrabajo.cl\/portal\/instalan-equipo-de-salud-mental-que-beneficiara-a-mas-de-300-llayllainos\/salud-mental-llayllay\/\" rel=\"attachment wp-att-74258\"><img data-recalc-dims=\"1\" loading=\"lazy\" decoding=\"async\" class=\"size-full wp-image-74258\" src=\"https:\/\/i0.wp.com\/www.eltrabajo.cl\/portal\/wp-content\/uploads\/2016\/10\/salud-mental-llayllay.jpg?resize=530%2C349\" alt=\"El anuncio fue hecho por la Directora del Servicio de Salud, Dra Vilma Olave, en presencia de la comunidad, funcionarios del establecimiento y diversas autoridades.\" width=\"530\" height=\"349\" srcset=\"https:\/\/i0.wp.com\/eltrabajo.cl\/portal\/wp-content\/uploads\/2016\/10\/salud-mental-llayllay.jpg?w=530&amp;ssl=1 530w, https:\/\/i0.wp.com\/eltrabajo.cl\/portal\/wp-content\/uploads\/2016\/10\/salud-mental-llayllay.jpg?resize=200%2C132&amp;ssl=1 200w, https:\/\/i0.wp.com\/eltrabajo.cl\/portal\/wp-content\/uploads\/2016\/10\/salud-mental-llayllay.jpg?resize=300%2C198&amp;ssl=1 300w, https:\/\/i0.wp.com\/eltrabajo.cl\/portal\/wp-content\/uploads\/2016\/10\/salud-mental-llayllay.jpg?resize=228%2C150&amp;ssl=1 228w, https:\/\/i0.wp.com\/eltrabajo.cl\/portal\/wp-content\/uploads\/2016\/10\/salud-mental-llayllay.jpg?resize=400%2C263&amp;ssl=1 400w\" sizes=\"auto, (max-width: 530px) 100vw, 530px\" \/><\/a><figcaption id=\"caption-attachment-74258\" class=\"wp-caption-text\">El anuncio fue hecho por la Directora del Servicio de Salud, Dra Vilma Olave, en presencia de la comunidad, funcionarios del establecimiento y diversas autoridades.<\/figcaption><\/figure>\n","protected":false},"excerpt":{"rendered":"<p>Un equipo de salud mental para dar atenci\u00f3n a pacientes de Llay Llay y otras comunas y zonas cercanas, se instala en el hospital de esa comuna, cumpli\u00e9ndose de este forma un&#8230;<\/p>\n","protected":false},"author":1,"featured_media":74258,"comment_status":"open","ping_status":"open","sticky":false,"template":"","format":"standard","meta":{"advanced_seo_description":"","jetpack_seo_html_title":"","jetpack_seo_noindex":false,"_jetpack_memberships_contains_paid_content":false,"footnotes":""},"categories":[1],"tags":[],"class_list":["post-74256","post","type-post","status-publish","format-standard","has-post-thumbnail","hentry","category-cronica"],"jetpack_featured_media_url":"https:\/\/i0.wp.com\/eltrabajo.cl\/portal\/wp-content\/uploads\/2016\/10\/salud-mental-llayllay.jpg?fit=530%2C349&ssl=1","jetpack_sharing_enabled":true,"jetpack_likes_enabled":true,"jetpack-related-posts":[],"_links":{"self":[{"href":"https:\/\/eltrabajo.cl\/portal\/wp-json\/wp\/v2\/posts\/74256","targetHints":{"allow":["GET"]}}],"collection":[{"href":"https:\/\/eltrabajo.cl\/portal\/wp-json\/wp\/v2\/posts"}],"about":[{"href":"https:\/\/eltrabajo.cl\/portal\/wp-json\/wp\/v2\/types\/post"}],"author":[{"embeddable":true,"href":"https:\/\/eltrabajo.cl\/portal\/wp-json\/wp\/v2\/users\/1"}],"replies":[{"embeddable":true,"href":"https:\/\/eltrabajo.cl\/portal\/wp-json\/wp\/v2\/comments?post=74256"}],"version-history":[{"count":0,"href":"https:\/\/eltrabajo.cl\/portal\/wp-json\/wp\/v2\/posts\/74256\/revisions"}],"wp:featuredmedia":[{"embeddable":true,"href":"https:\/\/eltrabajo.cl\/portal\/wp-json\/wp\/v2\/media\/74258"}],"wp:attachment":[{"href":"https:\/\/eltrabajo.cl\/portal\/wp-json\/wp\/v2\/media?parent=74256"}],"wp:term":[{"taxonomy":"category","embeddable":true,"href":"https:\/\/eltrabajo.cl\/portal\/wp-json\/wp\/v2\/categories?post=74256"},{"taxonomy":"post_tag","embeddable":true,"href":"https:\/\/eltrabajo.cl\/portal\/wp-json\/wp\/v2\/tags?post=74256"}],"curies":[{"name":"wp","href":"https:\/\/api.w.org\/{rel}","templated":true}]}}