{"id":74271,"date":"2016-10-04T09:05:13","date_gmt":"2016-10-04T12:05:13","guid":{"rendered":"http:\/\/www.eltrabajo.cl\/portal\/?p=74271"},"modified":"2016-10-04T09:05:13","modified_gmt":"2016-10-04T12:05:13","slug":"municipales-ganan-copa-aniversario-137-anos-en-mejillones","status":"publish","type":"post","link":"https:\/\/eltrabajo.cl\/portal\/municipales-ganan-copa-aniversario-137-anos-en-mejillones\/","title":{"rendered":"Municipales ganan Copa Aniversario 137 a\u00f1os en Mejillones"},"content":{"rendered":"<ul>\n<li><strong>Deportivo Municipal de San Felipe:<\/strong><\/li>\n<\/ul>\n<p>El pasado s\u00e1bado 01 de octubre a las 17:00 hrs en el Estadio Municipal de Mejillones, se disput\u00f3 la Copa Aniversario N\u00b0 137 A\u00f1os, actividad est\u00e1 inserta en el programa de actividades de dicha comuna.<br \/>\nEl Deportivo Municipal sanfelipe\u00f1o, gole\u00f3 a su s\u00edmil de Mejillones por cinco goles a uno, dejando al representativo local con el trofeo en disputa. Cabe se\u00f1alar que el equipo est\u00e1 constituido por la totalidad de los trabajadores de los Talleres Municipales y cont\u00f3 con el apoyo pleno del alcalde Patricio Freire y del alcalde de Mejillones Marcelino Carvajal.<br \/>\nDiario el Trabajo felicita al Deportivo Municipal por su triunfo y obtenci\u00f3n del trofeo en tierras nortinas, dejando bien puesto el nombre de San Felipe.<\/p>\n<figure id=\"attachment_74272\" aria-describedby=\"caption-attachment-74272\" style=\"width: 530px\" class=\"wp-caption alignleft\"><a href=\"http:\/\/www.eltrabajo.cl\/portal\/municipales-ganan-copa-aniversario-137-anos-en-mejillones\/copa-1\/\" rel=\"attachment wp-att-74272\"><img data-recalc-dims=\"1\" loading=\"lazy\" decoding=\"async\" class=\"size-full wp-image-74272\" src=\"https:\/\/i0.wp.com\/www.eltrabajo.cl\/portal\/wp-content\/uploads\/2016\/10\/COPA-1.jpg?resize=530%2C350\" alt=\" Deportivo Municipal celebrando su triunfo en Mejillones.\" width=\"530\" height=\"350\" srcset=\"https:\/\/i0.wp.com\/eltrabajo.cl\/portal\/wp-content\/uploads\/2016\/10\/COPA-1.jpg?w=530&amp;ssl=1 530w, https:\/\/i0.wp.com\/eltrabajo.cl\/portal\/wp-content\/uploads\/2016\/10\/COPA-1.jpg?resize=200%2C132&amp;ssl=1 200w, https:\/\/i0.wp.com\/eltrabajo.cl\/portal\/wp-content\/uploads\/2016\/10\/COPA-1.jpg?resize=300%2C198&amp;ssl=1 300w, https:\/\/i0.wp.com\/eltrabajo.cl\/portal\/wp-content\/uploads\/2016\/10\/COPA-1.jpg?resize=227%2C150&amp;ssl=1 227w, https:\/\/i0.wp.com\/eltrabajo.cl\/portal\/wp-content\/uploads\/2016\/10\/COPA-1.jpg?resize=400%2C264&amp;ssl=1 400w\" sizes=\"auto, (max-width: 530px) 100vw, 530px\" \/><\/a><figcaption id=\"caption-attachment-74272\" class=\"wp-caption-text\">Deportivo Municipal celebrando su triunfo en Mejillones.<\/figcaption><\/figure>\n","protected":false},"excerpt":{"rendered":"<p>Deportivo Municipal de San Felipe: El pasado s\u00e1bado 01 de octubre a las 17:00 hrs en el Estadio Municipal de Mejillones, se disput\u00f3 la Copa Aniversario N\u00b0 137 A\u00f1os, actividad est\u00e1 inserta&#8230;<\/p>\n","protected":false},"author":1,"featured_media":74272,"comment_status":"open","ping_status":"open","sticky":false,"template":"","format":"standard","meta":{"advanced_seo_description":"","jetpack_seo_html_title":"","jetpack_seo_noindex":false,"_jetpack_memberships_contains_paid_content":false,"footnotes":""},"categories":[15],"tags":[],"class_list":["post-74271","post","type-post","status-publish","format-standard","has-post-thumbnail","hentry","category-comunidad"],"jetpack_featured_media_url":"https:\/\/i0.wp.com\/eltrabajo.cl\/portal\/wp-content\/uploads\/2016\/10\/COPA-1.jpg?fit=530%2C350&ssl=1","jetpack_sharing_enabled":true,"jetpack_likes_enabled":true,"jetpack-related-posts":[],"_links":{"self":[{"href":"https:\/\/eltrabajo.cl\/portal\/wp-json\/wp\/v2\/posts\/74271","targetHints":{"allow":["GET"]}}],"collection":[{"href":"https:\/\/eltrabajo.cl\/portal\/wp-json\/wp\/v2\/posts"}],"about":[{"href":"https:\/\/eltrabajo.cl\/portal\/wp-json\/wp\/v2\/types\/post"}],"author":[{"embeddable":true,"href":"https:\/\/eltrabajo.cl\/portal\/wp-json\/wp\/v2\/users\/1"}],"replies":[{"embeddable":true,"href":"https:\/\/eltrabajo.cl\/portal\/wp-json\/wp\/v2\/comments?post=74271"}],"version-history":[{"count":0,"href":"https:\/\/eltrabajo.cl\/portal\/wp-json\/wp\/v2\/posts\/74271\/revisions"}],"wp:featuredmedia":[{"embeddable":true,"href":"https:\/\/eltrabajo.cl\/portal\/wp-json\/wp\/v2\/media\/74272"}],"wp:attachment":[{"href":"https:\/\/eltrabajo.cl\/portal\/wp-json\/wp\/v2\/media?parent=74271"}],"wp:term":[{"taxonomy":"category","embeddable":true,"href":"https:\/\/eltrabajo.cl\/portal\/wp-json\/wp\/v2\/categories?post=74271"},{"taxonomy":"post_tag","embeddable":true,"href":"https:\/\/eltrabajo.cl\/portal\/wp-json\/wp\/v2\/tags?post=74271"}],"curies":[{"name":"wp","href":"https:\/\/api.w.org\/{rel}","templated":true}]}}