{"id":74275,"date":"2016-10-04T09:16:24","date_gmt":"2016-10-04T12:16:24","guid":{"rendered":"http:\/\/www.eltrabajo.cl\/portal\/?p=74275"},"modified":"2016-10-04T09:16:25","modified_gmt":"2016-10-04T12:16:25","slug":"autorizacion-de-mineras-en-jahuel-recae-en-dictamen-del-gobernador-leon","status":"publish","type":"post","link":"https:\/\/eltrabajo.cl\/portal\/autorizacion-de-mineras-en-jahuel-recae-en-dictamen-del-gobernador-leon\/","title":{"rendered":"Autorizaci\u00f3n de Mineras en Jahuel recae en dictamen del gobernador Le\u00f3n"},"content":{"rendered":"<p>Tras una audiencia reconciliatoria en el 1\u00ba Juzgado de Letras de San Felipe, entre la Empresa Minera La Esperanza y la Comunidad de Campo Jahuel, quedaron ratificadas absolutamente todas las cl\u00e1usulas exigidas por el juzgado antes de otorgar una servidumbre de paso, por lo tanto, los mineros est\u00e1n prohibidos de ingresar a los predios de la Comunidad de Campo.<br \/>\nAs\u00ed lo ratific\u00f3 el abogado de la Comunidad, Guido Witto, quien ha llevado la causa desde hace 8 a\u00f1os defendiendo a la comunidad de Campo con excelentes resultados: \u201cNuestra parte represent\u00f3 al tribunal que no han cumplido las exigencias establecidas en la sentencia de servidumbre de paso. Exigencias o requisitos de car\u00e1cter medioambiental que les impone la obligaci\u00f3n, por un lado, de cumplir con un plan de manejo autorizado por Conaf. De cumplir al presentar un proyecto que permita garantizar que las napas de las aguas de este yacimiento, que son vitales para el desarrollo de la agricultura, ganader\u00eda y bebida humana del sector de Jahuel, no se vea afectado o alterado como ha ocurrido anteriormente por la explotaci\u00f3n minera. Adem\u00e1s se les exige un estudio de impacto ambiental y posteriormente a eso, un dep\u00f3sito de garant\u00eda de 1.500 Unidades de Fomento\u201d afirm\u00f3 el Abogado.<br \/>\nSin embargo, seg\u00fan explic\u00f3 Guido Witto, tambi\u00e9n quedan sujetos por el tribunal, a acatar lo referente al art\u00edculo 17 del C\u00f3digo de Miner\u00eda y que habla que cuando una actividad minera amenace el abastecimiento de agua de un poblado, dicha actividad queda sujeta a la autorizaci\u00f3n por parte del gobernador provincial, en este caso, Eduardo Le\u00f3n.<br \/>\nCabe destacar que mientras el presidente de la Comunidad de Campo se encontraba en audiencia, afuera del juzgado y en su frontis, se llev\u00f3 a cabo una bulliciosa protesta por parte de una treintena de personas, la mayor\u00eda habitantes de Jahuel y acompa\u00f1ados por varios candidatos a concejal y el mismo Claudio Zurita, todos apelando a que es imposible asegurar la preservaci\u00f3n del agua cuando esta minera pretende explotar el yacimiento Aguas Claras, que queda a menos de 130 metros de los acopios y vertientes del agua potable y a menos de 60 metros de los esteros que llevan el agua de regad\u00edo, adem\u00e1s de ser un yacimiento que se encuentra sobre algunas de las napas que abastecen las vertientes de las Cortaderas.<br \/>\nEn resumen, qued\u00f3 demostrado que Jahuel y Santa Mar\u00eda est\u00e1n muy unidos contra la actividad minera en esta zona, que es uno de los tres sistemas ecol\u00f3gicos m\u00e1s importantes del Valle del Aconcagua, y sitio prioritario de conservaci\u00f3n por las pol\u00edticas medioambientales regionales seg\u00fan la seremi de Medioambiente, Tania Bertoglio.<br \/>\n<strong>Roberto Mercado Aced<\/strong><\/p>\n<figure id=\"attachment_74276\" aria-describedby=\"caption-attachment-74276\" style=\"width: 530px\" class=\"wp-caption alignleft\"><a href=\"http:\/\/www.eltrabajo.cl\/portal\/autorizacion-de-mineras-en-jahuel-recae-en-dictamen-del-gobernador-leon\/jahuel-2\/\" rel=\"attachment wp-att-74276\"><img data-recalc-dims=\"1\" loading=\"lazy\" decoding=\"async\" class=\"size-full wp-image-74276\" src=\"https:\/\/i0.wp.com\/www.eltrabajo.cl\/portal\/wp-content\/uploads\/2016\/10\/JAHUEL.jpg?resize=530%2C350\" alt=\"En las afueras del juzgado y en su frontis, se llev\u00f3 a cabo una bulliciosa protesta por parte de una treintena de personas, acompa\u00f1ados por varios candidatos a concejal y el mismo Claudio Zurita, todos apelando a que es imposible asegurar la preservaci\u00f3n del agua cuando esta minera pretende explotar el yacimiento Aguas Claras.\" width=\"530\" height=\"350\" srcset=\"https:\/\/i0.wp.com\/eltrabajo.cl\/portal\/wp-content\/uploads\/2016\/10\/JAHUEL.jpg?w=530&amp;ssl=1 530w, https:\/\/i0.wp.com\/eltrabajo.cl\/portal\/wp-content\/uploads\/2016\/10\/JAHUEL.jpg?resize=200%2C132&amp;ssl=1 200w, https:\/\/i0.wp.com\/eltrabajo.cl\/portal\/wp-content\/uploads\/2016\/10\/JAHUEL.jpg?resize=300%2C198&amp;ssl=1 300w, https:\/\/i0.wp.com\/eltrabajo.cl\/portal\/wp-content\/uploads\/2016\/10\/JAHUEL.jpg?resize=227%2C150&amp;ssl=1 227w, https:\/\/i0.wp.com\/eltrabajo.cl\/portal\/wp-content\/uploads\/2016\/10\/JAHUEL.jpg?resize=400%2C264&amp;ssl=1 400w\" sizes=\"auto, (max-width: 530px) 100vw, 530px\" \/><\/a><figcaption id=\"caption-attachment-74276\" class=\"wp-caption-text\">En las afueras del juzgado y en su frontis, se llev\u00f3 a cabo una bulliciosa protesta por parte de una treintena de personas, acompa\u00f1ados por varios candidatos a concejal y el mismo Claudio Zurita, todos apelando a que es imposible asegurar la preservaci\u00f3n del agua cuando esta minera pretende explotar el yacimiento Aguas Claras.<\/figcaption><\/figure>\n","protected":false},"excerpt":{"rendered":"<p>Tras una audiencia reconciliatoria en el 1\u00ba Juzgado de Letras de San Felipe, entre la Empresa Minera La Esperanza y la Comunidad de Campo Jahuel, quedaron ratificadas absolutamente todas las cl\u00e1usulas exigidas&#8230;<\/p>\n","protected":false},"author":1,"featured_media":74276,"comment_status":"open","ping_status":"open","sticky":false,"template":"","format":"standard","meta":{"advanced_seo_description":"","jetpack_seo_html_title":"","jetpack_seo_noindex":false,"_jetpack_memberships_contains_paid_content":false,"footnotes":""},"categories":[15],"tags":[],"class_list":["post-74275","post","type-post","status-publish","format-standard","has-post-thumbnail","hentry","category-comunidad"],"jetpack_featured_media_url":"https:\/\/i0.wp.com\/eltrabajo.cl\/portal\/wp-content\/uploads\/2016\/10\/JAHUEL.jpg?fit=530%2C350&ssl=1","jetpack_sharing_enabled":true,"jetpack_likes_enabled":true,"jetpack-related-posts":[],"_links":{"self":[{"href":"https:\/\/eltrabajo.cl\/portal\/wp-json\/wp\/v2\/posts\/74275","targetHints":{"allow":["GET"]}}],"collection":[{"href":"https:\/\/eltrabajo.cl\/portal\/wp-json\/wp\/v2\/posts"}],"about":[{"href":"https:\/\/eltrabajo.cl\/portal\/wp-json\/wp\/v2\/types\/post"}],"author":[{"embeddable":true,"href":"https:\/\/eltrabajo.cl\/portal\/wp-json\/wp\/v2\/users\/1"}],"replies":[{"embeddable":true,"href":"https:\/\/eltrabajo.cl\/portal\/wp-json\/wp\/v2\/comments?post=74275"}],"version-history":[{"count":0,"href":"https:\/\/eltrabajo.cl\/portal\/wp-json\/wp\/v2\/posts\/74275\/revisions"}],"wp:featuredmedia":[{"embeddable":true,"href":"https:\/\/eltrabajo.cl\/portal\/wp-json\/wp\/v2\/media\/74276"}],"wp:attachment":[{"href":"https:\/\/eltrabajo.cl\/portal\/wp-json\/wp\/v2\/media?parent=74275"}],"wp:term":[{"taxonomy":"category","embeddable":true,"href":"https:\/\/eltrabajo.cl\/portal\/wp-json\/wp\/v2\/categories?post=74275"},{"taxonomy":"post_tag","embeddable":true,"href":"https:\/\/eltrabajo.cl\/portal\/wp-json\/wp\/v2\/tags?post=74275"}],"curies":[{"name":"wp","href":"https:\/\/api.w.org\/{rel}","templated":true}]}}