{"id":74286,"date":"2016-10-04T09:20:55","date_gmt":"2016-10-04T12:20:55","guid":{"rendered":"http:\/\/www.eltrabajo.cl\/portal\/?p=74286"},"modified":"2016-10-04T09:20:55","modified_gmt":"2016-10-04T12:20:55","slug":"esta-semana-viaja-al-sur-enfermo-de-cancer-desahuciado-por-la-medicina","status":"publish","type":"post","link":"https:\/\/eltrabajo.cl\/portal\/esta-semana-viaja-al-sur-enfermo-de-cancer-desahuciado-por-la-medicina\/","title":{"rendered":"Esta semana viaja al sur enfermo de c\u00e1ncer desahuciado por la medicina"},"content":{"rendered":"<ul>\n<li><strong><span style=\"color: #ff0000;\">Candidato a concejal Claudio Pantoja don\u00f3 transporte y lectores de Diario El Trabajo aportaron $140.000:<\/span>\u00a0Ahora don Alfonso podr\u00e1 pasar esta enfermedad al lado de los suyos en Villarrica, gracias a la generosidad de quienes leyeron su historia y decidieron ayudarle.<\/strong><\/li>\n<\/ul>\n<p>Luego que en Diario El Trabajo hici\u00e9ramos p\u00fablica la historia de un vecino de Curim\u00f3n, que padece un c\u00e1ncer basocelular en su pierna izquierda, quien solicitara a nuestros lectores un apoyo para poder pagar un flete hasta Villarrica para sentirse m\u00e1s acompa\u00f1ado en tierras del sur, la respuesta no se dej\u00f3 esperar, don Alfonso Calfu\u00f1anco Paillac\u00e1n, de 66 a\u00f1os recibi\u00f3 m\u00e1s de $140.000 y tambi\u00e9n un donativo muy importante.<\/p>\n<p><strong>SIEMPRE CLAUDIO<\/strong><br \/>\n\u00abEstoy muy agradecido por todo el apoyo que los vecinos de San Felipe, los lectores del diario, quienes en un \u2018puerta-puerta\u2019 que hizo mi esposa con la se\u00f1ora M\u00f3nica Ortiz, en Curim\u00f3n, pero la sorpresa m\u00e1s grata para m\u00ed, es que el candidato a concejal de San Felipe, Claudio Pantoja, me visit\u00f3 y me ofreci\u00f3 de manera gratuita darme el transporte completamente gratis de mis cosas hasta Villarrica, lo cual acept\u00e9 con mucho gusto\u00bb, dijo el adulto mayor.<br \/>\nDon Alfonso se ha ganado la vida durante los \u00faltimos 25 a\u00f1os, confeccionando ropa infantil en nuestra provincia, algunos de nuestros lectores quiz\u00e1 les resultar\u00e1 conocida aquella tienda, ubicada hace a\u00f1os en Traslavi\u00f1a con Prat, se llamaba Kalfu\u00f1anko Sport, estamos hablando de don Alfonso Calfu\u00f1anco Paillac\u00e1n, de 66 a\u00f1os, quien repentinamente tuvo que dejar su oficio para atender un grave problema de salud.<br \/>\n\u00abActualmente ya estoy siendo medicado s\u00f3lo con morfina, ya el tramadol no me hace efecto, gracias a esta droga no me duele mucho, pero creo lograr\u00e9 salir adelante, esa es mi esperanza, tambi\u00e9n deseo agradecer a Diario El Trabajo, sin ese reportaje no habr\u00eda podido recibir este gran apoyo de sus lectores, adem\u00e1s hago p\u00fablico mi agradecimiento a mi amiga Selfa Antim\u00e1n, de Santa Mar\u00eda, quien se report\u00f3 apenas ley\u00f3 la noticia\u00bb, dijo finalmente el afectado.<\/p>\n<p><strong>ESTA SEMANA<\/strong><br \/>\nSeg\u00fan nos explic\u00f3 Calfu\u00f1anco, \u00e9l se estar\u00e1 marchando al sur esta semana, por lo que hoy quienes laboramos en Diario El Trabajo le deseamos la mejor de las suertes en esta nueva etapa de su vida al lado de sus familiares, quienes tambi\u00e9n han aportado para que \u00e9l no sufra cuando llegue a tierras del sur, ya que le tienen preparada una digna vivienda, seg\u00fan nos explic\u00f3 don Alfonso.<br \/>\n<strong>Roberto Gonz\u00e1lez Short<\/strong><\/p>\n<figure id=\"attachment_74287\" aria-describedby=\"caption-attachment-74287\" style=\"width: 530px\" class=\"wp-caption alignleft\"><a href=\"http:\/\/www.eltrabajo.cl\/portal\/esta-semana-viaja-al-sur-enfermo-de-cancer-desahuciado-por-la-medicina\/alfonso33\/\" rel=\"attachment wp-att-74287\"><img data-recalc-dims=\"1\" loading=\"lazy\" decoding=\"async\" class=\"size-full wp-image-74287\" src=\"https:\/\/i0.wp.com\/www.eltrabajo.cl\/portal\/wp-content\/uploads\/2016\/10\/Alfonso33.jpg?resize=530%2C348\" alt=\"UN HOMBRE DE FE.- Caminando en su burrito, ayer lunes don Alfonso nos atendi\u00f3 en su casa, en Curim\u00f3n, para dar las gracias a los lectores de Diario El Trabajo.\" width=\"530\" height=\"348\" srcset=\"https:\/\/i0.wp.com\/eltrabajo.cl\/portal\/wp-content\/uploads\/2016\/10\/Alfonso33.jpg?w=530&amp;ssl=1 530w, https:\/\/i0.wp.com\/eltrabajo.cl\/portal\/wp-content\/uploads\/2016\/10\/Alfonso33.jpg?resize=200%2C131&amp;ssl=1 200w, https:\/\/i0.wp.com\/eltrabajo.cl\/portal\/wp-content\/uploads\/2016\/10\/Alfonso33.jpg?resize=300%2C197&amp;ssl=1 300w, https:\/\/i0.wp.com\/eltrabajo.cl\/portal\/wp-content\/uploads\/2016\/10\/Alfonso33.jpg?resize=228%2C150&amp;ssl=1 228w, https:\/\/i0.wp.com\/eltrabajo.cl\/portal\/wp-content\/uploads\/2016\/10\/Alfonso33.jpg?resize=400%2C263&amp;ssl=1 400w\" sizes=\"auto, (max-width: 530px) 100vw, 530px\" \/><\/a><figcaption id=\"caption-attachment-74287\" class=\"wp-caption-text\">UN HOMBRE DE FE.- Caminando en su burrito, ayer lunes don Alfonso nos atendi\u00f3 en su casa, en Curim\u00f3n, para dar las gracias a los lectores de Diario El Trabajo.<\/figcaption><\/figure>\n","protected":false},"excerpt":{"rendered":"<p>Candidato a concejal Claudio Pantoja don\u00f3 transporte y lectores de Diario El Trabajo aportaron $140.000:\u00a0Ahora don Alfonso podr\u00e1 pasar esta enfermedad al lado de los suyos en Villarrica, gracias a la generosidad&#8230;<\/p>\n","protected":false},"author":1,"featured_media":74287,"comment_status":"open","ping_status":"open","sticky":false,"template":"","format":"standard","meta":{"advanced_seo_description":"","jetpack_seo_html_title":"","jetpack_seo_noindex":false,"_jetpack_memberships_contains_paid_content":false,"footnotes":""},"categories":[15],"tags":[],"class_list":["post-74286","post","type-post","status-publish","format-standard","has-post-thumbnail","hentry","category-comunidad"],"jetpack_featured_media_url":"https:\/\/i0.wp.com\/eltrabajo.cl\/portal\/wp-content\/uploads\/2016\/10\/Alfonso33.jpg?fit=530%2C348&ssl=1","jetpack_sharing_enabled":true,"jetpack_likes_enabled":true,"jetpack-related-posts":[],"_links":{"self":[{"href":"https:\/\/eltrabajo.cl\/portal\/wp-json\/wp\/v2\/posts\/74286","targetHints":{"allow":["GET"]}}],"collection":[{"href":"https:\/\/eltrabajo.cl\/portal\/wp-json\/wp\/v2\/posts"}],"about":[{"href":"https:\/\/eltrabajo.cl\/portal\/wp-json\/wp\/v2\/types\/post"}],"author":[{"embeddable":true,"href":"https:\/\/eltrabajo.cl\/portal\/wp-json\/wp\/v2\/users\/1"}],"replies":[{"embeddable":true,"href":"https:\/\/eltrabajo.cl\/portal\/wp-json\/wp\/v2\/comments?post=74286"}],"version-history":[{"count":0,"href":"https:\/\/eltrabajo.cl\/portal\/wp-json\/wp\/v2\/posts\/74286\/revisions"}],"wp:featuredmedia":[{"embeddable":true,"href":"https:\/\/eltrabajo.cl\/portal\/wp-json\/wp\/v2\/media\/74287"}],"wp:attachment":[{"href":"https:\/\/eltrabajo.cl\/portal\/wp-json\/wp\/v2\/media?parent=74286"}],"wp:term":[{"taxonomy":"category","embeddable":true,"href":"https:\/\/eltrabajo.cl\/portal\/wp-json\/wp\/v2\/categories?post=74286"},{"taxonomy":"post_tag","embeddable":true,"href":"https:\/\/eltrabajo.cl\/portal\/wp-json\/wp\/v2\/tags?post=74286"}],"curies":[{"name":"wp","href":"https:\/\/api.w.org\/{rel}","templated":true}]}}