{"id":74290,"date":"2016-10-05T08:59:42","date_gmt":"2016-10-05T11:59:42","guid":{"rendered":"http:\/\/www.eltrabajo.cl\/portal\/?p=74290"},"modified":"2016-10-05T08:59:42","modified_gmt":"2016-10-05T11:59:42","slug":"ballet-municipal-de-catemu-se-lucio-en-su-gala","status":"publish","type":"post","link":"https:\/\/eltrabajo.cl\/portal\/ballet-municipal-de-catemu-se-lucio-en-su-gala\/","title":{"rendered":"Ballet Municipal de Catemu se luci\u00f3 en su gala"},"content":{"rendered":"<ul>\n<li><strong>Ballet folcl\u00f3rico Municipal de Catemu, se luci\u00f3 en su Gala, realizada al costado de la Escuela Mar\u00eda Teresa Del Canto, donde los bailarines, junto al grupo folcl\u00f3rico que acompa\u00f1a sus presentaciones, sacaron aplausos de pie de parte de los asistentes.<\/strong><\/li>\n<\/ul>\n<p><strong>CATEMU.-<\/strong> Desde el mes de junio de 2015 que el Ballet Municipal fue creado, surge de la idea de fomentarla cultura en la comuna, generando esta instancia de participaci\u00f3n para los vecinos de Catemu.<br \/>\nCuadros de diferentes zonas del pa\u00eds, present\u00f3 el Ballet Municipal, demostrando el trabajo que se realiza de manera seria y constante con quienes lo conforman, logrando representar la cultura de nuestro pa\u00eds a trav\u00e9s de diferentes ritmos, con hermosos vestuarios representativos, dirigidos por Lizardo Dur\u00e1n.<br \/>\nPor su parte, el conjunto folcl\u00f3rico que acompa\u00f1a al Ballet, con instrumentos de cuerda, viento y percusi\u00f3n, logran complementarse a la perfecci\u00f3n con las voces que corean diversos temas folcl\u00f3ricos de nuestro pa\u00eds.<br \/>\nEste desplante y talento represent\u00f3 a nivel regional, obteniendo el Primer Lugar en dicho certamen, dejando enaltecido el nombre de Catemu con su presentaci\u00f3n. Cabe destacar, que en diversas ocasiones, ha recibido invitaciones de diferentes comunas, por el gran nivel de su puesta en escena.<br \/>\nEsto demuestra el gran trabajo que se realiza en el \u00e1mbito cultural en la comuna, fomentando el desarrollo y abriendo la gama de oportunidades en este aspecto, tanto por las instancias de coros, talleres de teatro, danza y cuerdas en las escuelas municipales; la creaci\u00f3n de la orquesta de cuerdas, entre otras. Adem\u00e1s de la gran oferta de eventos gratuitos a disposici\u00f3n de la comunidad ofrecidos por el Municipio.<\/p>\n<figure id=\"attachment_74291\" aria-describedby=\"caption-attachment-74291\" style=\"width: 530px\" class=\"wp-caption alignleft\"><a href=\"http:\/\/www.eltrabajo.cl\/portal\/ballet-municipal-de-catemu-se-lucio-en-su-gala\/ballet-catemu\/\" rel=\"attachment wp-att-74291\"><img data-recalc-dims=\"1\" loading=\"lazy\" decoding=\"async\" class=\"size-full wp-image-74291\" src=\"https:\/\/i0.wp.com\/www.eltrabajo.cl\/portal\/wp-content\/uploads\/2016\/10\/BALLET-CATEMU.jpg?resize=530%2C350\" alt=\"Ballet folcl\u00f3rico Municipal de Catemu, se luci\u00f3 en su Gala, donde los bailarines, junto al grupo folcl\u00f3rico que acompa\u00f1a sus presentaciones, sacaron aplausos de pie de parte de los asistentes.\" width=\"530\" height=\"350\" srcset=\"https:\/\/i0.wp.com\/eltrabajo.cl\/portal\/wp-content\/uploads\/2016\/10\/BALLET-CATEMU.jpg?w=530&amp;ssl=1 530w, https:\/\/i0.wp.com\/eltrabajo.cl\/portal\/wp-content\/uploads\/2016\/10\/BALLET-CATEMU.jpg?resize=200%2C132&amp;ssl=1 200w, https:\/\/i0.wp.com\/eltrabajo.cl\/portal\/wp-content\/uploads\/2016\/10\/BALLET-CATEMU.jpg?resize=300%2C198&amp;ssl=1 300w, https:\/\/i0.wp.com\/eltrabajo.cl\/portal\/wp-content\/uploads\/2016\/10\/BALLET-CATEMU.jpg?resize=227%2C150&amp;ssl=1 227w, https:\/\/i0.wp.com\/eltrabajo.cl\/portal\/wp-content\/uploads\/2016\/10\/BALLET-CATEMU.jpg?resize=400%2C264&amp;ssl=1 400w\" sizes=\"auto, (max-width: 530px) 100vw, 530px\" \/><\/a><figcaption id=\"caption-attachment-74291\" class=\"wp-caption-text\">Ballet folcl\u00f3rico Municipal de Catemu, se luci\u00f3 en su Gala, donde los bailarines, junto al grupo folcl\u00f3rico que acompa\u00f1a sus presentaciones, sacaron aplausos de pie de parte de los asistentes.<\/figcaption><\/figure>\n","protected":false},"excerpt":{"rendered":"<p>Ballet folcl\u00f3rico Municipal de Catemu, se luci\u00f3 en su Gala, realizada al costado de la Escuela Mar\u00eda Teresa Del Canto, donde los bailarines, junto al grupo folcl\u00f3rico que acompa\u00f1a sus presentaciones, sacaron&#8230;<\/p>\n","protected":false},"author":1,"featured_media":74291,"comment_status":"open","ping_status":"open","sticky":false,"template":"","format":"standard","meta":{"advanced_seo_description":"","jetpack_seo_html_title":"","jetpack_seo_noindex":false,"_jetpack_memberships_contains_paid_content":false,"footnotes":""},"categories":[1],"tags":[],"class_list":["post-74290","post","type-post","status-publish","format-standard","has-post-thumbnail","hentry","category-cronica"],"jetpack_featured_media_url":"https:\/\/i0.wp.com\/eltrabajo.cl\/portal\/wp-content\/uploads\/2016\/10\/BALLET-CATEMU.jpg?fit=530%2C350&ssl=1","jetpack_sharing_enabled":true,"jetpack_likes_enabled":true,"jetpack-related-posts":[],"_links":{"self":[{"href":"https:\/\/eltrabajo.cl\/portal\/wp-json\/wp\/v2\/posts\/74290","targetHints":{"allow":["GET"]}}],"collection":[{"href":"https:\/\/eltrabajo.cl\/portal\/wp-json\/wp\/v2\/posts"}],"about":[{"href":"https:\/\/eltrabajo.cl\/portal\/wp-json\/wp\/v2\/types\/post"}],"author":[{"embeddable":true,"href":"https:\/\/eltrabajo.cl\/portal\/wp-json\/wp\/v2\/users\/1"}],"replies":[{"embeddable":true,"href":"https:\/\/eltrabajo.cl\/portal\/wp-json\/wp\/v2\/comments?post=74290"}],"version-history":[{"count":0,"href":"https:\/\/eltrabajo.cl\/portal\/wp-json\/wp\/v2\/posts\/74290\/revisions"}],"wp:featuredmedia":[{"embeddable":true,"href":"https:\/\/eltrabajo.cl\/portal\/wp-json\/wp\/v2\/media\/74291"}],"wp:attachment":[{"href":"https:\/\/eltrabajo.cl\/portal\/wp-json\/wp\/v2\/media?parent=74290"}],"wp:term":[{"taxonomy":"category","embeddable":true,"href":"https:\/\/eltrabajo.cl\/portal\/wp-json\/wp\/v2\/categories?post=74290"},{"taxonomy":"post_tag","embeddable":true,"href":"https:\/\/eltrabajo.cl\/portal\/wp-json\/wp\/v2\/tags?post=74290"}],"curies":[{"name":"wp","href":"https:\/\/api.w.org\/{rel}","templated":true}]}}