{"id":74298,"date":"2016-10-05T09:04:32","date_gmt":"2016-10-05T12:04:32","guid":{"rendered":"http:\/\/www.eltrabajo.cl\/portal\/?p=74298"},"modified":"2016-10-05T09:04:32","modified_gmt":"2016-10-05T12:04:32","slug":"desfile-de-faroles-batucada-y-estudiantina-en-honor-al-santo-de-curimon","status":"publish","type":"post","link":"https:\/\/eltrabajo.cl\/portal\/desfile-de-faroles-batucada-y-estudiantina-en-honor-al-santo-de-curimon\/","title":{"rendered":"Desfile de faroles, Batucada y Estudiantina en honor al santo de Curim\u00f3n"},"content":{"rendered":"<p>Un multitudinario desfile de faroles, en honor a San Francisco de As\u00eds es el que este lunes se realiz\u00f3 al filo de las 19:00 horas en Curim\u00f3n, la actividad estuvo organizada, por cuarta vez, por la Escuela Carmela Carvajal de Prat bajo la direcci\u00f3n de Ana Mar\u00eda Donoso.<br \/>\n\u00abEste a\u00f1o contamos con valiosos refuerzos para esta actividad, pues nos apoyaron las escuelas Jos\u00e9 Manso de Velasco y Almendral. La primera particip\u00f3 con su preciosa Estudiantina, y con una grandiosa batucada la Manso de Velasco\u00bb, dijo Donoso a Diario El Trabajo.<br \/>\nTambi\u00e9n fue la banda escolar de la escuela local la que llev\u00f3 el ritmo de la jornada, mientras que el manto de la noche poco a poco cubr\u00eda la poblaci\u00f3n y se dejaban ver los cientos de faroles de los escolares del desfile, quienes tambi\u00e9n marcharon con sus padres y apoderados.<br \/>\nPara ayer martes en horas del mediod\u00eda tambi\u00e9n se realiz\u00f3 la bendici\u00f3n de los animales en el cerro San Francisco, ambas actividades finalizaron frente al ret\u00e9n de Carabineros en Curim\u00f3n centro.<br \/>\n<strong>Roberto Gonz\u00e1lez Short<\/strong><\/p>\n<figure id=\"attachment_74299\" aria-describedby=\"caption-attachment-74299\" style=\"width: 530px\" class=\"wp-caption alignleft\"><a href=\"http:\/\/www.eltrabajo.cl\/portal\/desfile-de-faroles-batucada-y-estudiantina-en-honor-al-santo-de-curimon\/banda1-12\/\" rel=\"attachment wp-att-74299\"><img data-recalc-dims=\"1\" loading=\"lazy\" decoding=\"async\" class=\"size-full wp-image-74299\" src=\"https:\/\/i0.wp.com\/www.eltrabajo.cl\/portal\/wp-content\/uploads\/2016\/10\/Banda1.jpg?resize=530%2C350\" alt=\"BANDA ESCOLAR.- Los anfitriones de la jornada, mostraron la potencia de su banda escolar por las calles de su poblaci\u00f3n.\" width=\"530\" height=\"350\" srcset=\"https:\/\/i0.wp.com\/eltrabajo.cl\/portal\/wp-content\/uploads\/2016\/10\/Banda1.jpg?w=530&amp;ssl=1 530w, https:\/\/i0.wp.com\/eltrabajo.cl\/portal\/wp-content\/uploads\/2016\/10\/Banda1.jpg?resize=200%2C132&amp;ssl=1 200w, https:\/\/i0.wp.com\/eltrabajo.cl\/portal\/wp-content\/uploads\/2016\/10\/Banda1.jpg?resize=300%2C198&amp;ssl=1 300w, https:\/\/i0.wp.com\/eltrabajo.cl\/portal\/wp-content\/uploads\/2016\/10\/Banda1.jpg?resize=227%2C150&amp;ssl=1 227w, https:\/\/i0.wp.com\/eltrabajo.cl\/portal\/wp-content\/uploads\/2016\/10\/Banda1.jpg?resize=400%2C264&amp;ssl=1 400w\" sizes=\"auto, (max-width: 530px) 100vw, 530px\" \/><\/a><figcaption id=\"caption-attachment-74299\" class=\"wp-caption-text\">BANDA ESCOLAR.- Los anfitriones de la jornada, mostraron la potencia de su banda escolar por las calles de su poblaci\u00f3n.<\/figcaption><\/figure>\n<figure id=\"attachment_74300\" aria-describedby=\"caption-attachment-74300\" style=\"width: 530px\" class=\"wp-caption alignleft\"><a href=\"http:\/\/www.eltrabajo.cl\/portal\/desfile-de-faroles-batucada-y-estudiantina-en-honor-al-santo-de-curimon\/batucada1\/\" rel=\"attachment wp-att-74300\"><img data-recalc-dims=\"1\" loading=\"lazy\" decoding=\"async\" class=\"size-full wp-image-74300\" src=\"https:\/\/i0.wp.com\/www.eltrabajo.cl\/portal\/wp-content\/uploads\/2016\/10\/Batucada1.jpg?resize=530%2C350\" alt=\"SIEMPRE LA MANSO DE VELASCO.- Esta grandiosa batucada de la Escuela Jos\u00e9 Manso de Velasco, es la que alegr\u00f3 las calles y cerros el lunes por la tarde\" width=\"530\" height=\"350\" srcset=\"https:\/\/i0.wp.com\/eltrabajo.cl\/portal\/wp-content\/uploads\/2016\/10\/Batucada1.jpg?w=530&amp;ssl=1 530w, https:\/\/i0.wp.com\/eltrabajo.cl\/portal\/wp-content\/uploads\/2016\/10\/Batucada1.jpg?resize=200%2C132&amp;ssl=1 200w, https:\/\/i0.wp.com\/eltrabajo.cl\/portal\/wp-content\/uploads\/2016\/10\/Batucada1.jpg?resize=300%2C198&amp;ssl=1 300w, https:\/\/i0.wp.com\/eltrabajo.cl\/portal\/wp-content\/uploads\/2016\/10\/Batucada1.jpg?resize=227%2C150&amp;ssl=1 227w, https:\/\/i0.wp.com\/eltrabajo.cl\/portal\/wp-content\/uploads\/2016\/10\/Batucada1.jpg?resize=400%2C264&amp;ssl=1 400w\" sizes=\"auto, (max-width: 530px) 100vw, 530px\" \/><\/a><figcaption id=\"caption-attachment-74300\" class=\"wp-caption-text\">SIEMPRE LA MANSO DE VELASCO.- Esta grandiosa batucada de la Escuela Jos\u00e9 Manso de Velasco, es la que alegr\u00f3 las calles y cerros el lunes por la tarde<\/figcaption><\/figure>\n<figure id=\"attachment_74301\" aria-describedby=\"caption-attachment-74301\" style=\"width: 530px\" class=\"wp-caption alignleft\"><a href=\"http:\/\/www.eltrabajo.cl\/portal\/desfile-de-faroles-batucada-y-estudiantina-en-honor-al-santo-de-curimon\/faroles1\/\" rel=\"attachment wp-att-74301\"><img data-recalc-dims=\"1\" loading=\"lazy\" decoding=\"async\" class=\"size-full wp-image-74301\" src=\"https:\/\/i0.wp.com\/www.eltrabajo.cl\/portal\/wp-content\/uploads\/2016\/10\/Faroles1.jpg?resize=530%2C350\" alt=\"GRAN FAROLADA.- As\u00ed lucieron los faroles que en manos de estos ni\u00f1os desfilaron por los cerros y calle principal de Curim\u00f3n.\" width=\"530\" height=\"350\" srcset=\"https:\/\/i0.wp.com\/eltrabajo.cl\/portal\/wp-content\/uploads\/2016\/10\/Faroles1.jpg?w=530&amp;ssl=1 530w, https:\/\/i0.wp.com\/eltrabajo.cl\/portal\/wp-content\/uploads\/2016\/10\/Faroles1.jpg?resize=200%2C132&amp;ssl=1 200w, https:\/\/i0.wp.com\/eltrabajo.cl\/portal\/wp-content\/uploads\/2016\/10\/Faroles1.jpg?resize=300%2C198&amp;ssl=1 300w, https:\/\/i0.wp.com\/eltrabajo.cl\/portal\/wp-content\/uploads\/2016\/10\/Faroles1.jpg?resize=227%2C150&amp;ssl=1 227w, https:\/\/i0.wp.com\/eltrabajo.cl\/portal\/wp-content\/uploads\/2016\/10\/Faroles1.jpg?resize=400%2C264&amp;ssl=1 400w\" sizes=\"auto, (max-width: 530px) 100vw, 530px\" \/><\/a><figcaption id=\"caption-attachment-74301\" class=\"wp-caption-text\">GRAN FAROLADA.- As\u00ed lucieron los faroles que en manos de estos ni\u00f1os desfilaron por los cerros y calle principal de Curim\u00f3n.<\/figcaption><\/figure>\n<figure id=\"attachment_74302\" aria-describedby=\"caption-attachment-74302\" style=\"width: 530px\" class=\"wp-caption alignleft\"><a href=\"http:\/\/www.eltrabajo.cl\/portal\/desfile-de-faroles-batucada-y-estudiantina-en-honor-al-santo-de-curimon\/porta-estudiantina2\/\" rel=\"attachment wp-att-74302\"><img data-recalc-dims=\"1\" loading=\"lazy\" decoding=\"async\" class=\"size-full wp-image-74302\" src=\"https:\/\/i0.wp.com\/www.eltrabajo.cl\/portal\/wp-content\/uploads\/2016\/10\/porta-Estudiantina2.jpg?resize=530%2C349\" alt=\"LA ESTUDIANTINA.- Aqu\u00ed Tenemos a la asombrosa Estudiantina que particip\u00f3 de la actividad.\" width=\"530\" height=\"349\" srcset=\"https:\/\/i0.wp.com\/eltrabajo.cl\/portal\/wp-content\/uploads\/2016\/10\/porta-Estudiantina2.jpg?w=530&amp;ssl=1 530w, https:\/\/i0.wp.com\/eltrabajo.cl\/portal\/wp-content\/uploads\/2016\/10\/porta-Estudiantina2.jpg?resize=200%2C132&amp;ssl=1 200w, https:\/\/i0.wp.com\/eltrabajo.cl\/portal\/wp-content\/uploads\/2016\/10\/porta-Estudiantina2.jpg?resize=300%2C198&amp;ssl=1 300w, https:\/\/i0.wp.com\/eltrabajo.cl\/portal\/wp-content\/uploads\/2016\/10\/porta-Estudiantina2.jpg?resize=228%2C150&amp;ssl=1 228w, https:\/\/i0.wp.com\/eltrabajo.cl\/portal\/wp-content\/uploads\/2016\/10\/porta-Estudiantina2.jpg?resize=400%2C263&amp;ssl=1 400w\" sizes=\"auto, (max-width: 530px) 100vw, 530px\" \/><\/a><figcaption id=\"caption-attachment-74302\" class=\"wp-caption-text\">LA ESTUDIANTINA.- Aqu\u00ed Tenemos a la asombrosa Estudiantina que particip\u00f3 de la actividad.<\/figcaption><\/figure>\n","protected":false},"excerpt":{"rendered":"<p>Un multitudinario desfile de faroles, en honor a San Francisco de As\u00eds es el que este lunes se realiz\u00f3 al filo de las 19:00 horas en Curim\u00f3n, la actividad estuvo organizada, por&#8230;<\/p>\n","protected":false},"author":1,"featured_media":74302,"comment_status":"open","ping_status":"open","sticky":false,"template":"","format":"standard","meta":{"advanced_seo_description":"","jetpack_seo_html_title":"","jetpack_seo_noindex":false,"_jetpack_memberships_contains_paid_content":false,"footnotes":""},"categories":[15],"tags":[],"class_list":["post-74298","post","type-post","status-publish","format-standard","has-post-thumbnail","hentry","category-comunidad"],"jetpack_featured_media_url":"https:\/\/i0.wp.com\/eltrabajo.cl\/portal\/wp-content\/uploads\/2016\/10\/porta-Estudiantina2.jpg?fit=530%2C349&ssl=1","jetpack_sharing_enabled":true,"jetpack_likes_enabled":true,"jetpack-related-posts":[],"_links":{"self":[{"href":"https:\/\/eltrabajo.cl\/portal\/wp-json\/wp\/v2\/posts\/74298","targetHints":{"allow":["GET"]}}],"collection":[{"href":"https:\/\/eltrabajo.cl\/portal\/wp-json\/wp\/v2\/posts"}],"about":[{"href":"https:\/\/eltrabajo.cl\/portal\/wp-json\/wp\/v2\/types\/post"}],"author":[{"embeddable":true,"href":"https:\/\/eltrabajo.cl\/portal\/wp-json\/wp\/v2\/users\/1"}],"replies":[{"embeddable":true,"href":"https:\/\/eltrabajo.cl\/portal\/wp-json\/wp\/v2\/comments?post=74298"}],"version-history":[{"count":0,"href":"https:\/\/eltrabajo.cl\/portal\/wp-json\/wp\/v2\/posts\/74298\/revisions"}],"wp:featuredmedia":[{"embeddable":true,"href":"https:\/\/eltrabajo.cl\/portal\/wp-json\/wp\/v2\/media\/74302"}],"wp:attachment":[{"href":"https:\/\/eltrabajo.cl\/portal\/wp-json\/wp\/v2\/media?parent=74298"}],"wp:term":[{"taxonomy":"category","embeddable":true,"href":"https:\/\/eltrabajo.cl\/portal\/wp-json\/wp\/v2\/categories?post=74298"},{"taxonomy":"post_tag","embeddable":true,"href":"https:\/\/eltrabajo.cl\/portal\/wp-json\/wp\/v2\/tags?post=74298"}],"curies":[{"name":"wp","href":"https:\/\/api.w.org\/{rel}","templated":true}]}}