{"id":74309,"date":"2016-10-05T09:09:57","date_gmt":"2016-10-05T12:09:57","guid":{"rendered":"http:\/\/www.eltrabajo.cl\/portal\/?p=74309"},"modified":"2016-10-05T09:09:57","modified_gmt":"2016-10-05T12:09:57","slug":"acusan-al-alcalde-de-rinconada-de-no-acatar-diligencias-ordenadas-por-el-ter","status":"publish","type":"post","link":"https:\/\/eltrabajo.cl\/portal\/acusan-al-alcalde-de-rinconada-de-no-acatar-diligencias-ordenadas-por-el-ter\/","title":{"rendered":"Acusan al Alcalde de Rinconada de no acatar diligencias ordenadas por el TER"},"content":{"rendered":"<p>Una nueva acusaci\u00f3n contra el Alcalde de Rinconada, Pedro Caballer\u00eda, formul\u00f3 el Concejal David Bustos, quien cuestion\u00f3 p\u00fablicamente al edil por no entregar los antecedentes solicitados en forma reiterada por el Tribunal Electoral Regional (TER), en la causa que lleva esa entidad contra \u00e9l a ra\u00edz de la denuncia formulada por dos tercios de los concejales y que busca su destituci\u00f3n por notable abandono de deberes.<br \/>\nAs\u00ed lo manifest\u00f3 el propio Bustos, quien se\u00f1al\u00f3 que Caballer\u00eda ha eludido durante seis meses los requerimientos del TER sobre informaci\u00f3n financiera municipal como decretos de pago, contratos y programas financiados con recursos de la Ley de Casino, entregando solo una peque\u00f1a parte de los antecedentes solicitados.<br \/>\nEl lunes 7 de diciembre de 2015, los concejales de Rinconada: Miguel Vargas, Humberto Ramiro Fern\u00e1ndez, Rodolfo Figueroa Valle y David Bustos, denunciaron al TER al Alcalde Pedro Caballer\u00eda D\u00edaz, por cinco puntos que, seg\u00fan los denunciantes, comprenden \u00abfaltas graves a la probidad y un notable abandono de deberes por parte del edil rinconadino\u00bb.<\/p>\n<figure id=\"attachment_74310\" aria-describedby=\"caption-attachment-74310\" style=\"width: 530px\" class=\"wp-caption alignleft\"><a href=\"http:\/\/www.eltrabajo.cl\/portal\/acusan-al-alcalde-de-rinconada-de-no-acatar-diligencias-ordenadas-por-el-ter\/municipalidad-rinconada\/\" rel=\"attachment wp-att-74310\"><img data-recalc-dims=\"1\" loading=\"lazy\" decoding=\"async\" class=\"size-full wp-image-74310\" src=\"https:\/\/i0.wp.com\/www.eltrabajo.cl\/portal\/wp-content\/uploads\/2016\/10\/municipalidad-rinconada.jpg?resize=530%2C348\" alt=\"La Municipalidad de Rinconada contin\u00faa con problemas al interior del Concejo Municipal.\" width=\"530\" height=\"348\" srcset=\"https:\/\/i0.wp.com\/eltrabajo.cl\/portal\/wp-content\/uploads\/2016\/10\/municipalidad-rinconada.jpg?w=530&amp;ssl=1 530w, https:\/\/i0.wp.com\/eltrabajo.cl\/portal\/wp-content\/uploads\/2016\/10\/municipalidad-rinconada.jpg?resize=200%2C131&amp;ssl=1 200w, https:\/\/i0.wp.com\/eltrabajo.cl\/portal\/wp-content\/uploads\/2016\/10\/municipalidad-rinconada.jpg?resize=300%2C197&amp;ssl=1 300w, https:\/\/i0.wp.com\/eltrabajo.cl\/portal\/wp-content\/uploads\/2016\/10\/municipalidad-rinconada.jpg?resize=228%2C150&amp;ssl=1 228w, https:\/\/i0.wp.com\/eltrabajo.cl\/portal\/wp-content\/uploads\/2016\/10\/municipalidad-rinconada.jpg?resize=400%2C263&amp;ssl=1 400w\" sizes=\"auto, (max-width: 530px) 100vw, 530px\" \/><\/a><figcaption id=\"caption-attachment-74310\" class=\"wp-caption-text\">La Municipalidad de Rinconada contin\u00faa con problemas al interior del Concejo Municipal.<\/figcaption><\/figure>\n","protected":false},"excerpt":{"rendered":"<p>Una nueva acusaci\u00f3n contra el Alcalde de Rinconada, Pedro Caballer\u00eda, formul\u00f3 el Concejal David Bustos, quien cuestion\u00f3 p\u00fablicamente al edil por no entregar los antecedentes solicitados en forma reiterada por el Tribunal&#8230;<\/p>\n","protected":false},"author":1,"featured_media":74310,"comment_status":"open","ping_status":"open","sticky":false,"template":"","format":"standard","meta":{"advanced_seo_description":"","jetpack_seo_html_title":"","jetpack_seo_noindex":false,"_jetpack_memberships_contains_paid_content":false,"footnotes":""},"categories":[1],"tags":[],"class_list":["post-74309","post","type-post","status-publish","format-standard","has-post-thumbnail","hentry","category-cronica"],"jetpack_featured_media_url":"https:\/\/i0.wp.com\/eltrabajo.cl\/portal\/wp-content\/uploads\/2016\/10\/municipalidad-rinconada.jpg?fit=530%2C348&ssl=1","jetpack_sharing_enabled":true,"jetpack_likes_enabled":true,"jetpack-related-posts":[],"_links":{"self":[{"href":"https:\/\/eltrabajo.cl\/portal\/wp-json\/wp\/v2\/posts\/74309","targetHints":{"allow":["GET"]}}],"collection":[{"href":"https:\/\/eltrabajo.cl\/portal\/wp-json\/wp\/v2\/posts"}],"about":[{"href":"https:\/\/eltrabajo.cl\/portal\/wp-json\/wp\/v2\/types\/post"}],"author":[{"embeddable":true,"href":"https:\/\/eltrabajo.cl\/portal\/wp-json\/wp\/v2\/users\/1"}],"replies":[{"embeddable":true,"href":"https:\/\/eltrabajo.cl\/portal\/wp-json\/wp\/v2\/comments?post=74309"}],"version-history":[{"count":0,"href":"https:\/\/eltrabajo.cl\/portal\/wp-json\/wp\/v2\/posts\/74309\/revisions"}],"wp:featuredmedia":[{"embeddable":true,"href":"https:\/\/eltrabajo.cl\/portal\/wp-json\/wp\/v2\/media\/74310"}],"wp:attachment":[{"href":"https:\/\/eltrabajo.cl\/portal\/wp-json\/wp\/v2\/media?parent=74309"}],"wp:term":[{"taxonomy":"category","embeddable":true,"href":"https:\/\/eltrabajo.cl\/portal\/wp-json\/wp\/v2\/categories?post=74309"},{"taxonomy":"post_tag","embeddable":true,"href":"https:\/\/eltrabajo.cl\/portal\/wp-json\/wp\/v2\/tags?post=74309"}],"curies":[{"name":"wp","href":"https:\/\/api.w.org\/{rel}","templated":true}]}}