{"id":74313,"date":"2016-10-05T09:12:05","date_gmt":"2016-10-05T12:12:05","guid":{"rendered":"http:\/\/www.eltrabajo.cl\/portal\/?p=74313"},"modified":"2016-10-05T09:12:06","modified_gmt":"2016-10-05T12:12:06","slug":"fenats-aconcagua-funa-a-directora-del-servicio-de-salud-por-no-recibirlos","status":"publish","type":"post","link":"https:\/\/eltrabajo.cl\/portal\/fenats-aconcagua-funa-a-directora-del-servicio-de-salud-por-no-recibirlos\/","title":{"rendered":"Fenats Aconcagua \u2018funa\u2019 a directora del Servicio de Salud por no recibirlos"},"content":{"rendered":"<ul>\n<li><strong><span style=\"color: #ff0000;\">Gremio acusa a la autoridad de incumplir ley 19.296:<\/span>\u00a0Dirigentes advierten que continuar\u00e1n con estas acciones, hasta que se materialicen las reuniones bilaterales propuestas en protocolo de acuerdo firmado en julio pasado.<\/strong><\/li>\n<\/ul>\n<p>En el Hospital San Francisco de Llay Llay, representantes de la Federaci\u00f3n de Trabajadores de la Salud, Fenats Aconcagua, realizaron una \u2018funa\u2019 en contra de la directora del Servicio de Salud, SSA, Dra. Vilma Olave, a quien acusan de intransigencia y de incumplimiento de la legislaci\u00f3n vigente, al no querer sentarse a trabajar en torno a los requerimientos del gremio.<br \/>\nDe acuerdo a lo informado por la presidenta de Fenats Aconcagua, Casandra Gonz\u00e1lez, dentro del protocolo de acuerdo firmado entre ambas partes durante el mes de julio, estaba estipulado un calendario de reuniones bilaterales propuesto por la misma Dra. Olave, a trav\u00e9s del cual se buscaba tener un di\u00e1logo honesto y fruct\u00edfero entre los representantes de los trabajadores y la misma autoridad.<br \/>\nSin embargo, la decisi\u00f3n gremial de comenzar a \u2018funar\u2019 a la directora del SSA, se tom\u00f3 luego que el pasado lunes, Olave no asistiera a una de las reuniones programadas en aquella calendarizaci\u00f3n. \u201cLlegamos 18 dirigentes a esta reuni\u00f3n a las 14:30 horas y la directora mand\u00f3 a un equipo de relaciones laborales a entenderse con nosotros y tambi\u00e9n ellos nos manifiestan que ella no tendr\u00e1 reuniones con los gremios\u201d, cont\u00f3 Gonz\u00e1lez.<br \/>\n\u201cNosotros nos negamos a tener esta reuni\u00f3n y expusimos todas nuestras ideas y condenamos firmemente y repudiamos la actitud de la directora. Para nosotros es una actitud cobarde el no querer sentarse con los dirigentes sindicales, m\u00e1s a\u00fan que est\u00e1 incumpliendo la ley, el art\u00edculo 25 de la ley 19.296, donde dice que las autoridades deben recibir a los dirigentes gremiales de los y las trabajadoras\u201d, expuso la gremialista.<br \/>\nRespecto a si con este tipo de acciones, Fenats Aconcagua busca la renuncia de Olave, Gonz\u00e1lez respondi\u00f3 que \u201cella no cumple las condiciones si no quiere sentarse con los representantes de los trabajadores a negociar y cada vez, en cada lugar y espacio p\u00fablico donde ella est\u00e9, se lo vamos a hacer sentir, hasta que ella se siente a trabajar, pero con una actitud de querer avanzar y escucharnos, no simplemente para bajar los conflictos, se vea en la obligaci\u00f3n de querer atendernos\u201d, sostuvo.<br \/>\nSeg\u00fan Gonz\u00e1lez, el gremio de trabajadores de la salud lleva m\u00e1s de un a\u00f1o y medio esperando un cambio de actitud para poder reactivar el di\u00e1logo, hecho que finalmente no dio los resultados esperados.<br \/>\n\u201cHay actas que muestran que s\u00f3lo fueron reuniones espor\u00e1dicas, en las que no se cumpli\u00f3 este acuerdo (\u2026) nosotros queremos hacer sentir nuestro enojo y expres\u00e1rselo directamente a ella, cuando ella no quiere reunirse con nosotros, nos cierra los espacios para expresar esto mismo abiertamente, por lo que, si no tenemos los espacios, vamos a tener que buscarlo para poder expresar nuestra molestia y que ella cumpla con la ley\u201d, concluy\u00f3 la presidenta de Fenats Aconcagua, advirtiendo a la vez que estas \u2018funas\u2019 se repetir\u00e1n en cada una de las actividades que desarrolle la m\u00e1xima autoridad del SSA.<br \/>\nDiario El Trabajo se comunic\u00f3 con el Departamento de Relaciones P\u00fablicas del SSA, para conocer la posici\u00f3n de la Dra. Vilma Olave, sin embargo al cierre de esta edici\u00f3n, no hubo respuesta por parte de la autoridad.<\/p>\n<figure id=\"attachment_74314\" aria-describedby=\"caption-attachment-74314\" style=\"width: 530px\" class=\"wp-caption alignleft\"><a href=\"http:\/\/www.eltrabajo.cl\/portal\/fenats-aconcagua-funa-a-directora-del-servicio-de-salud-por-no-recibirlos\/fenats-aconcagua-realizo-funa\/\" rel=\"attachment wp-att-74314\"><img data-recalc-dims=\"1\" loading=\"lazy\" decoding=\"async\" class=\"size-full wp-image-74314\" src=\"https:\/\/i0.wp.com\/www.eltrabajo.cl\/portal\/wp-content\/uploads\/2016\/10\/Fenats-Aconcagua-realiz%C3%B3-funa.jpg?resize=530%2C349\" alt=\"Fenats Aconcagua realiz\u00f3 \u2018funa\u2019 a directora del Servicio de Salud Aconcagua, Dra. Vilma Olave.\" width=\"530\" height=\"349\" srcset=\"https:\/\/i0.wp.com\/eltrabajo.cl\/portal\/wp-content\/uploads\/2016\/10\/Fenats-Aconcagua-realiz%C3%B3-funa.jpg?w=530&amp;ssl=1 530w, https:\/\/i0.wp.com\/eltrabajo.cl\/portal\/wp-content\/uploads\/2016\/10\/Fenats-Aconcagua-realiz%C3%B3-funa.jpg?resize=200%2C132&amp;ssl=1 200w, https:\/\/i0.wp.com\/eltrabajo.cl\/portal\/wp-content\/uploads\/2016\/10\/Fenats-Aconcagua-realiz%C3%B3-funa.jpg?resize=300%2C198&amp;ssl=1 300w, https:\/\/i0.wp.com\/eltrabajo.cl\/portal\/wp-content\/uploads\/2016\/10\/Fenats-Aconcagua-realiz%C3%B3-funa.jpg?resize=228%2C150&amp;ssl=1 228w, https:\/\/i0.wp.com\/eltrabajo.cl\/portal\/wp-content\/uploads\/2016\/10\/Fenats-Aconcagua-realiz%C3%B3-funa.jpg?resize=400%2C263&amp;ssl=1 400w\" sizes=\"auto, (max-width: 530px) 100vw, 530px\" \/><\/a><figcaption id=\"caption-attachment-74314\" class=\"wp-caption-text\">Fenats Aconcagua realiz\u00f3 \u2018funa\u2019 a directora del Servicio de Salud Aconcagua, Dra. Vilma Olave.<\/figcaption><\/figure>\n","protected":false},"excerpt":{"rendered":"<p>Gremio acusa a la autoridad de incumplir ley 19.296:\u00a0Dirigentes advierten que continuar\u00e1n con estas acciones, hasta que se materialicen las reuniones bilaterales propuestas en protocolo de acuerdo firmado en julio pasado. En&#8230;<\/p>\n","protected":false},"author":1,"featured_media":74314,"comment_status":"open","ping_status":"open","sticky":false,"template":"","format":"standard","meta":{"advanced_seo_description":"","jetpack_seo_html_title":"","jetpack_seo_noindex":false,"_jetpack_memberships_contains_paid_content":false,"footnotes":""},"categories":[1],"tags":[],"class_list":["post-74313","post","type-post","status-publish","format-standard","has-post-thumbnail","hentry","category-cronica"],"jetpack_featured_media_url":"https:\/\/i0.wp.com\/eltrabajo.cl\/portal\/wp-content\/uploads\/2016\/10\/Fenats-Aconcagua-realiz%C3%B3-funa.jpg?fit=530%2C349&ssl=1","jetpack_sharing_enabled":true,"jetpack_likes_enabled":true,"jetpack-related-posts":[],"_links":{"self":[{"href":"https:\/\/eltrabajo.cl\/portal\/wp-json\/wp\/v2\/posts\/74313","targetHints":{"allow":["GET"]}}],"collection":[{"href":"https:\/\/eltrabajo.cl\/portal\/wp-json\/wp\/v2\/posts"}],"about":[{"href":"https:\/\/eltrabajo.cl\/portal\/wp-json\/wp\/v2\/types\/post"}],"author":[{"embeddable":true,"href":"https:\/\/eltrabajo.cl\/portal\/wp-json\/wp\/v2\/users\/1"}],"replies":[{"embeddable":true,"href":"https:\/\/eltrabajo.cl\/portal\/wp-json\/wp\/v2\/comments?post=74313"}],"version-history":[{"count":0,"href":"https:\/\/eltrabajo.cl\/portal\/wp-json\/wp\/v2\/posts\/74313\/revisions"}],"wp:featuredmedia":[{"embeddable":true,"href":"https:\/\/eltrabajo.cl\/portal\/wp-json\/wp\/v2\/media\/74314"}],"wp:attachment":[{"href":"https:\/\/eltrabajo.cl\/portal\/wp-json\/wp\/v2\/media?parent=74313"}],"wp:term":[{"taxonomy":"category","embeddable":true,"href":"https:\/\/eltrabajo.cl\/portal\/wp-json\/wp\/v2\/categories?post=74313"},{"taxonomy":"post_tag","embeddable":true,"href":"https:\/\/eltrabajo.cl\/portal\/wp-json\/wp\/v2\/tags?post=74313"}],"curies":[{"name":"wp","href":"https:\/\/api.w.org\/{rel}","templated":true}]}}